{"id":492340,"date":"2025-10-27T02:58:09","date_gmt":"2025-10-27T02:58:09","guid":{"rendered":"https:\/\/www.europesays.com\/fr\/492340\/"},"modified":"2025-10-27T02:58:09","modified_gmt":"2025-10-27T02:58:09","slug":"lamine-yamal-kylian-mbappe-la-presse-espagnole-annonce-un-clash","status":"publish","type":"post","link":"https:\/\/www.europesays.com\/fr\/492340\/","title":{"rendered":"Lamine Yamal &#8211; Kylian Mbapp\u00e9 : La presse espagnole annonce un clash !"},"content":{"rendered":"<p class=\"heading\">Parmi les grands rendez-vous d\u2019une saison, le Clasico s\u2019est d\u00e9roul\u00e9 ce dimanche en Espagne, entre le Real Madrid et le FC Barcelone. Ce sont finalement Kylian Mbapp\u00e9 et ses co\u00e9quipiers sui se sont impos\u00e9s (2-1), contre les Catalans d\u2019un Lamine Yamal qui avait fait monter la pression ces derniers jours, avec des d\u00e9clarations qui n\u2019ont pas manqu\u00e9 de faire r\u00e9agir c\u00f4t\u00e9 madril\u00e8ne. <\/p>\n<p>Le premier Clasico de la saison a connu son d\u00e9nouement. On \u00e9tait remont\u00e9s \u00e0 bloc du c\u00f4t\u00e9 du <strong>FC Barcelone<\/strong>, pour essayer de reprendre la t\u00eate de <strong>LaLiga <\/strong>devant le <strong>Real Madrid<\/strong>. Mais rien n\u2019est all\u00e9 comme pr\u00e9vu, puisque<strong> Kylian Mbapp\u00e9<\/strong> et <strong>Jude Bellingham <\/strong>ont tu\u00e9 tout suspense. <\/p>\n<p>                                            Le Real Madrid fait taire le Bar\u00e7a <\/p>\n<p>Il y avait de la joie du c\u00f4t\u00e9 des Merengue apr\u00e8s cette victoire importante, qui permet \u00e0 l\u2019\u00e9quipe de prendre le large au classement. Mais c\u2019\u00e9tait surtout une r\u00e9ponse forte apr\u00e8s les propos de <strong>Lamine Yamal<\/strong> plus t\u00f4t cette semaine, qui ont d\u00e9clench\u00e9 d\u2019\u00e9normes d\u00e9bats de l\u2019autre c\u00f4t\u00e9 des Pyr\u00e9n\u00e9es. <\/p>\n<p>                                            \u00ab La tension dans le match a \u00e9t\u00e9 g\u00e9n\u00e9r\u00e9e par les d\u00e9clarations de Lamine Yamal \u00bb <\/p>\n<p>Via son compte X, <strong>Jos\u00e9 Luis Sanchez<\/strong> n\u2019a pas manqu\u00e9 de reprendre de vol\u00e9e la star du <strong>FC Barcelone<\/strong>. \u00ab La tension dans le match a \u00e9t\u00e9 g\u00e9n\u00e9r\u00e9e par les d\u00e9clarations de Lamine Yamal \u00bb a expliqu\u00e9 le journaliste de La Sexta, avant d\u2019ajouter : \u00ab Kylian Mbapp\u00e9 parle seulement sur le terrain \u00bb.  <\/p>\n","protected":false},"excerpt":{"rendered":"Parmi les grands rendez-vous d\u2019une saison, le Clasico s\u2019est d\u00e9roul\u00e9 ce dimanche en Espagne, entre le Real Madrid&hellip;\n","protected":false},"author":2,"featured_media":492341,"comment_status":"","ping_status":"","sticky":false,"template":"","format":"standard","meta":{"footnotes":""},"categories":[1410],"tags":[63,1011,27,60],"class_list":{"0":"post-492340","1":"post","2":"type-post","3":"status-publish","4":"format-standard","5":"has-post-thumbnail","7":"category-football","8":"tag-football","9":"tag-fr","10":"tag-france","11":"tag-sports"},"share_on_mastodon":{"url":"https:\/\/pubeurope.com\/@fr\/115443892742545643","error":""},"_links":{"self":[{"href":"https:\/\/www.europesays.com\/fr\/wp-json\/wp\/v2\/posts\/492340","targetHints":{"allow":["GET"]}}],"collection":[{"href":"https:\/\/www.europesays.com\/fr\/wp-json\/wp\/v2\/posts"}],"about":[{"href":"https:\/\/www.europesays.com\/fr\/wp-json\/wp\/v2\/types\/post"}],"author":[{"embeddable":true,"href":"https:\/\/www.europesays.com\/fr\/wp-json\/wp\/v2\/users\/2"}],"replies":[{"embeddable":true,"href":"https:\/\/www.europesays.com\/fr\/wp-json\/wp\/v2\/comments?post=492340"}],"version-history":[{"count":0,"href":"https:\/\/www.europesays.com\/fr\/wp-json\/wp\/v2\/posts\/492340\/revisions"}],"wp:featuredmedia":[{"embeddable":true,"href":"https:\/\/www.europesays.com\/fr\/wp-json\/wp\/v2\/media\/492341"}],"wp:attachment":[{"href":"https:\/\/www.europesays.com\/fr\/wp-json\/wp\/v2\/media?parent=492340"}],"wp:term":[{"taxonomy":"category","embeddable":true,"href":"https:\/\/www.europesays.com\/fr\/wp-json\/wp\/v2\/categories?post=492340"},{"taxonomy":"post_tag","embeddable":true,"href":"https:\/\/www.europesays.com\/fr\/wp-json\/wp\/v2\/tags?post=492340"}],"curies":[{"name":"wp","href":"https:\/\/api.w.org\/{rel}","templated":true}]}}