{"id":492349,"date":"2025-10-27T03:06:04","date_gmt":"2025-10-27T03:06:04","guid":{"rendered":"https:\/\/www.europesays.com\/fr\/492349\/"},"modified":"2025-10-27T03:06:04","modified_gmt":"2025-10-27T03:06:04","slug":"mazamet-avis-aux-amateurs-de-cinema","status":"publish","type":"post","link":"https:\/\/www.europesays.com\/fr\/492349\/","title":{"rendered":"Mazamet. Avis aux amateurs de cin\u00e9ma"},"content":{"rendered":"<p>Le cin\u00e9ma Apollo organise une premi\u00e8re r\u00e9union pour poser les bases d\u2019une association de cin\u00e9philes sur le bassin mazam\u00e9tain et elle est ouvert \u00e0 tous et \u00e0 toutes le jeudi 30 octobre 2025 au cin\u00e9ma Apollo \u00e0 partir de 18h30.<\/p>\n<p>Au programme, une pr\u00e9sentation des statuts de l\u2019association. Le vote pour \u00e9lire le bureau. Une discussion sur les animations \u00e0 venir, les envies de chacun et les fa\u00e7ons d\u2019organiser la vie de l\u2019association. <\/p>\n<p>Et surtout faire connaissance, puisque l\u2019ambition de l\u2019association est de cr\u00e9er un espace convivial et passionn\u00e9 autour du 7\u00e8me art.<\/p>\n<p>Un appel est lanc\u00e9 aux adolescents (leur regard, leur id\u00e9e, leur sensibilit\u00e9) sont essentielles pour enrichir leur vision du cin\u00e9ma d\u2019aujourd\u2019hui et de demain.<\/p>\n<p>Si vous aimez discuter films, partager vos coups de c\u0153ur, d\u00e9couvrir d\u2019autres univers ou organiser des projections, cette aventure est faite pour vous !<\/p>\n<p>Page Facebook : cin\u00e9ma Apollo<\/p>\n","protected":false},"excerpt":{"rendered":"Le cin\u00e9ma Apollo organise une premi\u00e8re r\u00e9union pour poser les bases d\u2019une association de cin\u00e9philes sur le bassin&hellip;\n","protected":false},"author":2,"featured_media":492350,"comment_status":"","ping_status":"","sticky":false,"template":"","format":"standard","meta":{"footnotes":""},"categories":[1354],"tags":[58,59,1346,1011,27,1360],"class_list":{"0":"post-492349","1":"post","2":"type-post","3":"status-publish","4":"format-standard","5":"has-post-thumbnail","7":"category-films","8":"tag-divertissement","9":"tag-entertainment","10":"tag-films","11":"tag-fr","12":"tag-france","13":"tag-movies"},"share_on_mastodon":{"url":"https:\/\/pubeurope.com\/@fr\/115443923852212775","error":""},"_links":{"self":[{"href":"https:\/\/www.europesays.com\/fr\/wp-json\/wp\/v2\/posts\/492349","targetHints":{"allow":["GET"]}}],"collection":[{"href":"https:\/\/www.europesays.com\/fr\/wp-json\/wp\/v2\/posts"}],"about":[{"href":"https:\/\/www.europesays.com\/fr\/wp-json\/wp\/v2\/types\/post"}],"author":[{"embeddable":true,"href":"https:\/\/www.europesays.com\/fr\/wp-json\/wp\/v2\/users\/2"}],"replies":[{"embeddable":true,"href":"https:\/\/www.europesays.com\/fr\/wp-json\/wp\/v2\/comments?post=492349"}],"version-history":[{"count":0,"href":"https:\/\/www.europesays.com\/fr\/wp-json\/wp\/v2\/posts\/492349\/revisions"}],"wp:featuredmedia":[{"embeddable":true,"href":"https:\/\/www.europesays.com\/fr\/wp-json\/wp\/v2\/media\/492350"}],"wp:attachment":[{"href":"https:\/\/www.europesays.com\/fr\/wp-json\/wp\/v2\/media?parent=492349"}],"wp:term":[{"taxonomy":"category","embeddable":true,"href":"https:\/\/www.europesays.com\/fr\/wp-json\/wp\/v2\/categories?post=492349"},{"taxonomy":"post_tag","embeddable":true,"href":"https:\/\/www.europesays.com\/fr\/wp-json\/wp\/v2\/tags?post=492349"}],"curies":[{"name":"wp","href":"https:\/\/api.w.org\/{rel}","templated":true}]}}