{"id":492355,"date":"2025-10-27T03:10:25","date_gmt":"2025-10-27T03:10:25","guid":{"rendered":"https:\/\/www.europesays.com\/fr\/492355\/"},"modified":"2025-10-27T03:10:25","modified_gmt":"2025-10-27T03:10:25","slug":"test-xiaomi-redmi-pad-2-pro-notre-avis-complet-tablettes-tactiles","status":"publish","type":"post","link":"https:\/\/www.europesays.com\/fr\/492355\/","title":{"rendered":"Test Xiaomi Redmi Pad 2 Pro : notre avis complet &#8211; Tablettes tactiles"},"content":{"rendered":"<p>Rapidement, la Xiaomi Redmi Pad 2 Pro ne rompt pas avec la pr\u00e9c\u00e9dente version. Au point qu\u2019il faille presque jouer au jeu des sept diff\u00e9rences pour savoir si l\u2019on change de mod\u00e8les ou non. L\u2019\u00e9cran de la <a href=\"https:\/\/www.frandroid.com\/guide-dachat\/guide-tablettes\/320702_guide-dachat-tablette-choisir-noel\" target=\"_blank\" rel=\"noopener\">tablette<\/a> reste sensiblement similaire sur la fiche technique. On passe d\u2019un Snapdragon\u00a07s Gen 2 \u00e0 Gen 4, et la batterie saute de 10 000 mAh \u00e0 12 000 mAh, et ce sont les rares diff\u00e9rences notables. Sur ce genre de produit plus accessible, cela reste logique, mais la nouvelle g\u00e9n\u00e9ration s\u2019acquiert pour 20\u00a0\u20ac de plus, est-ce que les nouveaut\u00e9s le justifient ?<\/p>\n<p class=\"shortcode-container see-more\">\n    Pour aller plus loin<br \/><a href=\"https:\/\/www.frandroid.com\/guide-dachat\/guide-tablettes\/1311703_quelles-sont-les-meilleures-tablettes-pas-cheres\" target=\"_blank\" rel=\"noopener\">Quelles sont les meilleures tablettes tactiles pas ch\u00e8res en 2025 ?<\/a>\n            <\/p>\n<p>&#13;<\/p>\n<p>Xiaomi Redmi Pad 2 ProFiche technique<\/p>\n<tr>\n        Mod\u00e8le<br \/>\n                <a href=\"https:\/\/www.frandroid.com\/produits\/tablettes-tactiles\/xiaomi\/2807435-xiaomi-redmi-pad-2-pro\" target=\"_blank\" rel=\"noopener\">Xiaomi Redmi Pad 2 Pro<\/a><br \/>\n            <\/tr>\n<tr>\n<td>Dimensions<\/td>\n<td data-product=\"Xiaomi Redmi Pad 2 Pro\">\n                                    18,17 cm x 279,8 mm                            <\/td>\n<\/tr>\n<tr>\n<td>Taille de l\u2019\u00e9cran<\/td>\n<td data-product=\"Xiaomi Redmi Pad 2 Pro\">\n                                    12,1 pouces                            <\/td>\n<\/tr>\n<tr>\n<td>D\u00e9finition<\/td>\n<td data-product=\"Xiaomi Redmi Pad 2 Pro\">\n                                    2560 x 1600 pixels                            <\/td>\n<\/tr>\n<tr>\n<td>Densit\u00e9 de pixels<\/td>\n<td data-product=\"Xiaomi Redmi Pad 2 Pro\">\n                                    249 ppp                            <\/td>\n<\/tr>\n<tr>\n<td>Technologie de l\u2019\u00e9cran<\/td>\n<td data-product=\"Xiaomi Redmi Pad 2 Pro\">\n                                    LCD                            <\/td>\n<\/tr>\n<tr>\n<td>Mod\u00e8le du processeur<\/td>\n<td data-product=\"Xiaomi Redmi Pad 2 Pro\">\n                                    Snapdragon 7s Gen 4                            <\/td>\n<\/tr>\n<tr>\n<td>M\u00e9moire vive (RAM)<\/td>\n<td data-product=\"Xiaomi Redmi Pad 2 Pro\">\n                                    6, 8 Go                            <\/td>\n<\/tr>\n<tr>\n<td>M\u00e9moire interne<\/td>\n<td data-product=\"Xiaomi Redmi Pad 2 Pro\">\n                                    128, 256 Go                            <\/td>\n<\/tr>\n<tr>\n<td>Appareil photo (dorsal)<\/td>\n<td data-product=\"Xiaomi Redmi Pad 2 Pro\">\n                                    13 Mp                            <\/td>\n<\/tr>\n<tr>\n<td>Appareil photo (frontal)<\/td>\n<td data-product=\"Xiaomi Redmi Pad 2 Pro\">\n                                    8 Mp                            <\/td>\n<\/tr>\n<tr>\n<td>Wifi<\/td>\n<td data-product=\"Xiaomi Redmi Pad 2 Pro\">\n                                    Wi-Fi 6 (ax)                            <\/td>\n<\/tr>\n<tr>\n<td>Bluetooth<\/td>\n<td data-product=\"Xiaomi Redmi Pad 2 Pro\">\n                                    5.4                            <\/td>\n<\/tr>\n<tr>\n<td>NFC<\/td>\n<td data-product=\"Xiaomi Redmi Pad 2 Pro\">\n                                    Non                            <\/td>\n<\/tr>\n<tr>\n<td>\u00c9tanche<\/td>\n<td data-product=\"Xiaomi Redmi Pad 2 Pro\">\n                                    Non                            <\/td>\n<\/tr>\n<tr>\n<td>Poids<\/td>\n<td data-product=\"Xiaomi Redmi Pad 2 Pro\">\n                                    600 grammes                            <\/td>\n<\/tr>\n<tr>\n<td>Couleurs<\/td>\n<td data-product=\"Xiaomi Redmi Pad 2 Pro\">\n                                    Argent, Gris                            <\/td>\n<\/tr>\n<tr>\n<td class=\"lead-link-wrapper\">\n                                                                <\/td>\n<td data-product=\"Xiaomi Redmi Pad 2 Pro\">\n                                <a class=\"button fr-button fr-button--pink fr-button--fullwidth has-text-centered\" href=\"https:\/\/www.frandroid.com\/produits\/tablettes-tactiles\/xiaomi\/2807435-xiaomi-redmi-pad-2-pro\" target=\"_blank\" rel=\"noopener\">Fiche produit<\/a>\n                            <\/td>\n<\/tr>\n<p>&#13;<\/p>\n<p>Xiaomi Redmi Pad 2 ProUn design sobre mais efficace<\/p>\n<p>Il est vrai que les constructeurs sont plus enclins \u00e0 \u00eatre fantasques sur le design pour des produits abordables. Honor, Xiaomi et d\u2019autres le font. Toutefois l\u00e0, ce n\u2019est clairement pas le cas, un design classique a \u00e9t\u00e9 pr\u00e9f\u00e9r\u00e9.<\/p>\n<p>La tablette est grise dans notre cas. Les coloris argent et violet existent \u00e9galement. Cette couleur grise n\u2019est pas d\u00e9plaisante visuellement, au contraire, elle donne un aspect premium.<\/p>\n<p><a href=\"https:\/\/images.frandroid.com\/wp-content\/uploads\/2025\/10\/xiaomi-redmi-pad-2-pro-design.jpg\" target=\"_blank\" class=\"article-content__figure\" rel=\"noopener\"><img fetchpriority=\"high\" loading=\"eager\" decoding=\"async\" width=\"1200\" height=\"676\" src=\"https:\/\/www.europesays.com\/fr\/wp-content\/uploads\/2025\/10\/xiaomi-redmi-pad-2-pro-design-1200x676.jpg\" alt=\"\" class=\"wp-image-2837203 wp-image\"  \/><\/a>L\u2019\u00e9paisseur de la Xiaomi Redmi Pad 2 Pro \/\/ Source : Maximilien Herr<\/p>\n<p>Pour la face arri\u00e8re, on retrouve la mention de la marque, Redmi, en haut \u00e0 gauche, et deux emplacements de capteurs photo en haut \u00e0 droite. Ils cachent un capteur photo grand-angle principal, et un flash. Pas de t\u00e9l\u00e9objectif ou d\u2019ultra grand-angle, ce sera du x1 et du zoom num\u00e9rique uniquement. On y reviendra plus tard dans la section d\u00e9di\u00e9e. Pour le reste, rien de plus \u00e0 dire sur la face arri\u00e8re, il n\u2019y a pas d\u2019emplacement pour un stylet ou quoi que ce soit du genre.<\/p>\n<p>Les tranches de la tablette sont plates, comme sur tous les appareils de ces derni\u00e8res ann\u00e9es. Cela en devient presque lassant et r\u00e9p\u00e9titif, mais c\u2019est le march\u00e9. Sur ces tranches, 4 haut-parleurs sont install\u00e9s, puissants et corrects pour le prix sans non plus \u00eatre une r\u00e9v\u00e9lation. Enfin, la face avant contient donc cet \u00e9cran de 12,1 pouces. Celui-ci est bien proportionn\u00e9, avec des bordures raisonnables et agr\u00e9ables pour une prise en main correcte. C\u2019est vraiment tr\u00e8s \u00e9l\u00e9mentaire, mais classe dans l\u2019ensemble. Simple mais efficace en somme !<\/p>\n<p><a href=\"https:\/\/images.frandroid.com\/wp-content\/uploads\/2025\/10\/xiaomi-redmi-pad-2-pro-epaisseur.jpg\" target=\"_blank\" class=\"article-content__figure\" rel=\"noopener\"><img loading=\"lazy\" decoding=\"async\" width=\"1200\" height=\"676\" src=\"https:\/\/www.europesays.com\/fr\/wp-content\/uploads\/2025\/10\/xiaomi-redmi-pad-2-pro-epaisseur-1200x676.jpg\" alt=\"\" class=\"wp-image-2837207 wp-image\"  \/><\/a>Les hauts-parleur de la Xiaomi Redmi Pad 2 Pro \/\/ Source : Maximilien Herr<\/p>\n<p>&#13;<\/p>\n<p>Xiaomi Redmi Pad 2 ProUn \u00e9cran correct, mais peut mieux faire<\/p>\n<p>La Xiaomi Redmi Pad 2 pro n\u2019est pas un produit ultra haut de gamme. Il ne faut pas s\u2019attendre \u00e0 avoir un \u00e9cran digne d\u2019un t\u00e9l\u00e9viseur OLED de derni\u00e8re g\u00e9n\u00e9ration. Rapidement pour les specs, on retrouve un \u00e9cran de 12,1 pouces en 2560 x 1600 pixels. <\/p>\n<p>Le taux de rafra\u00eechissement monte \u00e0 120 Hz, avec un taux d\u2019\u00e9chantillonnage tactile de 360 Hz. \u00c7a c\u2019est sur le papier, et Xiaomi annonce certaines valeurs que l\u2019on a mesur\u00e9es. Le pic de luminosit\u00e9 serait de 500 \u00e0 600 nits selon le mode activ\u00e9.<\/p>\n<p><a href=\"https:\/\/images.frandroid.com\/wp-content\/uploads\/2025\/10\/xiaomi-redmi-pad-2-pro-ecran.jpg\" target=\"_blank\" class=\"article-content__figure\" rel=\"noopener\"><img loading=\"lazy\" decoding=\"async\" width=\"1200\" height=\"676\" src=\"https:\/\/www.europesays.com\/fr\/wp-content\/uploads\/2025\/10\/xiaomi-redmi-pad-2-pro-ecran-1200x676.jpg\" alt=\"\" class=\"wp-image-2837205 wp-image\"  \/><\/a>L\u2019\u00e9cran de la Xiaomi Redmi Pad 2 Pro \/\/ Source : Maximilien Herr<\/p>\n<p>Avant de passer aux mesures techniques, \u00e0 l\u2019usage, l\u2019\u00e9cran est appr\u00e9ciable, m\u00eame si l\u2019on distingue quelques d\u00e9fauts selon les usages, confirm\u00e9s par les mesures. Ce sont certaines couleurs peu fid\u00e8les, un contraste faible, ou encore ce c\u00f4t\u00e9 IPS qui n\u2019est pas des plus saisissants. N\u00e9anmoins, dans l\u2019ensemble, on l\u2019utilise sans souci majeur, que ce soit sur du streaming de vid\u00e9os ou du jeu vid\u00e9o.<\/p>\n<p>Pour les mesures, on commence avec le pic de luminosit\u00e9 qui atteint avec 438\u00a0cd\/m\u00b2 et non les 500, voire 600 indiqu\u00e9s. C\u2019est la m\u00eame chose en HDR, \u00e0 426\u00a0cd\/m\u00b2. C\u2019est plut\u00f4t faible malgr\u00e9 tout, il faudra le consid\u00e9rer selon vos usages (en ext\u00e9rieur par exemple). Pour la colorim\u00e9trie, on mesure le DeltaE, l\u2019\u00e9cart entre la couleur d\u00e9sir\u00e9e et affich\u00e9e. Le mode par d\u00e9faut est le mode intense, qui affiche un DeltaE \u00e0 4,08 sur le DCI-P3, avec un pic \u00e0 plus de 8 sur du cyan entre autres. C\u2019est au-dessus de la valeur cible de 3, et cela se ressent l\u00e9g\u00e8rement sur certaines couleurs pr\u00e9cises, pas toutes.<\/p>\n<p><a href=\"https:\/\/www.europesays.com\/fr\/wp-content\/uploads\/2025\/10\/image-65.png\" target=\"_blank\" class=\"article-content__figure\"><img loading=\"lazy\" decoding=\"async\" width=\"265\" height=\"290\" src=\"https:\/\/www.europesays.com\/fr\/wp-content\/uploads\/2025\/10\/image-65.png\" alt=\"\" class=\"wp-image-2837051 wp-image\"\/><\/a><\/p>\n<p>Heureusement, Xiaomi propose un mode standard, plus raisonn\u00e9, avec un DeltaE de 2,64. Ce DeltaE est sous le seuil escompt\u00e9, et relativement homog\u00e8ne sur toutes les couleurs. En HDR, toujours en mode standard, les couleurs s\u2019emballent toutefois. On obtient une moyenne \u00e0 9,26, ce qui est bien au-dessus des valeurs attendues. Pour ce qui est du contraste, puisque ce n\u2019est pas un OLED, il n\u2019est pas infini. Il est de 1093:1, ce qui est un peu faible pour \u00eatre honn\u00eate. Une valeur \u00e0 1200 minimum est pr\u00e9f\u00e9rable, voire 1500 pour \u00eatre vraiment confortable.<\/p>\n<p>Un point int\u00e9ressant est la temp\u00e9rature des couleurs. Celle-ci est de 6407\u00a0K, ce qui est l\u00e9g\u00e8rement en dessous de la valeur cible de 6500 K, ce qui tend vers une temp\u00e9rature un peu plus chaude. C\u2019est n\u00e9gligeable pour une valeur telle. Enfin, la couverture des espaces colorim\u00e9triques pour une tablette de cette gamme est tr\u00e8s correcte. On obtient 100% du BT.709, 67 % du DCI-P3 et 45 % du BT.2020. C\u2019est ce qu\u2019on attend d\u2019une tablette du genre.<\/p>\n<p>&#13;<\/p>\n<p>Xiaomi Redmi Pad 2 ProUn volet logiciel sign\u00e9 Xiaomi, hyper s\u00e9duisant ?<\/p>\n<p>La Xiaomi Redmi Pad 2 Pro embarque <a href=\"https:\/\/www.frandroid.com\/android\/mises-a-jour-android\/1981546_mise-a-jour-android-15-smartphones-compatibles-nouveautes-dates-tout-ce-que-lon-sait\" target=\"_blank\" rel=\"noopener\">Android 15<\/a> fa\u00e7on Xiaomi, avec HyperOS 2. Cette surcouche d\u2019Android est discutable, mais cela reste un avis personnel. L\u2019ensemble donne un aspect ROM que j\u2019installais sur mon t\u00e9l\u00e9phone il y a 10 ans sur certains points. <\/p>\n<p>On retrouve un nettoyeur de stockage sur la page d\u2019accueil, sur une tablette \u00e0 128 Go. Si l\u2019on transf\u00e8re les donn\u00e9es issues d\u2019un autre t\u00e9l\u00e9phone ou d\u2019une autre tablette, il est probable qu\u2019il y ait beaucoup de doublons.<\/p>\n<p><a href=\"https:\/\/images.frandroid.com\/wp-content\/uploads\/2025\/10\/xiaomi-redmi-pad-2-pro-logiciel.jpg\" target=\"_blank\" class=\"article-content__figure\" rel=\"noopener\"><img loading=\"lazy\" decoding=\"async\" width=\"1200\" height=\"676\" src=\"https:\/\/www.europesays.com\/fr\/wp-content\/uploads\/2025\/10\/xiaomi-redmi-pad-2-pro-logiciel-1200x676.jpg\" alt=\"\" class=\"wp-image-2837209 wp-image\"  \/><\/a>Xiaomi HyperOS 2 sur la Xiaomi Redmi Pad 2 Pro \/\/ Source : Maximilien Herr<\/p>\n<p>La surcouche embarque ainsi une app Galerie, une app M\u00e9t\u00e9o, une app Agenda d\u00e9di\u00e9e. En plus de \u00e7a, on retrouve de la pub en plus, avec Booking, Netflix, Spotify, LinkedIn et d\u2019autres pr\u00e9install\u00e9s sur la tablette. Ce n\u2019est plus l\u2019\u00e9poque des jeux chinois obscurs pour tirer les prix vers le bas, Xiaomi s\u2019est occidentalis\u00e9 sur ce point. Cela reste d\u00e9ceptif d\u2019avoir ce genre d\u2019apps, sans coh\u00e9rence derri\u00e8re (optimisations d\u00e9di\u00e9e pour l\u2019appareil comme Samsung peut le faire par exemple). <\/p>\n<p>&#13;<\/p>\n<p>Xiaomi Redmi Pad 2 ProDes performances excellentes<\/p>\n<p>Une des concurrentes que l\u2019on a r\u00e9cemment test\u00e9es, c\u2019est la Honor Pad 10. Celle-ci est 50\u00a0\u20ac plus ch\u00e8re, et est \u00e9quip\u00e9e d\u2019un Snapdragon 7 Gen 3. L\u00e0, c\u2019est un Snapdragon 7s Gen 4, donc sur le papier l\u00e9g\u00e8rement inf\u00e9rieur \u00e0 la Honor Pad 10. N\u00e9anmoins, \u00e0 l\u2019usage, c\u2019est \u00e0 peu pr\u00e8s \u00e9quivalent, comme les benchmarks nous le confirment.<\/p>\n<p><a href=\"https:\/\/www.europesays.com\/fr\/wp-content\/uploads\/2025\/10\/chart-1.png\" target=\"_blank\" class=\"article-content__figure\"><img loading=\"lazy\" decoding=\"async\" width=\"1091\" height=\"459\" src=\"https:\/\/www.europesays.com\/fr\/wp-content\/uploads\/2025\/10\/chart-1.png\" alt=\"\" class=\"wp-image-2837057 wp-image\"  \/><\/a><\/p>\n<p>Le score global moyen, obtenu \u00e0 partir de 3DMark, Geekbench et Antutu V10 donne un r\u00e9sultat proche, si ce n\u2019est \u00e9gal, \u00e0 celui de la Honor Pad 10. En plus de \u00e7a, les performances sont globalement stables sur un stress test d\u2019une heure.<\/p>\n<p><a href=\"https:\/\/images.frandroid.com\/wp-content\/uploads\/2025\/10\/screenshot-2025-10-14-16-54-11-837-skynetcputhrottlingtest.jpg\" target=\"_blank\" class=\"article-content__figure\" rel=\"noopener\"><img loading=\"lazy\" decoding=\"async\" width=\"1200\" height=\"750\" src=\"https:\/\/www.europesays.com\/fr\/wp-content\/uploads\/2025\/10\/screenshot-2025-10-14-16-54-11-837-skynetcputhrottlingtest-1200x750.jpg\" alt=\"\" class=\"wp-image-2837055 wp-image\"  \/><\/a><\/p>\n<p>&#13;<\/p>\n<p>Xiaomi Redmi Pad 2 ProUne partie photo tout juste correcte<\/p>\n<p>La Xiaomi Redmi Pad 2 pro poss\u00e8de un seul capteur photo \u00e0 l\u2019arri\u00e8re, un capteur 8MP grand angle. Celui-ci permet de filmer en 720p et 1080p \u00e0 30 FPS. L\u2019essentiel des usages sera la capture de documents, pas tellement de prendre les photos de famille avec. En s\u2019amusant avec le capteur photo de cette tablette, on red\u00e9couvre des courants artistiques des si\u00e8cles pass\u00e9s : pointillisme, impressionnisme et j\u2019en passe. En effet, les r\u00e9sultats ne sont pas bluffants, de jour et plus encore de nuit.<\/p>\n<p>\t\t\t\t\t\t<a href=\"https:\/\/images.frandroid.com\/wp-content\/uploads\/2025\/10\/img-20251018-140744.jpg\" itemprop=\"url\" target=\"_blank\" rel=\"noopener\"><\/p>\n<p>\t\t\t\t\t\t\t<img decoding=\"async\" class=\"wp-image\" src=\"https:\/\/www.europesays.com\/fr\/wp-content\/uploads\/2025\/10\/img-20251018-140744.jpg\"  width=\"924\" height=\"693\" loading=\"lazy\" data-original-width=\"924\" data-original-height=\"693\" itemprop=\"http:\/\/schema.org\/image\" title=\"IMG_20251018_140744\" alt=\"IMG_20251018_140744\" style=\"width: 924px; height: 693px;\"\/><br \/>\n\t\t\t\t\t\t<\/a><\/p>\n<p>Sur une galerie de zoom, d\u2019un x1 (pas d\u2019ultra-grand angle) jusqu\u2019\u00e0 du x6 num\u00e9rique bien s\u00fbr, les r\u00e9sultats sont terrifiants. Le zoom num\u00e9rique d\u00e9truit tout et engendre plus de bruit qu\u2019autre chose. Admirez donc :<\/p>\n<p>\t\t\t\t\t\t<a href=\"https:\/\/images.frandroid.com\/wp-content\/uploads\/2025\/10\/img-20251018-142726.jpg\" itemprop=\"url\" target=\"_blank\" rel=\"noopener\"><\/p>\n<p>\t\t\t\t\t\t\t<img decoding=\"async\" class=\"wp-image\" src=\"https:\/\/www.europesays.com\/fr\/wp-content\/uploads\/2025\/10\/img-20251018-142726.jpg\"  width=\"924\" height=\"693\" loading=\"lazy\" data-original-width=\"924\" data-original-height=\"693\" itemprop=\"http:\/\/schema.org\/image\" title=\"IMG_20251018_142726\" alt=\"IMG_20251018_142726\" style=\"width: 924px; height: 693px;\"\/><br \/>\n\t\t\t\t\t\t<\/a><\/p>\n<p>Une fois de nuit, l\u2019apoth\u00e9ose s\u2019affiche sous nos yeux. Les conditions des photos ci-dessous ne sont pourtant pas extr\u00eames. C\u2019est un objet tr\u00e8s lumineux, l\u2019op\u00e9ra th\u00e9\u00e2tre \u00e9clair\u00e9, avec un \u00e9chafaudage qui obstrue une partie de la visibilit\u00e9. Cela donne quelque chose de tr\u00e8s discutable n\u00e9anmoins.<\/p>\n<p>\t\t\t\t\t\t<a href=\"https:\/\/images.frandroid.com\/wp-content\/uploads\/2025\/10\/img-20251018-202725.jpg\" itemprop=\"url\" target=\"_blank\" rel=\"noopener\"><\/p>\n<p>\t\t\t\t\t\t\t<img decoding=\"async\" class=\"wp-image\" src=\"https:\/\/www.europesays.com\/fr\/wp-content\/uploads\/2025\/10\/img-20251018-202725.jpg\"  width=\"924\" height=\"693\" loading=\"lazy\" data-original-width=\"924\" data-original-height=\"693\" itemprop=\"http:\/\/schema.org\/image\" title=\"IMG_20251018_202725\" alt=\"IMG_20251018_202725\" style=\"width: 924px; height: 693px;\"\/><br \/>\n\t\t\t\t\t\t<\/a><\/p>\n<p>&#13;<\/p>\n<p>Xiaomi Redmi Pad 2 ProUne batterie ultra-endurante<\/p>\n<p>Entre la premi\u00e8re it\u00e9ration et cette Xiaomi Redmi Pad 2 Pro, la batterie a gagn\u00e9 20\u00a0% de capacit\u00e9 suppl\u00e9mentaire. C\u2019est un \u00e9norme gain, qui se ressent directement, malgr\u00e9 des performances am\u00e9lior\u00e9es. Concr\u00e8tement, en usage purement streaming, bureautique et vid\u00e9os, on atteint largement deux jours d\u2019utilisation semi-intensive. <\/p>\n<p><a href=\"https:\/\/images.frandroid.com\/wp-content\/uploads\/2025\/10\/xiaomi-redmi-pad-2-pro-port-de-charge.jpg\" target=\"_blank\" class=\"article-content__figure\" rel=\"noopener\"><img loading=\"lazy\" decoding=\"async\" width=\"1200\" height=\"676\" src=\"https:\/\/www.europesays.com\/fr\/wp-content\/uploads\/2025\/10\/xiaomi-redmi-pad-2-pro-port-de-charge-1200x676.jpg\" alt=\"\" class=\"wp-image-2837213 wp-image\"  \/><\/a>Le port de charge de la Xiaomi Redmi Pad 2 Pro \/\/ Source : Maximilien Herr<\/p>\n<p>Pour la partie recharge, c\u2019est l\u2019aspect moins plaisant. 12 000 mAh de batterie, c\u2019est long \u00e0 recharger, et encore plus avec seulement 33W de puissance. C\u2019est 2\u00a0h\u00a025 qu\u2019il faut atteindre pour une recharge int\u00e9grale, c\u2019est extr\u00eamement long. <\/p>\n<p>&#13;<\/p>\n<p>Xiaomi Redmi Pad 2 ProPrix et disponibilit\u00e9<\/p>\n<p>La Xiaomi Redmi Pad 2 Pro est disponible \u00e0 349\u00a0\u20ac en 6+128 Go de RAM+stockage. Il faudra aligner 50\u00a0\u20ac suppl\u00e9mentaires pour arriver \u00e0 256 Go de stockage. <\/p>\n<p>Les coloris disponibles sont gris, violet et argent. Une option avec un \u00e9cran mat existe pour 429 \u20ac. Un clavier et un stylet compl\u00e9mentaires existent. Il faudra ajouter 99,99 et 69,99\u00a0euros pour les acheter respectivement.<\/p>\n","protected":false},"excerpt":{"rendered":"Rapidement, la Xiaomi Redmi Pad 2 Pro ne rompt pas avec la pr\u00e9c\u00e9dente version. Au point qu\u2019il faille&hellip;\n","protected":false},"author":2,"featured_media":492356,"comment_status":"","ping_status":"","sticky":false,"template":"","format":"standard","meta":{"footnotes":""},"categories":[7],"tags":[1011,27,43,40,41,39,42,44,55461],"class_list":{"0":"post-492355","1":"post","2":"type-post","3":"status-publish","4":"format-standard","5":"has-post-thumbnail","7":"category-sciences-et-technologies","8":"tag-fr","9":"tag-france","10":"tag-science","11":"tag-science-and-technology","12":"tag-sciences","13":"tag-sciences-et-technologies","14":"tag-technologies","15":"tag-technology","16":"tag-xiaomi-redmi-pad-2-pro"},"share_on_mastodon":{"url":"https:\/\/pubeurope.com\/@fr\/115443940444010377","error":""},"_links":{"self":[{"href":"https:\/\/www.europesays.com\/fr\/wp-json\/wp\/v2\/posts\/492355","targetHints":{"allow":["GET"]}}],"collection":[{"href":"https:\/\/www.europesays.com\/fr\/wp-json\/wp\/v2\/posts"}],"about":[{"href":"https:\/\/www.europesays.com\/fr\/wp-json\/wp\/v2\/types\/post"}],"author":[{"embeddable":true,"href":"https:\/\/www.europesays.com\/fr\/wp-json\/wp\/v2\/users\/2"}],"replies":[{"embeddable":true,"href":"https:\/\/www.europesays.com\/fr\/wp-json\/wp\/v2\/comments?post=492355"}],"version-history":[{"count":0,"href":"https:\/\/www.europesays.com\/fr\/wp-json\/wp\/v2\/posts\/492355\/revisions"}],"wp:featuredmedia":[{"embeddable":true,"href":"https:\/\/www.europesays.com\/fr\/wp-json\/wp\/v2\/media\/492356"}],"wp:attachment":[{"href":"https:\/\/www.europesays.com\/fr\/wp-json\/wp\/v2\/media?parent=492355"}],"wp:term":[{"taxonomy":"category","embeddable":true,"href":"https:\/\/www.europesays.com\/fr\/wp-json\/wp\/v2\/categories?post=492355"},{"taxonomy":"post_tag","embeddable":true,"href":"https:\/\/www.europesays.com\/fr\/wp-json\/wp\/v2\/tags?post=492355"}],"curies":[{"name":"wp","href":"https:\/\/api.w.org\/{rel}","templated":true}]}}