{"id":492357,"date":"2025-10-27T03:11:17","date_gmt":"2025-10-27T03:11:17","guid":{"rendered":"https:\/\/www.europesays.com\/fr\/492357\/"},"modified":"2025-10-27T03:11:17","modified_gmt":"2025-10-27T03:11:17","slug":"projet-gazier-au-mozambique-totalenergies-reclame-10-ans-de-plus-et-une-compensation-du-surcout-de-45-milliards-de-dollars-26-10-2025-a-1852","status":"publish","type":"post","link":"https:\/\/www.europesays.com\/fr\/492357\/","title":{"rendered":"Projet gazier au Mozambique: TotalEnergies r\u00e9clame 10 ans de plus et une compensation du surco\u00fbt de 4,5 milliards de dollars &#8211; 26\/10\/2025 \u00e0 18:52"},"content":{"rendered":"<p>        <img fetchpriority=\"high\" decoding=\"async\" src=\"https:\/\/www.europesays.com\/fr\/wp-content\/uploads\/2025\/10\/ac356856b0e270fc8ec33b8616914bd8-760x507.jpg\" alt=\"Forces de s\u00e9curit\u00e9 surveillant le projet gazier de TotalEnergies, dans la province de Cabo Delgado, au Mozambique, en septembre 2022. ( AFP \/ Camille LAFFONT )\" loading=\"eager\" width=\"760\" height=\"507\" style=\"max-width: 100%!important; height: auto;\"\/><\/p>\n<p class=\"c-image-news__legend\">Forces de s\u00e9curit\u00e9 surveillant le projet gazier de TotalEnergies, dans la province de Cabo Delgado, au Mozambique, en septembre 2022. ( AFP \/ Camille LAFFONT )<\/p>\n<p>\n TotalEnergies a r\u00e9clam\u00e9 au gouvernement du Mozambique une extension de 10 ans de la concession pour le projet gazier qu&rsquo;il est pr\u00eat \u00e0 reprendre apr\u00e8s quatre ans de suspension en raison d&rsquo;une attaque jihadiste meurtri\u00e8re, et souhaite une compensation pour le surco\u00fbt li\u00e9 au retard, qu&rsquo;il chiffre \u00e0 4,5 milliards de dollars, selon une lettre dont l&rsquo;AFP a obtenu copie.\n<\/p>\n<p>\n \u00ab\u00a0Pour compenser en partie l&rsquo;impact \u00e9conomique\u00a0\u00bb li\u00e9 \u00e0 la suspension du projet, \u00ab\u00a0le concessionnaire demande respectueusement au gouvernement de lui accorder une extension\u00a0\u00bb de sa licence d&rsquo;exploitation \u00ab\u00a0d&rsquo;une dur\u00e9e de dix ans\u00a0\u00bb, indique la lettre en date du 24 octobre sign\u00e9e du directeur g\u00e9n\u00e9ral du groupe et adress\u00e9e au pr\u00e9sident du Mozambique.\n<\/p>\n<p>\n Par ailleurs, TotalEnergies estime que le \u00ab\u00a0budget r\u00e9vis\u00e9 (&#8230;) doit couvrir les co\u00fbts incr\u00e9mentaux induits\u00a0\u00bb par la force majeure \u00ab\u00a0qui se montent \u00e0 4,5 milliards de dollars\u00a0\u00bb.\n<\/p>\n<p>\n Samedi, le g\u00e9ant fran\u00e7ais des hydrocarbures avait annonc\u00e9 que son projet de gaz naturel liqu\u00e9fi\u00e9 au Mozambique, estim\u00e9 \u00e0 20 milliards de dollars, allait pouvoir reprendre apr\u00e8s plus de quatre ans de suspension cons\u00e9cutive \u00e0 une attaque jihadiste qui avait fait plus de 800 morts en 2021, selon un bilan de l&rsquo;Acled, ONG sp\u00e9cialis\u00e9e dans la collecte des donn\u00e9es sur les conflits.\n<\/p>\n<p>\n Contact\u00e9 par l&rsquo;AFP, TotalEnergies a simplement redit dimanche avoir inform\u00e9 le gouvernement du Mozambique de son intention de lever la force majeure et qu&rsquo;en \u00ab\u00a0derni\u00e8re \u00e9tape avant la relance, le conseil des ministres du Mozambique devra approuver un addendum au plan de d\u00e9veloppement, incluant une mise \u00e0 jour du budget et du programme\u00a0\u00bb des travaux.\n<\/p>\n<p>\n De son c\u00f4t\u00e9, le gouvernement mozambicain n&rsquo;a pas fait de commentaires.\n<\/p>\n<p>\n La lettre indique par ailleurs que la premi\u00e8re cargaison de gaz, \u00e0 l&rsquo;origine pr\u00e9vue en juillet 2024, n&rsquo;interviendra pas avant le premier semestre 2029.\n<\/p>\n<p>\n L&rsquo;annonce de la reprise du projet intervient alors que le pr\u00e9sident mozambicain, Daniel Chapo est en visite aux Etats-Unis o\u00f9 il doit effectuer une visite au si\u00e8ge de la compagnie p\u00e9troli\u00e8re ExxonMobil. Celle-ci doit prendre une d\u00e9cision d&rsquo;investissement pour un autre projet gazier g\u00e9ant dans ce pays d&rsquo;Afrique australe.\n<\/p>\n<p>\n Le directeur g\u00e9n\u00e9ral d&rsquo;ExxonMobil Mozambique, Arne Gibbs, avait li\u00e9 la d\u00e9cision finale d&rsquo;investissement d&rsquo;ExxonMobil dans son projet Rovuma LNG \u00e0 la lev\u00e9e de la force majeure par TotalEnergies, lors d&rsquo;un forum sur l&rsquo;\u00e9nergie \u00e0 Maputo en septembre.\n<\/p>\n<p>\n Ces projets \u00ab\u00a0pourraient faire du Mozambique un des dix premiers producteurs mondiaux (de gaz, NDLR), contribuant \u00e0 20% de la production africaine d&rsquo;ici \u00e0 2040\u00a0\u00bb, d&rsquo;apr\u00e8s un rapport du cabinet d&rsquo;audit Deloitte de 2024.\n<\/p>\n<p>\n Ces projets situ\u00e9s dans la province du Cabo Delgado (nord-est), limitrophe de la Tanzanie, suscite la vive opposition des ONG de d\u00e9fense de l&rsquo;environnement qui les qualifient de \u00ab\u00a0bombes climatiques\u00a0\u00bb.<\/p>\n","protected":false},"excerpt":{"rendered":"Forces de s\u00e9curit\u00e9 surveillant le projet gazier de TotalEnergies, dans la province de Cabo Delgado, au Mozambique, en&hellip;\n","protected":false},"author":2,"featured_media":492358,"comment_status":"","ping_status":"","sticky":false,"template":"","format":"standard","meta":{"footnotes":""},"categories":[6],"tags":[400,398,408,35,405,33,34,1011,27,403,402,399,404,401,406,407],"class_list":{"0":"post-492357","1":"post","2":"type-post","3":"status-publish","4":"format-standard","5":"has-post-thumbnail","7":"category-economie","8":"tag-action-cac-40","9":"tag-bourse-de-paris","10":"tag-boursorama","11":"tag-business","12":"tag-cotations","13":"tag-economie","14":"tag-economy","15":"tag-fr","16":"tag-france","17":"tag-indices-devises","18":"tag-investir","19":"tag-investissement","20":"tag-marche-boursier","21":"tag-sicav","22":"tag-trackers","23":"tag-warrants"},"share_on_mastodon":{"url":"https:\/\/pubeurope.com\/@fr\/115443943680499553","error":""},"_links":{"self":[{"href":"https:\/\/www.europesays.com\/fr\/wp-json\/wp\/v2\/posts\/492357","targetHints":{"allow":["GET"]}}],"collection":[{"href":"https:\/\/www.europesays.com\/fr\/wp-json\/wp\/v2\/posts"}],"about":[{"href":"https:\/\/www.europesays.com\/fr\/wp-json\/wp\/v2\/types\/post"}],"author":[{"embeddable":true,"href":"https:\/\/www.europesays.com\/fr\/wp-json\/wp\/v2\/users\/2"}],"replies":[{"embeddable":true,"href":"https:\/\/www.europesays.com\/fr\/wp-json\/wp\/v2\/comments?post=492357"}],"version-history":[{"count":0,"href":"https:\/\/www.europesays.com\/fr\/wp-json\/wp\/v2\/posts\/492357\/revisions"}],"wp:featuredmedia":[{"embeddable":true,"href":"https:\/\/www.europesays.com\/fr\/wp-json\/wp\/v2\/media\/492358"}],"wp:attachment":[{"href":"https:\/\/www.europesays.com\/fr\/wp-json\/wp\/v2\/media?parent=492357"}],"wp:term":[{"taxonomy":"category","embeddable":true,"href":"https:\/\/www.europesays.com\/fr\/wp-json\/wp\/v2\/categories?post=492357"},{"taxonomy":"post_tag","embeddable":true,"href":"https:\/\/www.europesays.com\/fr\/wp-json\/wp\/v2\/tags?post=492357"}],"curies":[{"name":"wp","href":"https:\/\/api.w.org\/{rel}","templated":true}]}}