{"id":492359,"date":"2025-10-27T03:12:13","date_gmt":"2025-10-27T03:12:13","guid":{"rendered":"https:\/\/www.europesays.com\/fr\/492359\/"},"modified":"2025-10-27T03:12:13","modified_gmt":"2025-10-27T03:12:13","slug":"le-parti-de-milei-remporte-largement-les-legislatives-de-mi-mandat","status":"publish","type":"post","link":"https:\/\/www.europesays.com\/fr\/492359\/","title":{"rendered":"le parti de Milei remporte largement les l\u00e9gislatives de mi-mandat"},"content":{"rendered":"<p>\n    Le parti mil\u00e9iste La Libertad Avanza a recueilli 40,84% au niveau national, selon ces r\u00e9sultats partiels annonc\u00e9s par le chef du cabinet des ministres Guillermo Francos.<\/p>\n<p class=\"fig-paragraph\">Le parti du pr\u00e9sident ultralib\u00e9ral argentin\u00a0<a href=\"http:\/\/www.lefigaro.fr\/international\/argentine-la-credibilite-de-javier-milei-mise-a-l-epreuve-par-un-scrutin-de-mi-mandat-20251024\" data-fig-type=\"Article\" data-gtm-custom-categorie=\"navigation\" data-gtm-custom-action=\"crossclick\" data-gtm-custom-label=\"Contextuel\" data-gtm-event=\"customEventSPE\" data-fig-domain=\"LEFIGARO\" rel=\"nofollow noopener\" target=\"_blank\">Javier Milei<\/a>\u00a0a largement remport\u00e9 les \u00e9lections l\u00e9gislatives de mi-mandat dimanche, avec un peu plus de 40% des votes au niveau national, selon des r\u00e9sultats officiels partiels \u00e0 90% du d\u00e9compte. Le parti mil\u00e9iste La Libertad Avanza a recueilli 40,84% au niveau national, selon ces r\u00e9sultats partiels annonc\u00e9s par le chef du cabinet des ministres Guillermo Francos. Il devance Fuerza Patria, bloc repr\u00e9sentant une grande partie de l&rsquo;opposition p\u00e9roniste (centre gauche), \u00e0 24,50%.<\/p>\n<p class=\"fig-paragraph\">Ces l\u00e9gislatives de mi-mandat sont cruciales pour le pr\u00e9sident, d\u00e9sormais certain de muscler sa base parlementaire (actuellement 15% des d\u00e9put\u00e9s, 10% des s\u00e9nateurs). Et ainsi d&rsquo;accro\u00eetre sa capacit\u00e9 \u00e0 r\u00e9former et d\u00e9r\u00e9guler, sur ses deux ans restants de pr\u00e9sidence, une \u00e9conomie fragile et en pleines turbulences financi\u00e8res.<\/p>\n<p>                                    <a class=\"fig-a11y-skip a11y-hidden\" href=\"#fig-a11y-skip-main-inarticle\"><br \/>\n        Passer la publicit\u00e9<br \/>\n    <\/a><\/p>\n<p class=\"fig-paragraph\">Javier Milei avait estim\u00e9 qu\u2019obtenir un tiers des si\u00e8ges, dans un Parlement o\u00f9 aucune des chambres n\u2019a de majorit\u00e9 absolue, serait un \u00abbon chiffre\u00bb, un seuil qui lui permettrait en particulier d\u2019imposer ses vetos pr\u00e9sidentiels aux parlementaires. Une projection exacte en gain de si\u00e8ges n\u2019\u00e9tait pas disponible dans un premier temps dimanche soir sur la base des r\u00e9sultats partiels.<\/p>\n<p>Javier Milei \u00abdevra prendre un virage pragmatique\u00bb<\/p>\n<p class=\"fig-paragraph\">L\u2019approche des \u00e9lections avait vu ces derni\u00e8res semaines une intense pression sur la devise argentine, le peso, trahissant la d\u00e9fiance des march\u00e9s financiers, qui le jugent sur\u00e9valu\u00e9, et leur inqui\u00e9tude pour le maintien du cap d\u2019aust\u00e9rit\u00e9, en cas de revers \u00e9lectoral pour Javier Milei.<\/p>\n<p class=\"fig-paragraph\">Plusieurs fois en octobre, le Tr\u00e9sor am\u00e9ricain est intervenu sur le march\u00e9 des changes pour acheter du peso et emp\u00eacher sa chute. Faisant redouter \u00e0 nombre d\u2019Argentins l\u2019imminence d\u2019une d\u00e9valuation, ou d\u2019une forte d\u00e9pr\u00e9ciation, post-\u00e9lections. Nombre d\u2019analystes estiment qu\u2019au-del\u00e0 du r\u00e9sultat du scrutin, Javier Milei \u00abdevra prendre un virage pragmatique\u00bb, comme pressent la politologue Lara Goyburu. \u00abRetrouver la capacit\u00e9 de n\u00e9gociation qui lui permit de faire passer des textes\u00bb en d\u00e9but de mandat.<\/p>\n<p class=\"fig-paragraph\">Depuis 2023, le chef de l\u2019\u00c9tat a beaucoup l\u00e9gif\u00e9r\u00e9 par d\u00e9crets, ou accords l\u00e9gislatifs ponctuels dans l\u2019h\u00e9micycle. Mais il s\u2019\u00e9tait vu de plus en plus entrav\u00e9 ces derniers mois par un Parlement braqu\u00e9 par sa rigidit\u00e9, voire ses insultes: \u00abnid \u00e0 rats\u00bb, \u00abd\u00e9g\u00e9n\u00e9r\u00e9s\u00bb&#8230; L\u2019opposition mod\u00e9r\u00e9e, des secteurs de l\u2019\u00e9conomie productive argentine mais aussi des bailleurs internationaux, \u00e0 l\u2019instar du FMI, ont demand\u00e9 avec insistance \u00e0 l\u2019ex\u00e9cutif \u00abde renforcer le soutien politique et social\u00bb \u00e0 ses r\u00e9formes. Dans le viseur de r\u00e9formes de Javier Milei figurent d\u2019ici 2027: des r\u00e9formes fiscales, de flexibilisation du march\u00e9 du travail, et du syst\u00e8me de protection sociale.<\/p>\n<p class=\"fig-paragraph\">Javier Milei arrive au scrutin aur\u00e9ol\u00e9 d\u2019une inflation dompt\u00e9e, de plus de 200% \u00e0 31,8% en interannuel, et d\u2019un \u00e9quilibre budg\u00e9taire in\u00e9dit depuis 14 ans. Mais son \u00abplus grand ajustement budg\u00e9taire de l\u2019histoire\u00bb &#8211; comme il aime \u00e0 r\u00e9p\u00e9ter &#8211; a vu plus de 200.000 emplois perdus, une activit\u00e9 an\u00e9mi\u00e9e, en contraction de 1,8% en 2024, une reprise 2025 qui s\u2019essouffle. Et une soci\u00e9t\u00e9 plus que jamais \u00e0 deux vitesses.<\/p>\n","protected":false},"excerpt":{"rendered":"Le parti mil\u00e9iste La Libertad Avanza a recueilli 40,84% au niveau national, selon ces r\u00e9sultats partiels annonc\u00e9s par&hellip;\n","protected":false},"author":2,"featured_media":492360,"comment_status":"","ping_status":"","sticky":false,"template":"","format":"standard","meta":{"footnotes":""},"categories":[5],"tags":[11,6715,1011,27,14,5924,12,28],"class_list":{"0":"post-492359","1":"post","2":"type-post","3":"status-publish","4":"format-standard","5":"has-post-thumbnail","7":"category-international","8":"tag-actualites","9":"tag-argentine","10":"tag-fr","11":"tag-france","12":"tag-international","13":"tag-javier-milei","14":"tag-news","15":"tag-world"},"share_on_mastodon":{"url":"https:\/\/pubeurope.com\/@fr\/115443947503288681","error":""},"_links":{"self":[{"href":"https:\/\/www.europesays.com\/fr\/wp-json\/wp\/v2\/posts\/492359","targetHints":{"allow":["GET"]}}],"collection":[{"href":"https:\/\/www.europesays.com\/fr\/wp-json\/wp\/v2\/posts"}],"about":[{"href":"https:\/\/www.europesays.com\/fr\/wp-json\/wp\/v2\/types\/post"}],"author":[{"embeddable":true,"href":"https:\/\/www.europesays.com\/fr\/wp-json\/wp\/v2\/users\/2"}],"replies":[{"embeddable":true,"href":"https:\/\/www.europesays.com\/fr\/wp-json\/wp\/v2\/comments?post=492359"}],"version-history":[{"count":0,"href":"https:\/\/www.europesays.com\/fr\/wp-json\/wp\/v2\/posts\/492359\/revisions"}],"wp:featuredmedia":[{"embeddable":true,"href":"https:\/\/www.europesays.com\/fr\/wp-json\/wp\/v2\/media\/492360"}],"wp:attachment":[{"href":"https:\/\/www.europesays.com\/fr\/wp-json\/wp\/v2\/media?parent=492359"}],"wp:term":[{"taxonomy":"category","embeddable":true,"href":"https:\/\/www.europesays.com\/fr\/wp-json\/wp\/v2\/categories?post=492359"},{"taxonomy":"post_tag","embeddable":true,"href":"https:\/\/www.europesays.com\/fr\/wp-json\/wp\/v2\/tags?post=492359"}],"curies":[{"name":"wp","href":"https:\/\/api.w.org\/{rel}","templated":true}]}}