{"id":492369,"date":"2025-10-27T03:18:20","date_gmt":"2025-10-27T03:18:20","guid":{"rendered":"https:\/\/www.europesays.com\/fr\/492369\/"},"modified":"2025-10-27T03:18:20","modified_gmt":"2025-10-27T03:18:20","slug":"pronostic-nancy-sc-bastia-ligue-2","status":"publish","type":"post","link":"https:\/\/www.europesays.com\/fr\/492369\/","title":{"rendered":"Pronostic Nancy SC Bastia &#8211; Ligue 2"},"content":{"rendered":"<p class=\"text-xs leading-5 text-gray-400 mb-2\">\n                        Publi\u00e9 le 26\/10\/2025 14:30<br \/>\n                        \u00a0par<br \/>\n                                                            <a href=\"https:\/\/www.sportytrader.com\/auteur\/steeven-occhipinti-1\/\" target=\"_blank\" rel=\"noopener\">Steeven Occhipinti<\/a><\/p>\n<p>                                                                                                            dans<br \/>\n                                <a data-trans=\"tips.published.competition %competition%\" href=\"https:\/\/www.sportytrader.com\/pronostics\/football\/france\/ligue-2-124\/\" target=\"_blank\" rel=\"noopener\"><br \/>\n                                    Pronostic Ligue 2<br \/>\n                                <\/a><\/p>\n<p style=\"text-align: justify;\">L&rsquo;une des affiches de la 12e journ\u00e9e de la Ligue 2 oppose l&rsquo;AS Nancy-Lorraine au SC Bastia, ce mardi \u00e0 20h30 au Stade Marcel-Picot. De retour en deuxi\u00e8me division tricolore en d\u00e9but d&rsquo;exercice, le club nanc\u00e9ien ne s&rsquo;\u00e9tait pas trop mal lanc\u00e9 en restant invaincu apr\u00e8s ses 4 premi\u00e8res rencontres. Mais depuis, c&rsquo;est bien plus compliqu\u00e9 pour le promu. L&rsquo;\u00e9quipe entra\u00een\u00e9e par Pablo Correa ne s&rsquo;est impos\u00e9e qu&rsquo;une seule fois lors de ses 8 pr\u00e9c\u00e9dentes journ\u00e9es. Elle n&rsquo;a d&rsquo;ailleurs pris qu&rsquo;un seul point lors de ses 4 derniers matchs. Une s\u00e9rie \u00f4 combien compliqu\u00e9e qui l&rsquo;a fait descendre \u00e0 la 14e place du classement.<\/p>\n<p style=\"text-align: justify;\">En face d&rsquo;elle, c&rsquo;est la lanterne rouge qui se pr\u00e9sente. Le SC Bastia est tr\u00e8s loin de r\u00e9pondre aux attentes jusqu&rsquo;\u00e0 maintenant. On ne s&rsquo;attendait pas \u00e0 la voir aussi bas au classement de la Ligue 2 \u00e0 ce moment de la saison. Il faut dire que le club corse court toujours apr\u00e8s sa premi\u00e8re victoire en championnat. Priv\u00e9 d&rsquo;Amine Boutrah pour un long moment, il esp\u00e8re cependant relancer tr\u00e8s vite une spirale positive. N&rsquo;ayant pas jou\u00e9 vendredi dernier, alors que le Stade Lavallois n&rsquo;a pu voyager en Corse, les hommes de Beno\u00eet Tavenot ont pu recharger un peu les batteries. Ils ont connu 2 nuls lors de leurs 3 derni\u00e8res journ\u00e9es. Pourquoi ne pas obtenir un nouveau r\u00e9sultat de ce d\u00e9placement ?<\/p>\n","protected":false},"excerpt":{"rendered":"Publi\u00e9 le 26\/10\/2025 14:30 \u00a0par Steeven Occhipinti dans Pronostic Ligue 2 L&rsquo;une des affiches de la 12e journ\u00e9e&hellip;\n","protected":false},"author":2,"featured_media":492370,"comment_status":"","ping_status":"","sticky":false,"template":"","format":"standard","meta":{"footnotes":""},"categories":[9635],"tags":[1111,11,1777,674,1011,27,775,446,1702,12,1817,1821,25,5628],"class_list":{"0":"post-492369","1":"post","2":"type-post","3":"status-publish","4":"format-standard","5":"has-post-thumbnail","7":"category-nancy","8":"tag-actu","9":"tag-actualites","10":"tag-eu","11":"tag-europe","12":"tag-fr","13":"tag-france","14":"tag-grand-est","15":"tag-ligue-2","16":"tag-nancy","17":"tag-news","18":"tag-pronostic","19":"tag-pronostics","20":"tag-republique-francaise","21":"tag-sc-bastia"},"share_on_mastodon":{"url":"https:\/\/pubeurope.com\/@fr\/115443971181083734","error":""},"_links":{"self":[{"href":"https:\/\/www.europesays.com\/fr\/wp-json\/wp\/v2\/posts\/492369","targetHints":{"allow":["GET"]}}],"collection":[{"href":"https:\/\/www.europesays.com\/fr\/wp-json\/wp\/v2\/posts"}],"about":[{"href":"https:\/\/www.europesays.com\/fr\/wp-json\/wp\/v2\/types\/post"}],"author":[{"embeddable":true,"href":"https:\/\/www.europesays.com\/fr\/wp-json\/wp\/v2\/users\/2"}],"replies":[{"embeddable":true,"href":"https:\/\/www.europesays.com\/fr\/wp-json\/wp\/v2\/comments?post=492369"}],"version-history":[{"count":0,"href":"https:\/\/www.europesays.com\/fr\/wp-json\/wp\/v2\/posts\/492369\/revisions"}],"wp:featuredmedia":[{"embeddable":true,"href":"https:\/\/www.europesays.com\/fr\/wp-json\/wp\/v2\/media\/492370"}],"wp:attachment":[{"href":"https:\/\/www.europesays.com\/fr\/wp-json\/wp\/v2\/media?parent=492369"}],"wp:term":[{"taxonomy":"category","embeddable":true,"href":"https:\/\/www.europesays.com\/fr\/wp-json\/wp\/v2\/categories?post=492369"},{"taxonomy":"post_tag","embeddable":true,"href":"https:\/\/www.europesays.com\/fr\/wp-json\/wp\/v2\/tags?post=492369"}],"curies":[{"name":"wp","href":"https:\/\/api.w.org\/{rel}","templated":true}]}}