{"id":492380,"date":"2025-10-27T03:28:31","date_gmt":"2025-10-27T03:28:31","guid":{"rendered":"https:\/\/www.europesays.com\/fr\/492380\/"},"modified":"2025-10-27T03:28:31","modified_gmt":"2025-10-27T03:28:31","slug":"a-rennes-au-stunfest-le-jeu-video-se-vit-aussi-par-la-musique-dalexis-lumiere-et-de-rene","status":"publish","type":"post","link":"https:\/\/www.europesays.com\/fr\/492380\/","title":{"rendered":"\u00c0 Rennes, au Stunfest, le jeu vid\u00e9o se vit aussi par la musique d\u2019Alexis Lumi\u00e8re et de Ren\u00e9"},"content":{"rendered":"<p><strong>\u00ab\u00a0Petit, les musiques de certains jeux vid\u00e9o mythiques me sont rentr\u00e9es dans la t\u00eate\u00a0\u00bb<\/strong>, raconte <a href=\"https:\/\/rennes.maville.com\/actu\/actudet_-entre-pop-psyche-et-rock-survitamine-cinq-groupes-du-festival-i-m-from-rennes-a-ne-pas-rater-_52674-6956824_actu.Htm\" target=\"_blank\" rel=\"noopener\">Alexis Lumi\u00e8re<\/a>, au milieu des bornes d\u2019arcade r\u00e9tros d\u2019une des salles du <a href=\"https:\/\/rennes.maville.com\/actu\/actudet_-le-stunfest-festival-des-cultures-du-jeu-video-de-retour-a-rennes-et-il-fete-ses-20-ans-_7-7033445_actu.Htm\" target=\"_blank\" rel=\"noopener\">Stunfest<\/a> organis\u00e9 \u00e0 Rennes (Ille-et-Vilaine) du 24 au 26\u00a0octobre 2025. Ce samedi, le musicien, <a href=\"https:\/\/www.youtube.com\/watch?v=rLahYG121jo\" target=\"_blank\" rel=\"noopener\">notamment pass\u00e9 par les Transmusicales en 2024<\/a>, se produit \u00e0 l\u2019occasion du festival aux c\u00f4t\u00e9s de Ren\u00e9 Danger, un autre artiste rennais \u00e9galement inspir\u00e9 par le son de jeu vid\u00e9o.<\/p>\n<p>Pendant tout le week-end, <a href=\"https:\/\/rennes.maville.com\/actu\/actudet_-le-stunfest-festival-des-cultures-du-jeu-video-de-retour-a-rennes-et-il-fete-ses-20-ans-_7-7033445_actu.Htm\" target=\"_blank\" rel=\"noopener\">les membres de l\u2019association 3\u00a0Hit Combo proposent un programme complet balayant les cultures du jeu vid\u00e9o<\/a> allant de la conf\u00e9rence au tournoi, en passant par le blind-test et les performances de musique live. <strong>\u00ab\u00a0Nous voulons pr\u00e9senter le jeu vid\u00e9o en cr\u00e9ant du lien entre les gens\u00a0\u00bb<\/strong>, pr\u00e9sente Marine Fegar, coordinatrice de l\u2019\u00e9v\u00e8nement.<\/p>\n<p>Diversit\u00e9 de la musique de jeu vid\u00e9o<\/p>\n<p>Cela passe notamment par <a href=\"https:\/\/rennes.maville.com\/actu\/actudet_-jeux-video.-la-communaute-bretonne-du-speedrun-se-retrouve-pour-promouvoir-la-discipline-_7-5149770_actu.Htm\" target=\"_blank\" rel=\"noopener\">le <\/a>  <a href=\"https:\/\/rennes.maville.com\/actu\/actudet_-jeux-video.-la-communaute-bretonne-du-speedrun-se-retrouve-pour-promouvoir-la-discipline-_7-5149770_actu.Htm\" target=\"_blank\" rel=\"noopener\">speedrun<\/a> (discipline consistant \u00e0 terminer le niveau d\u2019un jeu le plus rapidement possible), les tournois de <a href=\"https:\/\/www.ouest-france.fr\/sport\/esport\/\" target=\"_blank\" rel=\"noopener\">eSport<\/a>, la cr\u00e9ation ind\u00e9pendante mais aussi la musique. <strong>\u00ab\u00a0L\u2019\u00e9v\u00e8nement r\u00e9unit des conf\u00e9rences tr\u00e8s politiques et des jeux ind\u00e9s tr\u00e8s actuels,<\/strong> pr\u00e9cise Alexis Lumi\u00e8re, \u00e9galement adh\u00e9rent \u00e0 3\u00a0Hit Combo.<strong> En invitant Ren\u00e9 Danger, je veux aussi montrer cette diversit\u00e9 au sein m\u00eame du milieu de la musique de jeu vid\u00e9o\u00a0!\u00a0\u00bb<\/strong><\/p>\n<\/p>\n<p>Sur sc\u00e8ne, Ren\u00e9 Danger produit une musique hybride \u00e0 l\u2019aide de deux Gameboy, d\u2019une Nintendo DS et de plusieurs synth\u00e9tiseurs. <strong>\u00ab\u00a0J\u2019y m\u00e9lange d\u2019autres inspirations de musique traditionnelle bretonne sur lesquelles je chante en fran\u00e7ais et en breton\u00a0\u00bb<\/strong>, d\u00e9crit le musicien de 32\u00a0ans.<\/p>\n<p>Ce samedi, avant le d\u00e9but des concerts, la billetterie comptabilisait pr\u00e8s de 1\u00a0000\u00a0visiteurs. <strong>\u00ab\u00a0Une grande satisfaction\u00a0\u00bb<\/strong>, pour Marine Fegar qui nourrissait de l\u2019appr\u00e9hension face \u00e0 cette premi\u00e8re \u00e9dition dans les locaux de 360. Ce dimanche, le festival se poursuit toute la journ\u00e9e.<\/p>\n<p>Ce dimanche 26\u00a0octobre 2025, Stunfest de 10\u00a0h\u00a030 \u00e0 18\u00a0h\u00a030, au 360, \u00e0 Rennes. Prix libre.<\/p>\n<p>\u00a0<\/p>\n","protected":false},"excerpt":{"rendered":"\u00ab\u00a0Petit, les musiques de certains jeux vid\u00e9o mythiques me sont rentr\u00e9es dans la t\u00eate\u00a0\u00bb, raconte Alexis Lumi\u00e8re, au&hellip;\n","protected":false},"author":2,"featured_media":492381,"comment_status":"","ping_status":"","sticky":false,"template":"","format":"standard","meta":{"footnotes":""},"categories":[2821],"tags":[1111,11,30823,829,4511,1777,674,1011,27,1197,15926,873,12,47643,584,25,61524,133,8994],"class_list":{"0":"post-492380","1":"post","2":"type-post","3":"status-publish","4":"format-standard","5":"has-post-thumbnail","7":"category-rennes","8":"tag-actu","9":"tag-actualites","10":"tag-alexis","11":"tag-bretagne","12":"tag-danger","13":"tag-eu","14":"tag-europe","15":"tag-fr","16":"tag-france","17":"tag-jeu","18":"tag-lumiere","19":"tag-musique","20":"tag-news","21":"tag-rene","22":"tag-rennes","23":"tag-republique-francaise","24":"tag-stunfest","25":"tag-video","26":"tag-vit"},"share_on_mastodon":{"url":"https:\/\/pubeurope.com\/@fr\/115444010496936742","error":""},"_links":{"self":[{"href":"https:\/\/www.europesays.com\/fr\/wp-json\/wp\/v2\/posts\/492380","targetHints":{"allow":["GET"]}}],"collection":[{"href":"https:\/\/www.europesays.com\/fr\/wp-json\/wp\/v2\/posts"}],"about":[{"href":"https:\/\/www.europesays.com\/fr\/wp-json\/wp\/v2\/types\/post"}],"author":[{"embeddable":true,"href":"https:\/\/www.europesays.com\/fr\/wp-json\/wp\/v2\/users\/2"}],"replies":[{"embeddable":true,"href":"https:\/\/www.europesays.com\/fr\/wp-json\/wp\/v2\/comments?post=492380"}],"version-history":[{"count":0,"href":"https:\/\/www.europesays.com\/fr\/wp-json\/wp\/v2\/posts\/492380\/revisions"}],"wp:featuredmedia":[{"embeddable":true,"href":"https:\/\/www.europesays.com\/fr\/wp-json\/wp\/v2\/media\/492381"}],"wp:attachment":[{"href":"https:\/\/www.europesays.com\/fr\/wp-json\/wp\/v2\/media?parent=492380"}],"wp:term":[{"taxonomy":"category","embeddable":true,"href":"https:\/\/www.europesays.com\/fr\/wp-json\/wp\/v2\/categories?post=492380"},{"taxonomy":"post_tag","embeddable":true,"href":"https:\/\/www.europesays.com\/fr\/wp-json\/wp\/v2\/tags?post=492380"}],"curies":[{"name":"wp","href":"https:\/\/api.w.org\/{rel}","templated":true}]}}