{"id":492384,"date":"2025-10-27T03:31:23","date_gmt":"2025-10-27T03:31:23","guid":{"rendered":"https:\/\/www.europesays.com\/fr\/492384\/"},"modified":"2025-10-27T03:31:23","modified_gmt":"2025-10-27T03:31:23","slug":"moreira-decisif-panichelli-au-sommet-doukoure-inexcusable-les-tops-et-flops","status":"publish","type":"post","link":"https:\/\/www.europesays.com\/fr\/492384\/","title":{"rendered":"Moreira d\u00e9cisif, Panichelli au sommet, Doukour\u00e9 inexcusable&#8230; Les Tops et Flops"},"content":{"rendered":"<p>\n    L\u2019Olympique lyonnais a renvers\u00e9 le Racing club de Strasbourg (2-1), malgr\u00e9 un nouveau but de Panichelli, gr\u00e2ce \u00e0 un bijou de Moreira. Doukour\u00e9 a commis l\u2019irr\u00e9parable et bless\u00e9 Fofana.<\/p>\n<p class=\"fig-paragraph\">TOPS<\/p>\n<p>Le coup de g\u00e9nie de Moreira<\/p>\n<p class=\"fig-paragraph\">Il a fait rugir le Groupama Stadium\u00a0! Entr\u00e9 sur un coup du sort suite \u00e0 la terrible blessure de Malick Fofana (69e), victime d\u2019un \u00e9norme tacle d\u2019Isma\u00ebl Doukour\u00e9 (voir par ailleurs), le Portugais a sign\u00e9 son premier but sous les couleurs de l\u2019Olympique lyonnais en championnat. Une r\u00e9alisation m\u00e9morable. Alors que les locaux se cassaient les dents face \u00e0 la d\u00e9fense alsacienne, r\u00e9duite \u00e0 dix depuis l\u2019expulsion de Doukour\u00e9, Afonso Moreira est venu d\u00e9livrer l\u2019OL en inscrivant un but somptueux. Dans le temps additionnel, le Portugais est rentr\u00e9 sur son pied droit, a effac\u00e9 le marquage adverse, avant de placer une frappe imparable dans le petit filet oppos\u00e9 de Penders (2-1, 90+1) tout en crucifiant les Strasbourgeois. Un but sublime mais surtout d\u00e9cisif, qui a permis \u00e0\u00a0<a href=\"http:\/\/www.lefigaro.fr\/sports\/football\/ligue-1\/ligue-1-au-bout-du-suspense-lyon-crucifie-strasbourg-mais-perd-fofana-20251026\" data-fig-type=\"NewsFlash\" data-gtm-custom-categorie=\"navigation\" data-gtm-custom-action=\"crossclick\" data-gtm-custom-label=\"Contextuel\" data-gtm-event=\"customEventSPE\" data-fig-domain=\"LEFIGARO\" target=\"_blank\" rel=\"noopener\">l\u2019OL de prendre les trois points (2-1)<\/a>.<\/p>\n<p>                                    <a class=\"fig-a11y-skip a11y-hidden\" href=\"#fig-a11y-skip-main-inarticle\"><br \/>\n        Passer la publicit\u00e9<br \/>\n    <\/a><\/p>\n<p>Panichelli frappe encore<\/p>\n<p class=\"fig-paragraph\">Qui d\u2019autre que lui\u00a0? Quelques jours apr\u00e8s son \u00e9poustouflant retourn\u00e9 acrobatique en Ligue Conf\u00e9rence face \u00e0 Bialystok (1-1), Panichelli a encore frapp\u00e9 (de la t\u00eate) pour permettre au Racing de faire la course en t\u00eate contre l\u2019Olympique lyonnais. Sur une belle action collective, le buteur argentin a repris un centre parfait de Gu\u00e9la Dou\u00e9, qui signe d\u2019ailleurs sa troisi\u00e8me passe d\u00e9cisive de la saison, et a tromp\u00e9 le portier lyonnais d\u2019une t\u00eate imparable (0-1, 25e). L\u2019ancien joueur de deuxi\u00e8me division espagnole avec le Deportivo Mirandes a marqu\u00e9 son 10e but de la t\u00eate depuis la saison derni\u00e8re. Personne n\u2019a fait mieux dans les cinq grands championnats&#8230; Avec cette nouvelle r\u00e9alisation, Joaquin Panichelli tr\u00f4ne seul en t\u00eate du classement des buteurs (8 buts) devant Mason Greenwood (7). Clinique.<\/p>\n<p>Penders, des arr\u00eats de g\u00e9ant<\/p>\n<p class=\"fig-paragraph\">Le gardien belge n\u2019aura pas grand-chose \u00e0 se reprocher dans ce match. Sans lui, l\u2019addition aurait pu \u00eatre beaucoup plus cors\u00e9e pour le Racing. Tout d\u2019abord, il remporte son face-\u00e0-face contre Sulc (13e). Le jeune portier (20 ans) pr\u00eat\u00e9 par Chelsea, c\u2019est surtout fait remarquer en stoppant le penalty de Corentin Tolisso. Juste avant le tir au but, Mike Penders a regard\u00e9 ses petites antis\u00e8ches sur sa gourde&#8230; Des r\u00e9visions payantes pour le brillant g\u00e9ant (2 m\u00e8tres).<\/p>\n<p class=\"fig-paragraph\">FLOPS<\/p>\n<p>L\u2019\u00e9norme faute de Doukour\u00e9<\/p>\n<p class=\"fig-paragraph\">Le d\u00e9fenseur du Racing a commis l\u2019irr\u00e9parable. Tandis que la rencontre commen\u00e7ait \u00e0 s\u2019envenimer depuis plusieurs minutes, Isma\u00ebl Doukour\u00e9 a litt\u00e9ralement d\u00e9coup\u00e9 le pauvre Malick Fofana qui a d\u00fb sortir sur civi\u00e8re. Une faute qui n\u2019a servi \u00e0 rien, car M. Wattellier venait de siffler un pr\u00e9c\u00e9dent contact ill\u00e9gal de Sarr sur Tolisso. Dans un premier temps, l\u2019arbitre a seulement adress\u00e9 un carton jaune, mais apr\u00e8s l\u2019intervention de la Var, le rouge \u00e9tait sans appel. La commission de discipline devra maintenant statuer sur la sanction du Strasbourgeois tandis que la nature de la blessure de Fofana et sa dur\u00e9e d\u2019indisponibilit\u00e9 sont encore inconnues, m\u00eame si<a href=\"https:\/\/rmcsport.bfmtv.com\/football\/ligue-1\/direct-lyon-strasbourg-suivez-en-live-le-match-de-cloture-de-la-9e-journee-de-ligue-1_LS-202510260250.html\" target=\"_blank\" rel=\"sponsored noopener\" data-gtm-custom-categorie=\"navigation\" data-gtm-custom-action=\"crossclick\" data-gtm-custom-label=\"Contextuel\" data-gtm-event=\"customEventSPE\">\u00a0RMC Sport<\/a> \u00a0\u00e9voque une potentielle entorse de la cheville.<\/p>\n<p>Un penalty rat\u00e9 et de la nervosit\u00e9 pour Tolisso<\/p>\n<p class=\"fig-paragraph\">L\u2019international fran\u00e7ais (28 s\u00e9lections) est pass\u00e9 par toutes les \u00e9motions. En premi\u00e8re mi-temps, Corentin Tolisso subit une faute de Barco dans la surface de r\u00e9paration alsacienne. Il d\u00e9cide de se faire justice lui-m\u00eame en tirant le penalty, sauf que Mike Penders lit parfaitement dans son jeu et plonge du bon c\u00f4t\u00e9 (1-1, 42e)&#8230; Le tir au but n\u2019\u00e9tait \u00e9galement pas tr\u00e8s bien tir\u00e9 (ni au centre ni vraiment sur un c\u00f4t\u00e9 et \u00e0 mi-hauteur). L\u2019ancien joueur du Bayern Munich a \u00e9galement montr\u00e9 de la nervosit\u00e9, \u00e0 l\u2019image de son duel rugueux face \u00e0 Diego Moreira (sanctionn\u00e9 d\u2019un jaune) o\u00f9 il est v\u00e9ritablement tomb\u00e9 fou de rage ainsi que sur une nouvelle faute de Doukour\u00e9. Au final, Tolisso peut tout de m\u00eame repartir avec le sourire et le sentiment du devoir accompli car les Lyonnais sont de retour dans le Top 4\u00a0<a href=\"https:\/\/www.lefigaro.fr\/sports\/football\/ligue-1\/classement\" target=\"_blank\" rel=\"sponsored noopener\" data-gtm-custom-categorie=\"navigation\" data-gtm-custom-action=\"crossclick\" data-gtm-custom-label=\"Contextuel\" data-gtm-event=\"customEventSPE\">au classement de la Ligue 1<\/a>\u00a0(4e, 18 points).<\/p>\n","protected":false},"excerpt":{"rendered":"L\u2019Olympique lyonnais a renvers\u00e9 le Racing club de Strasbourg (2-1), malgr\u00e9 un nouveau but de Panichelli, gr\u00e2ce \u00e0&hellip;\n","protected":false},"author":2,"featured_media":492385,"comment_status":"","ping_status":"","sticky":false,"template":"","format":"standard","meta":{"footnotes":""},"categories":[2820],"tags":[1111,11,1777,674,1011,27,775,12,978,4448,25,640],"class_list":{"0":"post-492384","1":"post","2":"type-post","3":"status-publish","4":"format-standard","5":"has-post-thumbnail","7":"category-strasbourg","8":"tag-actu","9":"tag-actualites","10":"tag-eu","11":"tag-europe","12":"tag-fr","13":"tag-france","14":"tag-grand-est","15":"tag-news","16":"tag-olympique-lyonnais","17":"tag-rc-strasbourg","18":"tag-republique-francaise","19":"tag-strasbourg"},"share_on_mastodon":{"url":"https:\/\/pubeurope.com\/@fr\/115444022247027778","error":""},"_links":{"self":[{"href":"https:\/\/www.europesays.com\/fr\/wp-json\/wp\/v2\/posts\/492384","targetHints":{"allow":["GET"]}}],"collection":[{"href":"https:\/\/www.europesays.com\/fr\/wp-json\/wp\/v2\/posts"}],"about":[{"href":"https:\/\/www.europesays.com\/fr\/wp-json\/wp\/v2\/types\/post"}],"author":[{"embeddable":true,"href":"https:\/\/www.europesays.com\/fr\/wp-json\/wp\/v2\/users\/2"}],"replies":[{"embeddable":true,"href":"https:\/\/www.europesays.com\/fr\/wp-json\/wp\/v2\/comments?post=492384"}],"version-history":[{"count":0,"href":"https:\/\/www.europesays.com\/fr\/wp-json\/wp\/v2\/posts\/492384\/revisions"}],"wp:featuredmedia":[{"embeddable":true,"href":"https:\/\/www.europesays.com\/fr\/wp-json\/wp\/v2\/media\/492385"}],"wp:attachment":[{"href":"https:\/\/www.europesays.com\/fr\/wp-json\/wp\/v2\/media?parent=492384"}],"wp:term":[{"taxonomy":"category","embeddable":true,"href":"https:\/\/www.europesays.com\/fr\/wp-json\/wp\/v2\/categories?post=492384"},{"taxonomy":"post_tag","embeddable":true,"href":"https:\/\/www.europesays.com\/fr\/wp-json\/wp\/v2\/tags?post=492384"}],"curies":[{"name":"wp","href":"https:\/\/api.w.org\/{rel}","templated":true}]}}