{"id":492387,"date":"2025-10-27T03:35:18","date_gmt":"2025-10-27T03:35:18","guid":{"rendered":"https:\/\/www.europesays.com\/fr\/492387\/"},"modified":"2025-10-27T03:35:18","modified_gmt":"2025-10-27T03:35:18","slug":"octobre-rose-le-geste-des-crs-au-chu-de-nantes-sport","status":"publish","type":"post","link":"https:\/\/www.europesays.com\/fr\/492387\/","title":{"rendered":"Octobre rose. Le geste des CRS au CHU de Nantes . Sport"},"content":{"rendered":"<p>\u00c0 partir de l\u2019\u00e9cusson de leur compagnie, des membres de la CRS 82, bas\u00e9e \u00e0 Saint-Herblain, ont imagin\u00e9 et cr\u00e9\u00e9 un insigne sp\u00e9cial et tout en rose \u00e0 l\u2019occasion d\u2019Octobre rose, mois consacr\u00e9 au cancer du sein. Ils en ont fait fabriquer 200. Ces \u00e9cussons sont partis comme des petits pains. Certains ont \u00e9t\u00e9 acquis par des collectionneurs.<\/p>\n<p>Gr\u00e2ce \u00e0 cette vente, 1\u00a0000\u00a0\u20ac ont \u00e9t\u00e9 revers\u00e9s au CHU de Nantes au service d\u2019oncologie. Cette somme servira \u00e0 acheter des brassi\u00e8res personnalis\u00e9es \u00e0 des\u00a0patientes. Le ch\u00e8que a \u00e9t\u00e9 remis \u00e0 l\u2019espace cancer (situ\u00e9 au rez-de-chauss\u00e9e \u00e0 droite de la caf\u00e9t\u00e9ria), o\u00f9 les patients et leurs familles peuvent trouver de l\u2019information m\u00e9dicale (notamment sur les soins de support au CHU), mais aussi sociale et juridique.<\/p>\n<p>\t<img decoding=\"async\" src=\"https:\/\/www.europesays.com\/fr\/wp-content\/uploads\/2025\/10\/P35546166D7037971G_px_640_.jpg\" alt=\"photo l\u2019\u00e9cusson con\u00e7u tout sp\u00e9cialement pour octobre rose, pr\u00e8s de celui de la crs 82.  \u00a9  ouest-france\" width=\"640\" title=\" L\u2019\u00e9cusson con\u00e7u tout sp\u00e9cialement pour Octobre rose, pr\u00e8s de celui de la CRS 82.   Ouest-France \"\/><\/p>\n<p class=\"elmt-legende\"> L\u2019\u00e9cusson con\u00e7u tout sp\u00e9cialement pour Octobre rose, pr\u00e8s de celui de la CRS 82.   Ouest-France <\/p>\n<p>\u00a0<\/p>\n","protected":false},"excerpt":{"rendered":"\u00c0 partir de l\u2019\u00e9cusson de leur compagnie, des membres de la CRS 82, bas\u00e9e \u00e0 Saint-Herblain, ont imagin\u00e9&hellip;\n","protected":false},"author":2,"featured_media":492388,"comment_status":"","ping_status":"","sticky":false,"template":"","format":"standard","meta":{"footnotes":""},"categories":[2818],"tags":[1111,11,3809,1465,1777,674,63,1011,27,1792,1922,766,12,2636,25,479,3272,517,1470],"class_list":{"0":"post-492387","1":"post","2":"type-post","3":"status-publish","4":"format-standard","5":"has-post-thumbnail","7":"category-nantes","8":"tag-actu","9":"tag-actualites","10":"tag-ball","11":"tag-basket","12":"tag-eu","13":"tag-europe","14":"tag-football","15":"tag-fr","16":"tag-france","17":"tag-handball","18":"tag-info","19":"tag-nantes","20":"tag-news","21":"tag-pays-de-la-loire","22":"tag-republique-francaise","23":"tag-rugby","24":"tag-saint-nazaire","25":"tag-sport","26":"tag-volley"},"share_on_mastodon":{"url":"https:\/\/pubeurope.com\/@fr\/115444038896497451","error":""},"_links":{"self":[{"href":"https:\/\/www.europesays.com\/fr\/wp-json\/wp\/v2\/posts\/492387","targetHints":{"allow":["GET"]}}],"collection":[{"href":"https:\/\/www.europesays.com\/fr\/wp-json\/wp\/v2\/posts"}],"about":[{"href":"https:\/\/www.europesays.com\/fr\/wp-json\/wp\/v2\/types\/post"}],"author":[{"embeddable":true,"href":"https:\/\/www.europesays.com\/fr\/wp-json\/wp\/v2\/users\/2"}],"replies":[{"embeddable":true,"href":"https:\/\/www.europesays.com\/fr\/wp-json\/wp\/v2\/comments?post=492387"}],"version-history":[{"count":0,"href":"https:\/\/www.europesays.com\/fr\/wp-json\/wp\/v2\/posts\/492387\/revisions"}],"wp:featuredmedia":[{"embeddable":true,"href":"https:\/\/www.europesays.com\/fr\/wp-json\/wp\/v2\/media\/492388"}],"wp:attachment":[{"href":"https:\/\/www.europesays.com\/fr\/wp-json\/wp\/v2\/media?parent=492387"}],"wp:term":[{"taxonomy":"category","embeddable":true,"href":"https:\/\/www.europesays.com\/fr\/wp-json\/wp\/v2\/categories?post=492387"},{"taxonomy":"post_tag","embeddable":true,"href":"https:\/\/www.europesays.com\/fr\/wp-json\/wp\/v2\/tags?post=492387"}],"curies":[{"name":"wp","href":"https:\/\/api.w.org\/{rel}","templated":true}]}}