{"id":492389,"date":"2025-10-27T03:36:33","date_gmt":"2025-10-27T03:36:33","guid":{"rendered":"https:\/\/www.europesays.com\/fr\/492389\/"},"modified":"2025-10-27T03:36:33","modified_gmt":"2025-10-27T03:36:33","slug":"previsions-du-lundi-27-octobre-2025-9","status":"publish","type":"post","link":"https:\/\/www.europesays.com\/fr\/492389\/","title":{"rendered":"pr\u00e9visions du lundi 27 octobre 2025"},"content":{"rendered":"<p>Aujourd&rsquo;hui, toujours des nuages dans le ciel qui emp\u00eachent le soleil d&rsquo;appara\u00eetre \u00e0 Nantes. Les valeurs tourneront autour des 14\u00b0C. Un vent d&rsquo;ouest est pr\u00e9vu : il soufflera \u00e0 26 km\/h. On notera la pr\u00e9sence persistante de nuages le matin. Les maximales atteindront les 16\u00b0C et les minimales seront de 14\u00b0C. La grisaille ne se dissipe toujours pas, il y aura encore des nuages l&rsquo;apr\u00e8s-midi. Des pluies \u00e9parses sont attendues. Les temp\u00e9ratures iront de 14 \u00e0 17\u00b0C. La ville profitera de quelques \u00e9claircies le soir. Les valeurs afficheront entre 12 et 13\u00b0C. Durant la nuit de lundi \u00e0 mardi, le ciel sera pluvieux.<\/p>\n<p>Demain, le soleil sera cach\u00e9 derri\u00e8re des nuages \u00e0 Nantes, o\u00f9 le ciel sera maussade. Mauvais temps : on pr\u00e9voit des pluies \u00e9parses. On anticipe des temp\u00e9ratures avoisinant 14\u00b0C. Un vent de sud-ouest rafra\u00eechira quelque peu l&rsquo;atmosph\u00e8re. La matin\u00e9e va rester couverte \u00e0 cause de nuages qui se maintiennent dans le ciel. Il fera environ 14\u00b0C. Le soleil aura du mal \u00e0 percer au milieu des nuages qui subsisteront dans l&rsquo;apr\u00e8s-midi. Les valeurs seront comprises entre 14\u00b0C et 16\u00b0C. Les nuages \u00e0 pr\u00e9voir demain soir, et un ciel encore gris. Il va pleuvoir. Il va faire 13\u00b0C en moyenne.<\/p>\n<p>Des changements sont pr\u00e9vus pour les jours \u00e0 venir. La m\u00e9t\u00e9o sera ensoleill\u00e9e mercredi mais elle conna\u00eetra une d\u00e9gradation jeudi.<\/p>\n<p><\/p>\n","protected":false},"excerpt":{"rendered":"Aujourd&rsquo;hui, toujours des nuages dans le ciel qui emp\u00eachent le soleil d&rsquo;appara\u00eetre \u00e0 Nantes. Les valeurs tourneront autour&hellip;\n","protected":false},"author":2,"featured_media":492390,"comment_status":"","ping_status":"","sticky":false,"template":"","format":"standard","meta":{"footnotes":""},"categories":[2818],"tags":[1111,11,1777,674,1011,27,766,12,2636,2119,25],"class_list":{"0":"post-492389","1":"post","2":"type-post","3":"status-publish","4":"format-standard","5":"has-post-thumbnail","7":"category-nantes","8":"tag-actu","9":"tag-actualites","10":"tag-eu","11":"tag-europe","12":"tag-fr","13":"tag-france","14":"tag-nantes","15":"tag-news","16":"tag-pays-de-la-loire","17":"tag-previsions-meteo","18":"tag-republique-francaise"},"share_on_mastodon":{"url":"https:\/\/pubeurope.com\/@fr\/115444041875941099","error":""},"_links":{"self":[{"href":"https:\/\/www.europesays.com\/fr\/wp-json\/wp\/v2\/posts\/492389","targetHints":{"allow":["GET"]}}],"collection":[{"href":"https:\/\/www.europesays.com\/fr\/wp-json\/wp\/v2\/posts"}],"about":[{"href":"https:\/\/www.europesays.com\/fr\/wp-json\/wp\/v2\/types\/post"}],"author":[{"embeddable":true,"href":"https:\/\/www.europesays.com\/fr\/wp-json\/wp\/v2\/users\/2"}],"replies":[{"embeddable":true,"href":"https:\/\/www.europesays.com\/fr\/wp-json\/wp\/v2\/comments?post=492389"}],"version-history":[{"count":0,"href":"https:\/\/www.europesays.com\/fr\/wp-json\/wp\/v2\/posts\/492389\/revisions"}],"wp:featuredmedia":[{"embeddable":true,"href":"https:\/\/www.europesays.com\/fr\/wp-json\/wp\/v2\/media\/492390"}],"wp:attachment":[{"href":"https:\/\/www.europesays.com\/fr\/wp-json\/wp\/v2\/media?parent=492389"}],"wp:term":[{"taxonomy":"category","embeddable":true,"href":"https:\/\/www.europesays.com\/fr\/wp-json\/wp\/v2\/categories?post=492389"},{"taxonomy":"post_tag","embeddable":true,"href":"https:\/\/www.europesays.com\/fr\/wp-json\/wp\/v2\/tags?post=492389"}],"curies":[{"name":"wp","href":"https:\/\/api.w.org\/{rel}","templated":true}]}}