{"id":492397,"date":"2025-10-27T03:41:25","date_gmt":"2025-10-27T03:41:25","guid":{"rendered":"https:\/\/www.europesays.com\/fr\/492397\/"},"modified":"2025-10-27T03:41:25","modified_gmt":"2025-10-27T03:41:25","slug":"les-toulonnais-sinclinent-a-toulouse-59-a-24","status":"publish","type":"post","link":"https:\/\/www.europesays.com\/fr\/492397\/","title":{"rendered":"les Toulonnais s\u2019inclinent \u00e0 Toulouse (59 \u00e0 24)"},"content":{"rendered":"<p class=\"fs-5 \">Les saisons passent et le tarif reste toujours le m\u00eame lorsque Toulon affronte le champion de France Toulousain en Top 14.<\/p>\n<p class=\"fs-5 \">D\u00e9faits 57 \u00e0 5 en 2024, puis 50 \u00e0 16 au stade V\u00e9lodrome en mai dernier, les Varois en ont encore pris 59 ce soir en Haute-Garonne.<\/p>\n<p class=\"fs-5 \">Certes, ils sont parvenus \u00e0 inscrire 24 points. Mais le match \u00e9tait d\u00e9j\u00e0 pli\u00e9 depuis belle lurette puisque le Stade Toulousain menait 31 \u00e0 3 \u00e0 la 53e minute de jeu.<\/p>\n<p>            <img src=\"https:\/\/www.europesays.com\/fr\/wp-content\/uploads\/2025\/10\/6151558_upload-from-url-1-becn3zmpj52m-data-art-16483410.jpg\"   loading=\"lazy\" decoding=\"async\" alt=\"Au Stadium de Toulouse, J\u00e9r\u00e9my Sinzelle encha\u00eenera sa troisi\u00e8me titularisation cons\u00e9cutive. photo Florian Escoffier \" class=\"img-fluid position-absolute w-100 object-fit-cover rounded-2\" width=\"600\" height=\"400\"\/><\/p>\n<p class=\"fs-5 \">Pourtant les hommes de Pierre Mignoni ont donn\u00e9 l\u2019illusion de pouvoir rivaliser par moment avec leurs adversaires. Sauf qu\u2019ils ont pay\u00e9 au prix fort leur indiscipline puisqu\u2019 ils ont encaiss\u00e9 cinq de leur huit essais en inf\u00e9riorit\u00e9 num\u00e9rique.<\/p>\n<p class=\"fs-5 \">Une le\u00e7on de r\u00e9alisme et d\u2019efficacit\u00e9 qui met en lumi\u00e8re la diff\u00e9rence qui s\u00e9pare encore ces deux formations,. m\u00eame s\u2019il est \u00e0 not\u00e9 que Pierre Mignoni avait d\u00e9cid\u00e9 de mettre au repos certains de ses joueurs cadres (Abadie, Brex, Ribbans, Serin, Garbisi, Dr\u00e9an).<\/p>\n<p>            <img src=\"https:\/\/www.europesays.com\/fr\/wp-content\/uploads\/2025\/10\/8c0ea3b_upload-from-url-1-fqdkxks4zeei-data-art-16483400.jpg\"   loading=\"lazy\" decoding=\"async\" alt=\"Une grande bataille attend Pierre Damond et ses co\u00e9quipiers au Stadium de Toulouse. Photo Frank Muller \" class=\"img-fluid position-absolute w-100 object-fit-cover rounded-2\" width=\"600\" height=\"400\"\/><\/p>\n<p class=\"fs-5 \">Il n\u2019emp\u00eache que les Varois esp\u00e9raient un tout autre sc\u00e9nario afin de rendre hommage \u00e0 la l\u00e9gende Andr\u00e9 Herrero, d\u00e9c\u00e9d\u00e9 \u00e0 l\u2019\u00e2ge de 87 ans dans la nuit de jeudi \u00e0 vendredi.<\/p>\n<p class=\"fs-5 \">Il va falloir n\u00e9anmoins vite tourner la page et se concentrer sur les deux prochaines r\u00e9ceptions du LOU et de La Rochelle au stade Mayol afin de recoller au peloton de t\u00eate.<\/p>\n","protected":false},"excerpt":{"rendered":"Les saisons passent et le tarif reste toujours le m\u00eame lorsque Toulon affronte le champion de France Toulousain&hellip;\n","protected":false},"author":2,"featured_media":492398,"comment_status":"","ping_status":"","sticky":false,"template":"","format":"standard","meta":{"footnotes":""},"categories":[2816],"tags":[1111,11,1777,674,1011,27,12,2680,3461,25,2312],"class_list":{"0":"post-492397","1":"post","2":"type-post","3":"status-publish","4":"format-standard","5":"has-post-thumbnail","7":"category-toulouse","8":"tag-actu","9":"tag-actualites","10":"tag-eu","11":"tag-europe","12":"tag-fr","13":"tag-france","14":"tag-news","15":"tag-occitanie","16":"tag-rct","17":"tag-republique-francaise","18":"tag-toulouse"},"share_on_mastodon":{"url":"https:\/\/pubeurope.com\/@fr\/115444061982336193","error":""},"_links":{"self":[{"href":"https:\/\/www.europesays.com\/fr\/wp-json\/wp\/v2\/posts\/492397","targetHints":{"allow":["GET"]}}],"collection":[{"href":"https:\/\/www.europesays.com\/fr\/wp-json\/wp\/v2\/posts"}],"about":[{"href":"https:\/\/www.europesays.com\/fr\/wp-json\/wp\/v2\/types\/post"}],"author":[{"embeddable":true,"href":"https:\/\/www.europesays.com\/fr\/wp-json\/wp\/v2\/users\/2"}],"replies":[{"embeddable":true,"href":"https:\/\/www.europesays.com\/fr\/wp-json\/wp\/v2\/comments?post=492397"}],"version-history":[{"count":0,"href":"https:\/\/www.europesays.com\/fr\/wp-json\/wp\/v2\/posts\/492397\/revisions"}],"wp:featuredmedia":[{"embeddable":true,"href":"https:\/\/www.europesays.com\/fr\/wp-json\/wp\/v2\/media\/492398"}],"wp:attachment":[{"href":"https:\/\/www.europesays.com\/fr\/wp-json\/wp\/v2\/media?parent=492397"}],"wp:term":[{"taxonomy":"category","embeddable":true,"href":"https:\/\/www.europesays.com\/fr\/wp-json\/wp\/v2\/categories?post=492397"},{"taxonomy":"post_tag","embeddable":true,"href":"https:\/\/www.europesays.com\/fr\/wp-json\/wp\/v2\/tags?post=492397"}],"curies":[{"name":"wp","href":"https:\/\/api.w.org\/{rel}","templated":true}]}}