{"id":492401,"date":"2025-10-27T03:45:43","date_gmt":"2025-10-27T03:45:43","guid":{"rendered":"https:\/\/www.europesays.com\/fr\/492401\/"},"modified":"2025-10-27T03:45:43","modified_gmt":"2025-10-27T03:45:43","slug":"les-influenceurs-beurz-life-a-la-rencontre-des-habitants-de-felix-pyat-a-marseille","status":"publish","type":"post","link":"https:\/\/www.europesays.com\/fr\/492401\/","title":{"rendered":"les influenceurs \u00ab\u00a0Beur&rsquo;z life\u00a0\u00bb \u00e0 la rencontre des habitants de F\u00e9lix-Pyat \u00e0 Marseille"},"content":{"rendered":"<p>Le bonnet viss\u00e9 sur la t\u00eate, Noureddine, 14 ans, se pr\u00e9cipite sur son idole pour faire un selfie. Ce dimanche 26 octobre 2025, dans l\u2019apr\u00e8s-midi, l\u2019influenceur Fay\u00e7al, un des jumeaux <a href=\"https:\/\/www.instagram.com\/beurzlifeofficiel\/?hl=fr\" target=\"_blank\" rel=\"noopener\">des fr\u00e8res \u00ab\u00a0Beur\u2019z life\u00a0\u00bb<\/a>, a fait halte au pied de la tour Fraternit\u00e9 du quartier <a href=\"https:\/\/www.laprovence.com\/article\/region\/5667470010426914\/on-est-laisses-a-labandon-a-felix-pyat-a-marseille-ces-habitants-prives-dascenseur-grimpent-20-etages-a-pied\" target=\"_blank\" rel=\"noopener\">F\u00e9lix-Pyat<\/a> (3e) avec sa fameuse machine Punching-Ball. Depuis deux ans, les deux fr\u00e8res, originaires de Valenton (Val-de-Marne), ont entrepris <strong>un tour de France des quartiers<\/strong>.<\/p>\n<p>\u00ab\u00a0Faire vivre les quartiers\u00a0\u00bb<\/p>\n<p>Le principe est simple. \u00c0 tour de r\u00f4le, petits et grands, hommes et femmes sont invit\u00e9s \u00e0 venir tester leur puissance sur le Punching-Ball. Les vainqueurs se r\u00e9partissent un prix de <strong>30\u00a0000\u00a0euros<\/strong>. Mais l\u00e0 n\u2019est pas l\u2019essentiel. \u00ab\u00a0L\u2019objectif, c\u2019est de cr\u00e9er du lien entre les habitants des quartiers et entre les g\u00e9n\u00e9rations et de faire vivre les quartiers\u00a0\u00bb, explique Fay\u00e7al, entre deux interventions au micro.<\/p>\n<p>\u00c0 <a href=\"https:\/\/www.laprovence.com\/bouches-du-rhone\/marseille-13055\" target=\"_blank\" rel=\"noopener\">Marseille<\/a>, c\u2019est vers la \u00ab\u00a0team Reyes\u00a0\u00bb, le club de boxe historique de F\u00e9lix Pyat, que \u00ab\u00a0Les Beur\u2019z life\u00a0\u00bb se sont tourn\u00e9 pour organiser cet \u00e9v\u00e9nement populaire. \u00ab\u00a0On a environ 250 adh\u00e9rents, des enfants, des adultes, des gar\u00e7ons, des filles,\u00a0etc., raconte <strong>Yacine Medjou<\/strong>, pr\u00e9sident du club et ancien boxeur professionnel. On pro&#8230;<\/p>\n<p><script async src=\"\/\/www.instagram.com\/embed.js\"><\/script><\/p>\n","protected":false},"excerpt":{"rendered":"Le bonnet viss\u00e9 sur la t\u00eate, Noureddine, 14 ans, se pr\u00e9cipite sur son idole pour faire un selfie.&hellip;\n","protected":false},"author":2,"featured_media":492402,"comment_status":"","ping_status":"","sticky":false,"template":"","format":"standard","meta":{"footnotes":""},"categories":[2814],"tags":[17,1111,11,61525,154,1777,674,1011,27,2480,151,884,12,882,5116,25,104,3584],"class_list":{"0":"post-492401","1":"post","2":"type-post","3":"status-publish","4":"format-standard","5":"has-post-thumbnail","7":"category-marseille","8":"tag-17","9":"tag-actu","10":"tag-actualites","11":"tag-beurz","12":"tag-des","13":"tag-eu","14":"tag-europe","15":"tag-fr","16":"tag-france","17":"tag-influenceurs","18":"tag-les","19":"tag-marseille","20":"tag-news","21":"tag-provence-alpes-cote-dazur","22":"tag-quartiers","23":"tag-republique-francaise","24":"tag-societe","25":"tag-tour"},"share_on_mastodon":{"url":"https:\/\/pubeurope.com\/@fr\/115444077259552630","error":""},"_links":{"self":[{"href":"https:\/\/www.europesays.com\/fr\/wp-json\/wp\/v2\/posts\/492401","targetHints":{"allow":["GET"]}}],"collection":[{"href":"https:\/\/www.europesays.com\/fr\/wp-json\/wp\/v2\/posts"}],"about":[{"href":"https:\/\/www.europesays.com\/fr\/wp-json\/wp\/v2\/types\/post"}],"author":[{"embeddable":true,"href":"https:\/\/www.europesays.com\/fr\/wp-json\/wp\/v2\/users\/2"}],"replies":[{"embeddable":true,"href":"https:\/\/www.europesays.com\/fr\/wp-json\/wp\/v2\/comments?post=492401"}],"version-history":[{"count":0,"href":"https:\/\/www.europesays.com\/fr\/wp-json\/wp\/v2\/posts\/492401\/revisions"}],"wp:featuredmedia":[{"embeddable":true,"href":"https:\/\/www.europesays.com\/fr\/wp-json\/wp\/v2\/media\/492402"}],"wp:attachment":[{"href":"https:\/\/www.europesays.com\/fr\/wp-json\/wp\/v2\/media?parent=492401"}],"wp:term":[{"taxonomy":"category","embeddable":true,"href":"https:\/\/www.europesays.com\/fr\/wp-json\/wp\/v2\/categories?post=492401"},{"taxonomy":"post_tag","embeddable":true,"href":"https:\/\/www.europesays.com\/fr\/wp-json\/wp\/v2\/tags?post=492401"}],"curies":[{"name":"wp","href":"https:\/\/api.w.org\/{rel}","templated":true}]}}