{"id":492408,"date":"2025-10-27T03:52:29","date_gmt":"2025-10-27T03:52:29","guid":{"rendered":"https:\/\/www.europesays.com\/fr\/492408\/"},"modified":"2025-10-27T03:52:29","modified_gmt":"2025-10-27T03:52:29","slug":"est-ce-quon-a-retrouve-les-bijoux-devant-le-louvre-des-questions-apres-les-premieres-interpellations","status":"publish","type":"post","link":"https:\/\/www.europesays.com\/fr\/492408\/","title":{"rendered":"\u00ab\u00a0Est-ce qu\u2019on a retrouv\u00e9 les bijoux\u00a0?\u00a0\u00bb\u00a0: devant le Louvre, des questions apr\u00e8s les premi\u00e8res interpellations"},"content":{"rendered":"<p class=\"paragraph text_align_left lp-f-body-02\">Une seule question br\u00fble d\u00e9sormais les l\u00e8vres des touristes\u00a0: \u00ab\u00a0Est-ce qu\u2019on a retrouv\u00e9 les bijoux\u00a0?\u00a0\u00bb, s\u2019interrogent Pico et Wuki, deux amies de 37 et 45 ans, venues passer le week-end dans la capitale fran\u00e7aise. C\u2019est aussi la premi\u00e8re r\u00e9action de Richard, un Lyonnais, et celle de Marith\u00e9 et Armando, deux Portugais d\u2019origine qui vivent dans l\u2019Hexagone depuis des d\u00e9cennies. Partis t\u00f4t pour l\u2019une de leurs balades r\u00e9guli\u00e8res dans les rues de Paris, ces deux Franciliens n\u2019ont pas vu les informations ce matin.<\/p>\n","protected":false},"excerpt":{"rendered":"Une seule question br\u00fble d\u00e9sormais les l\u00e8vres des touristes\u00a0: \u00ab\u00a0Est-ce qu\u2019on a retrouv\u00e9 les bijoux\u00a0?\u00a0\u00bb, s\u2019interrogent Pico et&hellip;\n","protected":false},"author":2,"featured_media":492409,"comment_status":"","ping_status":"","sticky":false,"template":"","format":"standard","meta":{"footnotes":""},"categories":[1888],"tags":[1111,1928,11,1927,1777,674,118,1011,27,1944,12,1926,626,1925,25],"class_list":{"0":"post-492408","1":"post","2":"type-post","3":"status-publish","4":"format-standard","5":"has-post-thumbnail","7":"category-paris","8":"tag-actu","9":"tag-actu-paris","10":"tag-actualites","11":"tag-actualites-paris","12":"tag-eu","13":"tag-europe","14":"tag-faits-divers","15":"tag-fr","16":"tag-france","17":"tag-ma-ville","18":"tag-news","19":"tag-news-paris","20":"tag-paris","21":"tag-paris-news","22":"tag-republique-francaise"},"share_on_mastodon":{"url":"https:\/\/pubeurope.com\/@fr\/115444104864609441","error":""},"_links":{"self":[{"href":"https:\/\/www.europesays.com\/fr\/wp-json\/wp\/v2\/posts\/492408","targetHints":{"allow":["GET"]}}],"collection":[{"href":"https:\/\/www.europesays.com\/fr\/wp-json\/wp\/v2\/posts"}],"about":[{"href":"https:\/\/www.europesays.com\/fr\/wp-json\/wp\/v2\/types\/post"}],"author":[{"embeddable":true,"href":"https:\/\/www.europesays.com\/fr\/wp-json\/wp\/v2\/users\/2"}],"replies":[{"embeddable":true,"href":"https:\/\/www.europesays.com\/fr\/wp-json\/wp\/v2\/comments?post=492408"}],"version-history":[{"count":0,"href":"https:\/\/www.europesays.com\/fr\/wp-json\/wp\/v2\/posts\/492408\/revisions"}],"wp:featuredmedia":[{"embeddable":true,"href":"https:\/\/www.europesays.com\/fr\/wp-json\/wp\/v2\/media\/492409"}],"wp:attachment":[{"href":"https:\/\/www.europesays.com\/fr\/wp-json\/wp\/v2\/media?parent=492408"}],"wp:term":[{"taxonomy":"category","embeddable":true,"href":"https:\/\/www.europesays.com\/fr\/wp-json\/wp\/v2\/categories?post=492408"},{"taxonomy":"post_tag","embeddable":true,"href":"https:\/\/www.europesays.com\/fr\/wp-json\/wp\/v2\/tags?post=492408"}],"curies":[{"name":"wp","href":"https:\/\/api.w.org\/{rel}","templated":true}]}}