{"id":492416,"date":"2025-10-27T03:56:26","date_gmt":"2025-10-27T03:56:26","guid":{"rendered":"https:\/\/www.europesays.com\/fr\/492416\/"},"modified":"2025-10-27T03:56:26","modified_gmt":"2025-10-27T03:56:26","slug":"russie-le-burevestnik-le-nouveau-missile-de-croisiere-a-propulsion-nucleaire-vante-par-poutine","status":"publish","type":"post","link":"https:\/\/www.europesays.com\/fr\/492416\/","title":{"rendered":"Russie : le Burevestnik, le nouveau missile de croisi\u00e8re \u00e0 propulsion nucl\u00e9aire vant\u00e9 par Poutine"},"content":{"rendered":"<ul class=\"jsx-862013697 ArticleChapo__List\">\n<li class=\"jsx-862013697 ArticleChapo__List_Item flex\">Vladimir Poutine a annonc\u00e9 ce dimanche que les essais d&rsquo;un missile de croisi\u00e8re russe \u00e0 propulsion nucl\u00e9aire \u00e9taient r\u00e9ussis.<\/li>\n<li class=\"jsx-862013697 ArticleChapo__List_Item flex\">Ce nouveau \u00ab\u00a0joyau\u00a0\u00bb de l&rsquo;arm\u00e9e russe pourrait avoir une port\u00e9e \u00ab\u00a0illimit\u00e9e\u00a0\u00bb, selon le ma\u00eetre du Kremlin.<\/li>\n<\/ul>\n<p><a href=\"https:\/\/www.tf1info.fr\/actualite\/guerre-ukraine-russie-une-rencontre-donald-trump-vladimir-poutine-historique-le-vendredi-15-aout-2025-en-alaska-sans-volodymyr-zelensky-14326\/\" rel=\"noopener\" class=\"jsx-484472199 Link jsx-1428418400 jsx-554215408\" target=\"_blank\"><\/p>\n<p style=\"font-weight:400\" class=\"jsx-1837267516\">Suivez la couverture compl\u00e8te<\/p>\n<p style=\"font-weight:800\" class=\"jsx-1837267516\">Ukraine-Russie : l&rsquo;espoir de n\u00e9gociations au point mort<\/p>\n<p><\/a><\/p>\n<p data-module=\"article-paragraph\" class=\"jsx-3046738180 Paragraph Paragraph__End\">Un nouvel armement potentiel pour Moscou. Le pr\u00e9sident de la Russie <a href=\"https:\/\/www.tf1info.fr\/actualite\/vladimir-poutine-10297\/\" target=\"_blank\" rel=\"noopener\">Vladimir Poutine<\/a> a annonc\u00e9 ce dimanche 26 octobre un essai final r\u00e9ussi d&rsquo;un missile de croisi\u00e8re russe \u00e0 propulsion nucl\u00e9aire, appel\u00e9 <a href=\"https:\/\/www.tf1info.fr\/international\/video-lci-guerre-ukraine-qu-est-ce-que-le-burevestnik-premier-missile-9m730-russe-a-propulsion-nucleaire-2271854.html\" target=\"_blank\" rel=\"noopener\">\u00ab\u00a0Burevestnik\u00a0\u00bb<\/a>, en faisant l&rsquo;\u00e9loge de cette arme \u00ab\u00a0unique\u00a0\u00bb d&rsquo;une port\u00e9e allant jusqu&rsquo;\u00e0 14.000 kilom\u00e8tres, en pleine <a href=\"https:\/\/www.tf1info.fr\/regions\/video-les-filets-sauvent-des-vies-des-pecheurs-bretons-aident-l-ukraine-a-se-proteger-des-drones-russes-2402795.html\" target=\"_blank\" rel=\"noopener\">offensive russe en Ukraine<\/a>.<\/p>\n<p>\u00ab\u00a0Pr\u00e9cision garantie contre des sites \u00e0 n&rsquo;importe quelle distance\u00a0\u00bb<\/p>\n<p data-module=\"article-paragraph\" class=\"jsx-3046738180 Paragraph Paragraph__End\">\u00ab\u00a0Les tests d\u00e9cisifs sont d\u00e9sormais achev\u00e9s\u00a0\u00bb, a d\u00e9clar\u00e9 le pr\u00e9sident russe dans une vid\u00e9o diffus\u00e9e par <a href=\"https:\/\/www.tf1info.fr\/international\/le-kremlin-envisage-une-attaque-contre-l-otan-la-mise-en-garde-d-un-commissaire-europeen-a-la-defense-2399299.html\" target=\"_blank\" rel=\"noopener\">le Kremlin<\/a>, lors d&rsquo;une r\u00e9union avec des responsables militaires, en ordonnant de commencer \u00e0 \u00ab\u00a0pr\u00e9parer les infrastructures pour mettre en service cet armement dans les forces arm\u00e9es\u00a0\u00bb russes. \u00ab\u00a0C&rsquo;est une cr\u00e9ation unique que personne d&rsquo;autre dans le monde ne poss\u00e8de\u00a0\u00bb, a assur\u00e9 le ma\u00eetre du Kremlin, selon lequel le Burevestnik (oiseau de temp\u00eate en russe) poss\u00e8de une \u00ab\u00a0port\u00e9e illimit\u00e9e\u00a0\u00bb.<\/p>\n<p data-module=\"article-paragraph\" class=\"jsx-3046738180 Paragraph Paragraph__End\">Lors du dernier essai le 21 octobre, le missile Burevestnik a pass\u00e9 dans l&rsquo;air \u00ab\u00a0environ 15 heures\u00a0\u00bb, en survolant 14.000 kilom\u00e8tres, a pr\u00e9cis\u00e9 pour sa part le chef de l&rsquo;\u00e9tat-major russe, <a href=\"https:\/\/www.tf1info.fr\/international\/video-guerre-ukraine-russie-le-general-guerassimov-inventeur-de-la-guerre-nouvelle-generation-et-nouveau-commandant-de-l-armee-russe-en-ukraine-2244695.html\" target=\"_blank\" rel=\"noopener\">Val\u00e9ri Gu\u00e9rassimov<\/a>, en ajoutant que \u00ab\u00a0ce n&rsquo;est pas une limite\u00a0\u00bb pour cet armement. \u00ab\u00a0Les caract\u00e9ristiques techniques du Burevestnik permettent de l&rsquo;utiliser avec une pr\u00e9cision garantie contre des sites hautement prot\u00e9g\u00e9s situ\u00e9s \u00e0 n&rsquo;importe quelle distance\u00a0\u00bb, a-t-il affirm\u00e9.<\/p>\n<p><a href=\"https:\/\/www.tf1info.fr\/international\/de-paris-a-berlin-la-crainte-d-un-conflit-avec-la-russie-dans-trois-quatre-ans-2402334.html\" rel=\"noopener\" class=\"jsx-3308031228 Link flex\" target=\"_blank\"><img decoding=\"async\" src=\"https:\/\/www.europesays.com\/fr\/wp-content\/uploads\/2025\/10\/macron-merz-2026-62e043-0@1x.jpeg\" alt=\"Emmanuel Macron aux c\u00f4t\u00e9 du chancelier allemand Friedrich Merz.\" loading=\"lazy\" importance=\"low\" fetchpriority=\"low\" class=\"\" aria-hidden=\"true\"\/><\/p>\n<p class=\"jsx-3657663356 ReadMoreArticle__Title\">Lire aussi<\/p>\n<p class=\"jsx-3657663356\">De Paris \u00e0 Berlin, la crainte d&rsquo;un conflit avec la Russie \u00ab\u00a0dans trois, quatre ans\u00a0\u00bb<\/p>\n<p><\/a><\/p>\n<p data-module=\"article-paragraph\" class=\"jsx-3046738180 Paragraph Paragraph__End\">Des affirmations peu r\u00e9alistes, selon Ga\u00ebtan Powis, journaliste d\u00e9fense pour Air &amp; Cosmos. \u00ab\u00a0Son syst\u00e8me est extr\u00eamement compliqu\u00e9\u00a0\u00bb, indique-t-il sur LCI. \u00ab\u00a0Ce missile a un r\u00e9acteur nucl\u00e9aire, qui a donc besoin d&rsquo;\u00eatre refroidi avec un liquide stock\u00e9 dans un r\u00e9servoir\u00a0\u00bb, pr\u00e9cise-t-il. \u00ab\u00a0Lorsque le r\u00e9servoir est vide, le moteur surchauffe et le missile est perdu. Il a donc une port\u00e9e tr\u00e8s longue, mais absolument pas illimit\u00e9e.\u00a0\u00bb<\/p>\n<p>I.N avec AFP<\/p>\n","protected":false},"excerpt":{"rendered":"Vladimir Poutine a annonc\u00e9 ce dimanche que les essais d&rsquo;un missile de croisi\u00e8re russe \u00e0 propulsion nucl\u00e9aire \u00e9taient&hellip;\n","protected":false},"author":2,"featured_media":492417,"comment_status":"","ping_status":"","sticky":false,"template":"","format":"standard","meta":{"footnotes":""},"categories":[1591],"tags":[1111,11,1921,5925,1887,1922,12,1885,1886,132,220,59253,133,1920,135],"class_list":{"0":"post-492416","1":"post","2":"type-post","3":"status-publish","4":"format-standard","5":"has-post-thumbnail","7":"category-russie","8":"tag-actu","9":"tag-actualites","10":"tag-article-video","11":"tag-conflits-et-guerre","12":"tag-federation-de-russie","13":"tag-info","14":"tag-news","15":"tag-russia","16":"tag-russian-federation","17":"tag-russie","18":"tag-ukraine","19":"tag-ukraine-russie-lespoir-de-negociations-au-point-mort","20":"tag-video","21":"tag-video-international","22":"tag-vladimir-poutine"},"share_on_mastodon":{"url":"https:\/\/pubeurope.com\/@fr\/115444120746307977","error":""},"_links":{"self":[{"href":"https:\/\/www.europesays.com\/fr\/wp-json\/wp\/v2\/posts\/492416","targetHints":{"allow":["GET"]}}],"collection":[{"href":"https:\/\/www.europesays.com\/fr\/wp-json\/wp\/v2\/posts"}],"about":[{"href":"https:\/\/www.europesays.com\/fr\/wp-json\/wp\/v2\/types\/post"}],"author":[{"embeddable":true,"href":"https:\/\/www.europesays.com\/fr\/wp-json\/wp\/v2\/users\/2"}],"replies":[{"embeddable":true,"href":"https:\/\/www.europesays.com\/fr\/wp-json\/wp\/v2\/comments?post=492416"}],"version-history":[{"count":0,"href":"https:\/\/www.europesays.com\/fr\/wp-json\/wp\/v2\/posts\/492416\/revisions"}],"wp:featuredmedia":[{"embeddable":true,"href":"https:\/\/www.europesays.com\/fr\/wp-json\/wp\/v2\/media\/492417"}],"wp:attachment":[{"href":"https:\/\/www.europesays.com\/fr\/wp-json\/wp\/v2\/media?parent=492416"}],"wp:term":[{"taxonomy":"category","embeddable":true,"href":"https:\/\/www.europesays.com\/fr\/wp-json\/wp\/v2\/categories?post=492416"},{"taxonomy":"post_tag","embeddable":true,"href":"https:\/\/www.europesays.com\/fr\/wp-json\/wp\/v2\/tags?post=492416"}],"curies":[{"name":"wp","href":"https:\/\/api.w.org\/{rel}","templated":true}]}}