{"id":492426,"date":"2025-10-27T04:01:13","date_gmt":"2025-10-27T04:01:13","guid":{"rendered":"https:\/\/www.europesays.com\/fr\/492426\/"},"modified":"2025-10-27T04:01:13","modified_gmt":"2025-10-27T04:01:13","slug":"un-projet-majeur-pour-refonder-leurope-des-nations-presente-le-4-novembre-a-paris","status":"publish","type":"post","link":"https:\/\/www.europesays.com\/fr\/492426\/","title":{"rendered":"un projet majeur pour refonder l\u2019Europe des nations pr\u00e9sent\u00e9 le 4 novembre \u00e0 Paris"},"content":{"rendered":"<p>\t\t\t\t\tSoutenu par la Hongrie, Vox et plusieurs forces conservatrices europ\u00e9ennes, le projet du <a href=\"https:\/\/www.breizh-info.com\/2025\/10\/10\/252229\/szabolcs-janik-mcc-budapest-proteger-les-frontieres-est-la-seule-maniere-de-sauver-schengen-interview\/\" rel=\"nofollow noopener\" target=\"_blank\">MCC<\/a> et d\u2019Ordo Iuris entend replacer la souverainet\u00e9 des peuples au c\u0153ur de l\u2019Union europ\u00e9enne.<\/p>\n<p>Un vent de r\u00e9volte souffle sur les capitales d\u2019Europe centrale.<\/p>\n<p>\u00c0 Varsovie, Budapest ou Madrid, intellectuels, juristes et responsables politiques \u0153uvrent \u00e0 une alternative concr\u00e8te au centralisme bruxellois. Leur initiative, intitul\u00e9e\u00a0<strong>\u00ab La grande r\u00e9initialisation : r\u00e9tablir la souverainet\u00e9 des \u00c9tats membres dans l\u2019Union europ\u00e9enne \u00bb<\/strong>, a d\u00e9j\u00e0 \u00e9t\u00e9 pr\u00e9sent\u00e9e dans plusieurs pays, et sera d\u00e9voil\u00e9e \u00e0 Paris le 4 novembre prochain \u00e0 la Maison de l\u2019Argentine.<\/p>\n<p>Ce projet ambitieux est\u00a0<strong>le fruit d\u2019un travail conjoint du <a href=\"https:\/\/www.breizh-info.com\/2022\/02\/04\/179030\/hongrie-a-la-decouverte-du-mathias-corvinus-collegium-mcc-qui-forme-les-talents-et-decideurs-de-demain-en-europe-centrale-entretien\/\" rel=\"nofollow noopener\" target=\"_blank\">Mathias Corvinus Collegium<\/a> (MCC)<\/strong>, l\u2019un des plus influents think tanks hongrois, et de\u00a0<strong>l\u2019Institut Ordo Iuris<\/strong>\u00a0de Varsovie, connu pour sa d\u00e9fense du droit naturel et des valeurs traditionnelles en Europe centrale.<\/p>\n<p>Une Europe \u00e0 refonder<\/p>\n<p>\u00ab L\u2019Union europ\u00e9enne a perdu sa place dans le monde et doit \u00eatre r\u00e9form\u00e9e de fond en comble \u00bb, a d\u00e9clar\u00e9\u00a0<strong>Bal\u00e1zs Orb\u00e1n<\/strong>, directeur du cabinet politique du premier ministre hongrois Viktor Orb\u00e1n, en pr\u00e9sentant le rapport \u00e0 Budapest.<\/p>\n<p>Son mot d\u2019ordre r\u00e9sume l\u2019esprit du projet :\u00a0<strong>Make Europe Great Again.<\/strong><\/p>\n<p>Le document, d\u00e9j\u00e0 publi\u00e9 en cinq langues, se veut\u00a0<strong>le point de d\u00e9part d\u2019une refonte compl\u00e8te des trait\u00e9s europ\u00e9ens<\/strong>, afin de redonner aux \u00c9tats membres la ma\u00eetrise des politiques publiques, du droit et du budget.<\/p>\n<p>Loin d\u2019un manifeste purement th\u00e9orique, il pr\u00e9pare\u00a0<strong>une proposition d\u00e9taill\u00e9e de r\u00e9forme institutionnelle<\/strong>\u00a0qui sera discut\u00e9e dans les mois \u00e0 venir avec d\u2019autres centres d\u2019\u00e9tude et fondations patriotes en Europe.<\/p>\n<p>Une riposte intellectuelle au f\u00e9d\u00e9ralisme bruxellois<\/p>\n<p>Cette initiative r\u00e9pond directement \u00e0\u00a0<strong>la volont\u00e9 d\u2019Emmanuel Macron et des \u00e9lites bruxelloises de relancer la r\u00e9forme des trait\u00e9s<\/strong>\u00a0dans un sens plus centralisateur.<br \/>Pour les auteurs du rapport, cette orientation m\u00e8nerait \u00e0\u00a0<strong>la disparition d\u00e9finitive des souverainet\u00e9s nationales<\/strong>, d\u00e9j\u00e0 mises \u00e0 mal par l\u2019endettement commun, les d\u00e9cisions intrusives de la Cour de justice de l\u2019Union europ\u00e9enne, et l\u2019instrumentalisation politique de la notion d\u2019\u00c9tat de droit.<\/p>\n<p>Le projet du MCC et d\u2019Ordo Iuris propose donc une\u00a0<strong>\u00ab r\u00e9initialisation \u00bb conservatrice et r\u00e9aliste de l\u2019Europe<\/strong>, en rupture avec le mod\u00e8le d\u00e9fendu \u00e0 Paris et Berlin.<\/p>\n<p>Parmi les principes affirm\u00e9s :<\/p>\n<ul>\n<li>le\u00a0<strong>retour des comp\u00e9tences r\u00e9galiennes<\/strong>\u00a0(justice, d\u00e9fense, fiscalit\u00e9) aux \u00c9tats membres ;<\/li>\n<li>la\u00a0<strong>limitation stricte des pouvoirs de la Commission europ\u00e9enne<\/strong>\u00a0;<\/li>\n<li>la\u00a0<strong>protection des identit\u00e9s nationales, religieuses et culturelles<\/strong>\u00a0;<\/li>\n<li>le\u00a0<strong>respect des constitutions nationales<\/strong>\u00a0face au droit europ\u00e9en ;<\/li>\n<li>la\u00a0<strong>coop\u00e9ration intergouvernementale<\/strong>\u00a0comme fondement de l\u2019unit\u00e9 continentale.<\/li>\n<\/ul>\n<p><img fetchpriority=\"high\" decoding=\"async\" aria-describedby=\"caption-attachment-252823\" src=\"data:image\/svg+xml,%3Csvg%20xmlns=\" http:=\"\" alt=\"\" width=\"923\" height=\"617\" data-lazy- data-lazy- data-lazy-src=\"https:\/\/www.europesays.com\/fr\/wp-content\/uploads\/2025\/10\/europe-scaled.jpg\"\/><\/p>\n<p id=\"caption-attachment-252823\" class=\"wp-caption-text\">Screenshot<\/p>\n<p>Une convergence conservatrice europ\u00e9enne<\/p>\n<p>Le projet a d\u00e9j\u00e0 re\u00e7u\u00a0<strong>le soutien explicite du gouvernement hongrois<\/strong>, du parti espagnol\u00a0<strong>Vox<\/strong>, de\u00a0<strong>plusieurs dirigeants du PiS polonais<\/strong>, et\u00a0<strong>de think tanks proches de Giorgia Meloni, Matteo Salvini et du parti portugais Chega<\/strong>.<br \/>Des parlementaires de l\u2019AfD allemande et du parti roumain AUR ont \u00e9galement manifest\u00e9 leur int\u00e9r\u00eat.<\/p>\n<p>\u00ab Maintenant, nous avons un projet \u00bb, a r\u00e9sum\u00e9\u00a0<strong>Jorge Buxad\u00e9<\/strong>, vice-pr\u00e9sident de Vox, lors de la pr\u00e9sentation madril\u00e8ne.<br \/>De Varsovie \u00e0 Madrid, l\u2019enthousiasme est palpable : pour la premi\u00e8re fois,\u00a0<strong>une alternative intellectuelle coh\u00e9rente au dogme de l\u2019int\u00e9gration sans fin voit le jour<\/strong>.<\/p>\n<p>Une Europe des nations, non des commissaires<\/p>\n<p>Pr\u00e9sent\u00e9 \u00e0 Bruxelles en juin 2025 sous l\u2019\u00e9gide du groupe\u00a0<strong>Patriotes pour l\u2019Europe<\/strong>, le rapport entend\u00a0<strong>aider les partis souverainistes \u00e0 entrer dans les futures n\u00e9gociations europ\u00e9ennes avec une contre-proposition structur\u00e9e<\/strong>.<br \/>L\u2019objectif : transformer la r\u00e9forme voulue par les eurocrates en\u00a0<strong>une opportunit\u00e9 de renverser la logique actuelle<\/strong>, et de reconstruire une Union respectueuse des nations, des peuples et des h\u00e9ritages spirituels europ\u00e9ens.<\/p>\n<p>Pour\u00a0<strong>Rodrigo Ballester<\/strong>, directeur des \u00e9tudes europ\u00e9ennes du MCC, ancien fonctionnaire de la Commission, l\u2019enjeu est clair :<\/p>\n<blockquote>\n<p>\u00ab Il ne suffit plus de s\u2019opposer au f\u00e9d\u00e9ralisme ; il faut proposer un autre mod\u00e8le, enracin\u00e9, qui redonne du sens \u00e0 la souverainet\u00e9 et \u00e0 la subsidiarit\u00e9. \u00bb<\/p>\n<\/blockquote>\n<p>Une pr\u00e9sentation attendue \u00e0 Paris<\/p>\n<p>La pr\u00e9sentation parisienne, le 4 novembre, r\u00e9unira Rodrigo Ballester et\u00a0<strong>Olivier Bault<\/strong>, directeur de la communication d\u2019Ordo Iuris.<\/p>\n<p>Elle marquera\u00a0<strong>la premi\u00e8re \u00e9tape d\u2019un dialogue franco-centre-europ\u00e9en autour de la refondation de l\u2019Europe<\/strong>, dans un contexte o\u00f9 les nations du continent cherchent \u00e0 \u00e9chapper \u00e0 la tutelle id\u00e9ologique de Bruxelles.<\/p>\n<p>Les promoteurs du projet l\u2019affirment : \u00ab Il ne s\u2019agit pas de d\u00e9truire l\u2019Europe, mais de la sauver d\u2019elle-m\u00eame, en redonnant la parole aux peuples. \u00bb<\/p>\n<p>Informations pratiques<\/p>\n<p><strong>Pr\u00e9sentation \u00e0 Paris du projet \u201cLa grande r\u00e9initialisation : r\u00e9tablir la souverainet\u00e9 des \u00c9tats membres dans l\u2019Union europ\u00e9enne\u201d<\/strong><\/p>\n<p>Mardi 4 novembre 2025, \u00e0 19 h.\u00a0Maison de l\u2019Argentine, 27 A boulevard Jourdan, 75014 Paris<\/p>\n<p>\u00a0<\/p>\n","protected":false},"excerpt":{"rendered":"Soutenu par la Hongrie, Vox et plusieurs forces conservatrices europ\u00e9ennes, le projet du MCC et d\u2019Ordo Iuris entend&hellip;\n","protected":false},"author":2,"featured_media":492427,"comment_status":"","ping_status":"","sticky":false,"template":"","format":"standard","meta":{"footnotes":""},"categories":[1586],"tags":[11,1862,61526,33719,2360,22519,53328,61527,1777,674,61528,61529,1011,27,3044,61530,61531,3999,61532,12,61533,61534,626,61535,61536,61537,25,61538,61539,45546,364,27073,7247,57967],"class_list":{"0":"post-492426","1":"post","2":"type-post","3":"status-publish","4":"format-standard","5":"has-post-thumbnail","7":"category-europe","8":"tag-actualites","9":"tag-afd","10":"tag-aur","11":"tag-balazs-orban","12":"tag-bruxelles","13":"tag-budapest","14":"tag-chega","15":"tag-conservatisme-europeen","16":"tag-eu","17":"tag-europe","18":"tag-europe-des-nations","19":"tag-federalisme","20":"tag-fr","21":"tag-france","22":"tag-giorgia-meloni","23":"tag-identite-europeenne","24":"tag-la-grande-reinitialisation","25":"tag-matteo-salvini","26":"tag-mcc","27":"tag-news","28":"tag-olivier-bault","29":"tag-ordo-iuris","30":"tag-paris","31":"tag-patriotes-pour-leurope","32":"tag-pis","33":"tag-reforme-des-traites","34":"tag-republique-francaise","35":"tag-rodrigo-ballester","36":"tag-souverainete-nationale","37":"tag-souverainisme","38":"tag-union-europeenne","39":"tag-varsovie","40":"tag-viktor-orban","41":"tag-vox"},"share_on_mastodon":{"url":"","error":"Validation failed: Text character limit of 500 exceeded"},"_links":{"self":[{"href":"https:\/\/www.europesays.com\/fr\/wp-json\/wp\/v2\/posts\/492426","targetHints":{"allow":["GET"]}}],"collection":[{"href":"https:\/\/www.europesays.com\/fr\/wp-json\/wp\/v2\/posts"}],"about":[{"href":"https:\/\/www.europesays.com\/fr\/wp-json\/wp\/v2\/types\/post"}],"author":[{"embeddable":true,"href":"https:\/\/www.europesays.com\/fr\/wp-json\/wp\/v2\/users\/2"}],"replies":[{"embeddable":true,"href":"https:\/\/www.europesays.com\/fr\/wp-json\/wp\/v2\/comments?post=492426"}],"version-history":[{"count":0,"href":"https:\/\/www.europesays.com\/fr\/wp-json\/wp\/v2\/posts\/492426\/revisions"}],"wp:featuredmedia":[{"embeddable":true,"href":"https:\/\/www.europesays.com\/fr\/wp-json\/wp\/v2\/media\/492427"}],"wp:attachment":[{"href":"https:\/\/www.europesays.com\/fr\/wp-json\/wp\/v2\/media?parent=492426"}],"wp:term":[{"taxonomy":"category","embeddable":true,"href":"https:\/\/www.europesays.com\/fr\/wp-json\/wp\/v2\/categories?post=492426"},{"taxonomy":"post_tag","embeddable":true,"href":"https:\/\/www.europesays.com\/fr\/wp-json\/wp\/v2\/tags?post=492426"}],"curies":[{"name":"wp","href":"https:\/\/api.w.org\/{rel}","templated":true}]}}