{"id":492438,"date":"2025-10-27T04:15:16","date_gmt":"2025-10-27T04:15:16","guid":{"rendered":"https:\/\/www.europesays.com\/fr\/492438\/"},"modified":"2025-10-27T04:15:16","modified_gmt":"2025-10-27T04:15:16","slug":"david-menut-je-suis-le-premier-des-vieux-actualite","status":"publish","type":"post","link":"https:\/\/www.europesays.com\/fr\/492438\/","title":{"rendered":"David Menut : \u00ab Je suis le premier des vieux \u00bb &#8211; Actualit\u00e9"},"content":{"rendered":"<p style=\"text-align: justify;\">Jusqu&rsquo;\u00e0 la derni\u00e8re goutte d&rsquo;essence. David Menut a fini le r\u00e9servoir vide la seconde manche du premier week-end de Coupe de France de cyclo-cross. \u00ab\u00a0Je suis mort, cram\u00e9, je suis vraiment fatigu\u00e9\u00a0\u00bb, souffle-t-il \u00e0 l&rsquo;arriv\u00e9e \u00e0 DirectVelo. S&rsquo;il s&rsquo;est mis dans cet \u00e9tat, c&rsquo;est que le repr\u00e9sentant d&rsquo;AS Bike Racing-France Literie a tout donn\u00e9 pendant deux jours pour s&rsquo;opposer \u00e0 Aubin Sparfel, <a href=\"https:\/\/www.directvelo.com\/actualite\/124935\/cc-coupe-de-france-albi-elite-hommes-2-aubin-sparfel-1er\" target=\"_blank\" rel=\"noopener\"><strong>vainqueur des deux manches<\/strong><\/a> .\u00a0<\/p>\n<p>\u00ab\u00a0Hier (samedi), j&rsquo;ai \u00e9t\u00e9 oblig\u00e9 de puiser\u00a0 au plus profond parce que j&rsquo;\u00e9tais hyper loin au d\u00e9but et je pense que j&rsquo;y ai laiss\u00e9 des plumes\u00a0\u00bb, rappelle le dernier vainqueur de la Coupe de France. Ce dimanche, il a r\u00e9ussi \u00e0 prendre le sillage de ses adversaires d\u00e8s le passage du feu au vert. A trois tours de la fin, quand Aubin Sparfel se porte 10&Prime; devant lui, David Menut tente le tout pour le tout pour boucher le trou. \u00ab\u00a0Je me suis mis en sur-r\u00e9gime. J&rsquo;ai repris une seconde, puis une seconde, et puis j&rsquo;ai encha\u00een\u00e9 les erreurs techniques. C&rsquo;est la limite. Quand je commence \u00e0 faire des conneries comme \u00e7a, c&rsquo;est que je suis au-dessus de mes moyens et que je ne suis pas capable\u00a0\u00bb.<\/p>\n<p><strong>\u00ab\u00a0AVEC UN SPARFEL, IL N&rsquo;Y A PAS DE D\u00c9FAILLANCE\u00a0\u00bb<\/strong><\/p>\n<p>Il pr\u00e9f\u00e8re faire le dos rond et reprendre son souffle. \u00ab\u00a0Je me suis reconcentr\u00e9 sur moi-m\u00eame pour faire la meilleure fin de course que possible en esp\u00e9rant une d\u00e9faillance&#8230; Mais avec un Sparfel, il n&rsquo;y a pas de d\u00e9faillance. Il est vraiment impressionnant\u00a0\u00bb, salue le double dauphin du coureur de Decathlon AG2R La Mondiale. \u00ab\u00a0Je suis le premier des \u00ab\u00a0vieux\u00a0\u00bb\u00a0\u00bb, sourit le coureur de 33 ans.<\/p>\n<p>Si David Menut s&rsquo;attendait \u00e0 voir le m\u00e9daill\u00e9 de bronze du dernier Championnat d&rsquo;Europe Espoirs, il \u00e9tait en revanche moins rassur\u00e9 sur sa condition avant le d\u00e9but de saison. Son \u00e9t\u00e9 et sa pr\u00e9paration ont \u00e9t\u00e9 perturb\u00e9s par <a href=\"https:\/\/www.directvelo.com\/actualite\/121663\/une-fracture-pour-david-menut\" target=\"_blank\" rel=\"noopener\"><strong>sa fracture du pouce au Tour Nivernais Morvan<\/strong><\/a>. \u00ab\u00a0C&rsquo;\u00e9tait un peu l&rsquo;inconnu pour moi et je suis quand m\u00eame satisfait de mes sensations et de mon niveau\u00a0\u00bb, juge le 3e du cyclo-cross de Schneisingen en Coupe de Suisse. \u00ab\u00a0C&rsquo;\u00e9tait un bon week-end de pr\u00e9paration ici\u00a0\u00bb. En vue des prochains objectifs comme le Championnat d&rsquo;Europe (9 novembre), il ne va pas courir la semaine prochaine. \u00ab\u00a0Je vais essayer de retrouver un peu de fra\u00eecheur\u00a0\u00bb.<\/p>\n","protected":false},"excerpt":{"rendered":"Jusqu&rsquo;\u00e0 la derni\u00e8re goutte d&rsquo;essence. David Menut a fini le r\u00e9servoir vide la seconde manche du premier week-end&hellip;\n","protected":false},"author":2,"featured_media":492439,"comment_status":"","ping_status":"","sticky":false,"template":"","format":"standard","meta":{"footnotes":""},"categories":[1411],"tags":[834,828,836,829,837,827,83,826,824,823,1154,207,814,817,815,816,822,821,832,211,839,1011,27,820,818,819,835,831,830,833,838,60,212,208,825],"class_list":{"0":"post-492438","1":"post","2":"type-post","3":"status-publish","4":"format-standard","5":"has-post-thumbnail","7":"category-cyclisme","8":"tag-attaque","9":"tag-belgique","10":"tag-braquet","11":"tag-bretagne","12":"tag-chute","13":"tag-competition","14":"tag-coupe-de-france","15":"tag-coureur","16":"tag-course-cyclisme","17":"tag-course-cycliste","18":"tag-cycling","19":"tag-cyclisme","20":"tag-direct","21":"tag-direct-velo","22":"tag-directvelo","23":"tag-directvelo-com","24":"tag-epreuve","25":"tag-epreuve-cycliste","26":"tag-federation-francaise-de-cyclisme","27":"tag-ffc","28":"tag-flandres","29":"tag-fr","30":"tag-france","31":"tag-live","32":"tag-live-course","33":"tag-live-epreuve","34":"tag-peloton","35":"tag-radio-peloton","36":"tag-radio-tour","37":"tag-ravitaillement","38":"tag-relance","39":"tag-sports","40":"tag-uci","41":"tag-velo","42":"tag-velos"},"share_on_mastodon":{"url":"https:\/\/pubeurope.com\/@fr\/115444195256597235","error":""},"_links":{"self":[{"href":"https:\/\/www.europesays.com\/fr\/wp-json\/wp\/v2\/posts\/492438","targetHints":{"allow":["GET"]}}],"collection":[{"href":"https:\/\/www.europesays.com\/fr\/wp-json\/wp\/v2\/posts"}],"about":[{"href":"https:\/\/www.europesays.com\/fr\/wp-json\/wp\/v2\/types\/post"}],"author":[{"embeddable":true,"href":"https:\/\/www.europesays.com\/fr\/wp-json\/wp\/v2\/users\/2"}],"replies":[{"embeddable":true,"href":"https:\/\/www.europesays.com\/fr\/wp-json\/wp\/v2\/comments?post=492438"}],"version-history":[{"count":0,"href":"https:\/\/www.europesays.com\/fr\/wp-json\/wp\/v2\/posts\/492438\/revisions"}],"wp:featuredmedia":[{"embeddable":true,"href":"https:\/\/www.europesays.com\/fr\/wp-json\/wp\/v2\/media\/492439"}],"wp:attachment":[{"href":"https:\/\/www.europesays.com\/fr\/wp-json\/wp\/v2\/media?parent=492438"}],"wp:term":[{"taxonomy":"category","embeddable":true,"href":"https:\/\/www.europesays.com\/fr\/wp-json\/wp\/v2\/categories?post=492438"},{"taxonomy":"post_tag","embeddable":true,"href":"https:\/\/www.europesays.com\/fr\/wp-json\/wp\/v2\/tags?post=492438"}],"curies":[{"name":"wp","href":"https:\/\/api.w.org\/{rel}","templated":true}]}}