{"id":492442,"date":"2025-10-27T04:17:12","date_gmt":"2025-10-27T04:17:12","guid":{"rendered":"https:\/\/www.europesays.com\/fr\/492442\/"},"modified":"2025-10-27T04:17:12","modified_gmt":"2025-10-27T04:17:12","slug":"katy-perry-et-justin-trudeau-saffichent-ensemble-a-paris","status":"publish","type":"post","link":"https:\/\/www.europesays.com\/fr\/492442\/","title":{"rendered":"Katy Perry et Justin Trudeau s&rsquo;affichent ensemble \u00e0 Paris"},"content":{"rendered":"<ul class=\"jsx-862013697 ArticleChapo__List\">\n<li class=\"jsx-862013697 ArticleChapo__List_Item flex\">La chanteuse am\u00e9ricaine a officialis\u00e9 sa relation avec l&rsquo;ancien Premier ministre canadien Justin Trudeau.<\/li>\n<li class=\"jsx-862013697 ArticleChapo__List_Item flex\">Le couple est apparu main dans la main \u00e0 Paris, lors d&rsquo;une soir\u00e9e pour l&rsquo;anniversaire de l&rsquo;artiste.<\/li>\n<li class=\"jsx-862013697 ArticleChapo__List_Item flex\">Cette liaison \u00e9tait au c\u0153ur de rumeurs depuis le mois de juillet.<\/li>\n<\/ul>\n<p data-module=\"article-paragraph\" class=\"jsx-3046738180 Paragraph Paragraph__End\">Le secret de polichinelle n&rsquo;en est plus un : Katy Perry et Justin Trudeau sont officiellement en couple. La chanteuse de 41 ans et l&rsquo;ancien Premier ministre canadien de 53 ans ont confirm\u00e9 leur relation en sortant pour une soir\u00e9e en amoureux \u00e0 Paris samedi pour c\u00e9l\u00e9brer l&rsquo;anniversaire de l&rsquo;artiste.\u00a0<\/p>\n<blockquote data-testid=\"EmbedTwitter\" id=\"tweet-1982289236754903377-:R4ocmj9n79m:\" class=\"jsx-aeff1a1c40f54d7a twitter-tweet flex justify-center items-center\"><p>Katy Perry and Justin Trudeau took their romance public Saturday night &#8230; the lovebirds went out on a date in Paris, France, to celebrate Katy&rsquo;s 45th birthday.  \ud83c\udfa5 Best Image  pic.twitter.com\/aKx3ULkKn0 \u2014 TMZ (@TMZ)  October 26, 2025<\/p><\/blockquote>\n<p data-module=\"article-paragraph\" class=\"jsx-3046738180 Paragraph\">Le couple se tenait la main et souriait apr\u00e8s avoir assist\u00e9 \u00e0 un spectacle de cabaret au Crazy Horse Paris, comme en attestent des images relay\u00e9es en ligne. On observe notamment un fan tendre \u00e0 Katy Perry une rose rouge, une fleur que la chanteuse a saisie avec un sourire.\u00a0<\/p>\n<p data-module=\"article-paragraph\" class=\"jsx-3046738180 Paragraph Paragraph__End\">Perry et Trudeau ont suscit\u00e9 des rumeurs de relation pour la premi\u00e8re fois en juillet, lorsqu&rsquo;ils ont \u00e9t\u00e9 aper\u00e7us en train de se promener \u00e0 Montr\u00e9al, au Canada, avant de partager un d\u00e9jeuner.<\/p>\n<p>La r\u00e9daction de TF1info<\/p>\n<p><script async src=\"https:\/\/platform.twitter.com\/widgets.js\" charset=\"utf-8\"><\/script><\/p>\n","protected":false},"excerpt":{"rendered":"La chanteuse am\u00e9ricaine a officialis\u00e9 sa relation avec l&rsquo;ancien Premier ministre canadien Justin Trudeau. Le couple est apparu&hellip;\n","protected":false},"author":2,"featured_media":492443,"comment_status":"","ping_status":"","sticky":false,"template":"","format":"standard","meta":{"footnotes":""},"categories":[1359],"tags":[1111,11,1921,58,59,1011,27,1922,15906,8553,2041,973,133,2040],"class_list":{"0":"post-492442","1":"post","2":"type-post","3":"status-publish","4":"format-standard","5":"has-post-thumbnail","7":"category-people","8":"tag-actu","9":"tag-actualites","10":"tag-article-video","11":"tag-divertissement","12":"tag-entertainment","13":"tag-fr","14":"tag-france","15":"tag-info","16":"tag-justin-trudeau","17":"tag-katy-perry","18":"tag-medias-et-divertissement","19":"tag-people","20":"tag-video","21":"tag-video-culture"},"share_on_mastodon":{"url":"https:\/\/pubeurope.com\/@fr\/115444203184491472","error":""},"_links":{"self":[{"href":"https:\/\/www.europesays.com\/fr\/wp-json\/wp\/v2\/posts\/492442","targetHints":{"allow":["GET"]}}],"collection":[{"href":"https:\/\/www.europesays.com\/fr\/wp-json\/wp\/v2\/posts"}],"about":[{"href":"https:\/\/www.europesays.com\/fr\/wp-json\/wp\/v2\/types\/post"}],"author":[{"embeddable":true,"href":"https:\/\/www.europesays.com\/fr\/wp-json\/wp\/v2\/users\/2"}],"replies":[{"embeddable":true,"href":"https:\/\/www.europesays.com\/fr\/wp-json\/wp\/v2\/comments?post=492442"}],"version-history":[{"count":0,"href":"https:\/\/www.europesays.com\/fr\/wp-json\/wp\/v2\/posts\/492442\/revisions"}],"wp:featuredmedia":[{"embeddable":true,"href":"https:\/\/www.europesays.com\/fr\/wp-json\/wp\/v2\/media\/492443"}],"wp:attachment":[{"href":"https:\/\/www.europesays.com\/fr\/wp-json\/wp\/v2\/media?parent=492442"}],"wp:term":[{"taxonomy":"category","embeddable":true,"href":"https:\/\/www.europesays.com\/fr\/wp-json\/wp\/v2\/categories?post=492442"},{"taxonomy":"post_tag","embeddable":true,"href":"https:\/\/www.europesays.com\/fr\/wp-json\/wp\/v2\/tags?post=492442"}],"curies":[{"name":"wp","href":"https:\/\/api.w.org\/{rel}","templated":true}]}}