{"id":492446,"date":"2025-10-27T04:20:53","date_gmt":"2025-10-27T04:20:53","guid":{"rendered":"https:\/\/www.europesays.com\/fr\/492446\/"},"modified":"2025-10-27T04:20:53","modified_gmt":"2025-10-27T04:20:53","slug":"mariska-hargitay-na-pas-ete-loin-de-decrocher-le-role-de-monica-dans-friends","status":"publish","type":"post","link":"https:\/\/www.europesays.com\/fr\/492446\/","title":{"rendered":"Mariska Hargitay n\u2019a pas \u00e9t\u00e9 loin de d\u00e9crocher le r\u00f4le de Monica dans \u00ab\u00a0Friends\u00a0\u00bb"},"content":{"rendered":"<p>Il s\u2019en est fallu de peu pour que <a href=\"https:\/\/www.20minutes.fr\/arts-stars\/people\/4154313-20250519-mariska-hargitay-decouvert-identite-pere-biologique-vingtaine\" target=\"_blank\" class=\"c-link c-link--is-underlined\" rel=\"noopener\">Mariska Hargitay<\/a> pr\u00eate ses traits \u00e0 Monica Geller dans <a href=\"https:\/\/www.20minutes.fr\/arts-stars\/serie\/4173693-20250917-friends-central-perk-mythique-cafe-sitcom-va-etre-recree-times-square\" target=\"_blank\" class=\"c-link c-link--is-underlined\" rel=\"noopener\">Friends<\/a>\u00a0! De passage au micro du <a href=\"https:\/\/www.youtube.com\/watch?v=P3Xi27kcH-E\" rel=\"nofollow noopener\" target=\"_blank\" class=\"c-link c-link--is-underlined\">podcast<\/a> Good Hang d\u2019Amy Poehler, l\u2019actrice de 61 ans s\u2019est confi\u00e9e sur ses d\u00e9buts difficiles. Et le fait est qu\u2019avant de d\u00e9crocher le r\u00f4le de l\u2019inspectrice Olivia Benson dans New York Unit\u00e9 Sp\u00e9ciale qu\u2019elle tient depuis\u00a01999, elle a d\u2019abord tent\u00e9 sa chance dans le registre humoristique.<\/p>\n<p>\u00ab\u00a0J\u2019ai fait mes armes dans l\u2019improvisation aux Groundlings (un th\u00e9\u00e2tre de Los Angeles d\u00e9di\u00e9 \u00e0 l\u2019improvisation), aux c\u00f4t\u00e9s de Kathy Griffin\u00a0\u00bb, a racont\u00e9 Mariska Hargitay.<\/p>\n<p>Dans les ann\u00e9es\u00a01990, elle a encha\u00een\u00e9 les apparitions dans des sitcoms comme Seinfeld ou Single Guy, et avait m\u00eame d\u00e9croch\u00e9 un r\u00f4le principal dans Can\u2019t Hurry Love en\u00a01995. Mais c\u2019est une autre s\u00e9rie qui aurait peut-\u00eatre chang\u00e9 sa vie. \u00ab\u00a0J\u2019ai pass\u00e9 tellement d\u2019auditions pour Friends\u00a0\u00bb, a-t-elle confi\u00e9.<\/p>\n<p>Un autre destin<\/p>\n<p>Questionn\u00e9e sur le personnage qu\u2019elle visait, Mariska Hargitay a pr\u00e9cis\u00e9 qu\u2019il s\u2019agissait de Monica, le r\u00f4le finalement incarn\u00e9 par <a href=\"https:\/\/www.20minutes.fr\/arts-stars\/people\/4166269-20250801-courteney-cox-partage-amour-lisa-kudrow-shakira-bat-record-mexique\" target=\"_blank\" class=\"c-link c-link--is-underlined\" rel=\"noopener\">Courteney Cox<\/a>. Bien qu\u2019elle ait fini par d\u00e9crocher un r\u00f4le r\u00e9current dans Urgences, elle se consid\u00e9rait alors comme une \u00ab\u00a0com\u00e9dienne qui gal\u00e8re\u00a0\u00bb.<\/p>\n<p>Son v\u0153u \u00e9tait de jouer dans une \u00ab\u00a0dram\u00e9die\u00a0\u00bb dans le genre d\u2019Ally McBeal. \u00ab\u00a0Je voulais faire du drame, mais il fallait que ce soit dr\u00f4le parce que c\u2019est l\u00e0 que je sentais que se trouvaient mes talents\u00a0\u00bb, a expliqu\u00e9 Mariska Hargitay.<\/p>\n<p>Le destin en a d\u00e9cid\u00e9 autrement, les traits d\u2019humour <a href=\"https:\/\/www.20minutes.fr\/arts-stars\/people\/4112461-20240929-mariska-hargitay-garde-sequelles-emotionnelles-crimes-racontes-new-york-unite-speciale\" target=\"_blank\" class=\"c-link c-link--is-underlined\" rel=\"noopener\">\u00e9tant franchement rares<\/a> dans New York Unit\u00e9 Sp\u00e9ciale\u00a0!<\/p>\n","protected":false},"excerpt":{"rendered":"Il s\u2019en est fallu de peu pour que Mariska Hargitay pr\u00eate ses traits \u00e0 Monica Geller dans Friends\u00a0!&hellip;\n","protected":false},"author":2,"featured_media":492447,"comment_status":"","ping_status":"","sticky":false,"template":"","format":"standard","meta":{"footnotes":""},"categories":[1356],"tags":[2594,11668,45481,58,59,1011,27,37639,973,252,1364,133],"class_list":{"0":"post-492446","1":"post","2":"type-post","3":"status-publish","4":"format-standard","5":"has-post-thumbnail","7":"category-television","8":"tag-actrice","9":"tag-casting","10":"tag-courteney-cox","11":"tag-divertissement","12":"tag-entertainment","13":"tag-fr","14":"tag-france","15":"tag-friends","16":"tag-people","17":"tag-television","18":"tag-tv","19":"tag-video"},"share_on_mastodon":{"url":"https:\/\/pubeurope.com\/@fr\/115444218714549982","error":""},"_links":{"self":[{"href":"https:\/\/www.europesays.com\/fr\/wp-json\/wp\/v2\/posts\/492446","targetHints":{"allow":["GET"]}}],"collection":[{"href":"https:\/\/www.europesays.com\/fr\/wp-json\/wp\/v2\/posts"}],"about":[{"href":"https:\/\/www.europesays.com\/fr\/wp-json\/wp\/v2\/types\/post"}],"author":[{"embeddable":true,"href":"https:\/\/www.europesays.com\/fr\/wp-json\/wp\/v2\/users\/2"}],"replies":[{"embeddable":true,"href":"https:\/\/www.europesays.com\/fr\/wp-json\/wp\/v2\/comments?post=492446"}],"version-history":[{"count":0,"href":"https:\/\/www.europesays.com\/fr\/wp-json\/wp\/v2\/posts\/492446\/revisions"}],"wp:featuredmedia":[{"embeddable":true,"href":"https:\/\/www.europesays.com\/fr\/wp-json\/wp\/v2\/media\/492447"}],"wp:attachment":[{"href":"https:\/\/www.europesays.com\/fr\/wp-json\/wp\/v2\/media?parent=492446"}],"wp:term":[{"taxonomy":"category","embeddable":true,"href":"https:\/\/www.europesays.com\/fr\/wp-json\/wp\/v2\/categories?post=492446"},{"taxonomy":"post_tag","embeddable":true,"href":"https:\/\/www.europesays.com\/fr\/wp-json\/wp\/v2\/tags?post=492446"}],"curies":[{"name":"wp","href":"https:\/\/api.w.org\/{rel}","templated":true}]}}