{"id":492466,"date":"2025-10-27T04:31:22","date_gmt":"2025-10-27T04:31:22","guid":{"rendered":"https:\/\/www.europesays.com\/fr\/492466\/"},"modified":"2025-10-27T04:31:22","modified_gmt":"2025-10-27T04:31:22","slug":"fernandez-pardo-flambe-les-lorrains-frisent-le-ridicule-les-tops-et-flops","status":"publish","type":"post","link":"https:\/\/www.europesays.com\/fr\/492466\/","title":{"rendered":"Fernandez-Pardo flambe, les Lorrains frisent le ridicule&#8230; Les tops et flops"},"content":{"rendered":"<p>\n    Fernandez-Pardo en feu, Correia efficace, Sabaly maladroit\u00a0: retrouvez ce qui a retenu l\u2019attention de la r\u00e9daction apr\u00e8s l\u2019\u00e9crasante victoire lilloise contre Metz (6-1).<\/p>\n<p class=\"fig-paragraph\"><strong>TOPS<\/strong><\/p>\n<p>L\u2019insaisissable\u00a0Fernandez-Pardo<\/p>\n<p class=\"fig-paragraph\">La Ligue\u00a01 est pr\u00e9venue depuis la saison derni\u00e8re, mais les d\u00e9fenses continuent de souffrir. Matias Fernandez-Pardo a\u00a0<a href=\"http:\/\/www.lefigaro.fr\/sports\/football\/ligue-1\/ligue-1-sans-giroud-mais-sans-pitie-lille-deroule-et-enfonce-metz-20251026\" data-fig-type=\"NewsFlash\" data-gtm-custom-categorie=\"navigation\" data-gtm-custom-action=\"crossclick\" data-gtm-custom-label=\"Contextuel\" data-gtm-event=\"customEventSPE\" data-fig-domain=\"LEFIGARO\" target=\"_blank\" rel=\"noopener\">caus\u00e9 des mis\u00e8res aux Messins<\/a>\u00a0sur son c\u00f4t\u00e9 gauche, lors du\u00a0<a href=\"http:\/\/www.lefigaro.fr\/sports\/football\/ligue-1\/ligue-1-sans-giroud-mais-sans-pitie-lille-deroule-et-enfonce-metz-20251026\" data-fig-type=\"NewsFlash\" data-gtm-custom-categorie=\"navigation\" data-gtm-custom-action=\"crossclick\" data-gtm-custom-label=\"Contextuel\" data-gtm-event=\"customEventSPE\" data-fig-domain=\"LEFIGARO\" target=\"_blank\" rel=\"noopener\">carton de Lille face \u00e0 Metz ce dimanche (6-1)<\/a>. L\u2019ailier belge a d\u00e9pos\u00e9 Koffi Kouao pour une premi\u00e8re passe d\u00e9cisive (24e) avant de se jouer de Jean-Philippe Gbamin dans un trou de souris pour une seconde (53e). Provoque le coup franc qui am\u00e8ne le quatri\u00e8me but en prenant Cleo M\u00e9li\u00e8res de vitesse (64e). Ovationn\u00e9 \u00e0 sa sortie peu apr\u00e8s l\u2019heure de jeu.<\/p>\n<p>                                    <a class=\"fig-a11y-skip a11y-hidden\" href=\"#fig-a11y-skip-main-inarticle\"><br \/>\n        Passer la publicit\u00e9<br \/>\n    <\/a><\/p>\n<p>Correia, le match r\u00e9f\u00e9rence<\/p>\n<p class=\"fig-paragraph\">\u00c0 l\u2019aise dans ses mouvements et ses orientations de jeu, F\u00e9lix Correia a surtout ouvert son compteur but pour sa 12e rencontre dans le Nord. L\u2019ailier portugais a fait preuve de spontan\u00e9it\u00e9 en lobant Pape Sy, bien loin de ses cages (34e). Il s\u2019est appliqu\u00e9 pour reprendre un centre de Matias Fernandez-Pardo (53e). Puis a ponctu\u00e9 son match plein d\u2019un centre millim\u00e9tr\u00e9, offrant un but \u00e0 son capitaine, Benjamin Andr\u00e9 (82e).<\/p>\n<p class=\"fig-paragraph\"><strong>FLOPS<\/strong><\/p>\n<p>Sabaly a manqu\u00e9 l\u2019immanquable<\/p>\n<p class=\"fig-paragraph\">Le tournant du match\u00a0? On n\u2019ira pas jusqu\u2019\u00e0 dire que le r\u00e9sultat aurait \u00e9t\u00e9 diff\u00e9rent, mais le FC Metz aurait pu entretenir l\u2019espoir et cr\u00e9er un autre sc\u00e9nario, sans cet improbable rat\u00e9 de Cheikh Sabaly. Dans la foul\u00e9e de l\u2019ouverture du score lilloise, une partie de billard a profit\u00e9 au S\u00e9n\u00e9galais, seul face au but aux six m\u00e8tres. Le Messin a inexplicablement tir\u00e9 du droit&#8230; au-dessus. Presque plus difficile que de cadrer. Le Losc a rapidement fait le break et n\u2019a jamais \u00e9t\u00e9 revu.<\/p>\n<p>Sy n\u2019a pas rendu la confiance<\/p>\n<p class=\"fig-paragraph\">Titulaire surprise dans les cages lorraines, Pape Sy a \u00e9t\u00e9 pr\u00e9f\u00e9r\u00e9 \u00e0 au gardien danois Jonathan Fischer, qui avait d\u00e9but\u00e9 tous les matches depuis le d\u00e9but de saison. Et le S\u00e9n\u00e9galais n\u2019a pas rendu \u00e0 St\u00e9phane Le Mignan la confiance accord\u00e9e. Sur une situation de relance anodine, Sy a rat\u00e9 sa passe intercept\u00e9e par F\u00e9lix Correia. Une seconde plus tard, le Lillois signait un lob pour faire le break (34e, 2-0) et enfoncer Metz.\u00a0Un gros contact \u00e0 la t\u00eate avec Osame Sahraoui l\u2019a contraint \u00e0 sortir sur civi\u00e8re. Une journ\u00e9e \u00e0 oublier.<\/p>\n","protected":false},"excerpt":{"rendered":"Fernandez-Pardo en feu, Correia efficace, Sabaly maladroit\u00a0: retrouvez ce qui a retenu l\u2019attention de la r\u00e9daction apr\u00e8s l\u2019\u00e9crasante&hellip;\n","protected":false},"author":2,"featured_media":492467,"comment_status":"","ping_status":"","sticky":false,"template":"","format":"standard","meta":{"footnotes":""},"categories":[2],"tags":[11,8113,1011,27,2267,12],"class_list":{"0":"post-492466","1":"post","2":"type-post","3":"status-publish","4":"format-standard","5":"has-post-thumbnail","7":"category-actualites","8":"tag-actualites","9":"tag-fc-metz","10":"tag-fr","11":"tag-france","12":"tag-losc","13":"tag-news"},"share_on_mastodon":{"url":"https:\/\/pubeurope.com\/@fr\/115444258133289404","error":""},"_links":{"self":[{"href":"https:\/\/www.europesays.com\/fr\/wp-json\/wp\/v2\/posts\/492466","targetHints":{"allow":["GET"]}}],"collection":[{"href":"https:\/\/www.europesays.com\/fr\/wp-json\/wp\/v2\/posts"}],"about":[{"href":"https:\/\/www.europesays.com\/fr\/wp-json\/wp\/v2\/types\/post"}],"author":[{"embeddable":true,"href":"https:\/\/www.europesays.com\/fr\/wp-json\/wp\/v2\/users\/2"}],"replies":[{"embeddable":true,"href":"https:\/\/www.europesays.com\/fr\/wp-json\/wp\/v2\/comments?post=492466"}],"version-history":[{"count":0,"href":"https:\/\/www.europesays.com\/fr\/wp-json\/wp\/v2\/posts\/492466\/revisions"}],"wp:featuredmedia":[{"embeddable":true,"href":"https:\/\/www.europesays.com\/fr\/wp-json\/wp\/v2\/media\/492467"}],"wp:attachment":[{"href":"https:\/\/www.europesays.com\/fr\/wp-json\/wp\/v2\/media?parent=492466"}],"wp:term":[{"taxonomy":"category","embeddable":true,"href":"https:\/\/www.europesays.com\/fr\/wp-json\/wp\/v2\/categories?post=492466"},{"taxonomy":"post_tag","embeddable":true,"href":"https:\/\/www.europesays.com\/fr\/wp-json\/wp\/v2\/tags?post=492466"}],"curies":[{"name":"wp","href":"https:\/\/api.w.org\/{rel}","templated":true}]}}