{"id":492493,"date":"2025-10-27T05:00:17","date_gmt":"2025-10-27T05:00:17","guid":{"rendered":"https:\/\/www.europesays.com\/fr\/492493\/"},"modified":"2025-10-27T05:00:17","modified_gmt":"2025-10-27T05:00:17","slug":"ce-lundi-sera-maussade-mais-sera-t-il-pluvieux-la-meteo-de-ce-lundi-a-toulouse-et-en-occitanie","status":"publish","type":"post","link":"https:\/\/www.europesays.com\/fr\/492493\/","title":{"rendered":"Ce lundi sera maussade, mais sera-t-il pluvieux ? La m\u00e9t\u00e9o de ce lundi \u00e0 Toulouse et en Occitanie"},"content":{"rendered":"<p>            Par<br \/>\n        <strong><br \/>\n            <a href=\"https:\/\/actu.fr\/auteur\/redaction-toulouse\" title=\"Consulter tous les articles de R\u00e9daction de Toulouse\" rel=\"nofollow noopener\" target=\"_blank\">R\u00e9daction de Toulouse<\/a><br \/>\n        <\/strong><\/p>\n<p>        Publi\u00e9 le<\/p>\n<p>            27 oct. 2025 \u00e0 5h04        <\/p>\n<p>Pleuvra, pleuvra pas\u2009? C\u2019est la grande question de cette fin octobre\u00a02025. <a href=\"https:\/\/actu.fr\/occitanie\/\" rel=\"nofollow noopener\" target=\"_blank\">En Occitanie<\/a>, ce lundi 27\u00a0octobre s\u2019annonce bel et bien <strong>maussade<\/strong> mais certaines zones<strong> \u00e9chapperont aux pr\u00e9cipitations<\/strong>. On fait le point.<\/p>\n<p>\u00c0 Toulouse<\/p>\n<p class=\" wall-content\">Dans la Ville rose, on attend <strong>un ciel tr\u00e8s nuageux<\/strong> avec quelques \u00e9claircies le matin, avant qu\u2019il ne se couvre compl\u00e8tement pour l\u2019apr\u00e8s-midi. Selon M\u00e9t\u00e9o France, il ne devrait cependant pas pleuvoir. Des <strong>rafales de vent<\/strong> jusqu\u2019\u00e0 45\u00a0km\/h sont attendues, et le mercure affichera entre 13 et 15\u00b0C.<\/p>\n<p>    <img   decoding=\"async\" loading=\"lazy\" src=\"https:\/\/www.europesays.com\/fr\/wp-content\/uploads\/2025\/10\/fireshot-capture-003-meteo-toulouse-par-meteo-france-previsions-meteo-gratuites-pour-a-meteofranceco.jpeg\" alt=\"La m\u00e9t\u00e9o \u00e0 Toulouse ce lundi 27 octobre 2025.\" width=\"960\" height=\"640\"\/><br \/>\n    La m\u00e9t\u00e9o \u00e0 Toulouse ce lundi 27\u00a0octobre 2025. (\u00a9M\u00e9t\u00e9o France)En Occitanie, c\u2019est moiti\u00e9-moiti\u00e9<\/p>\n<p class=\" wall-content\">Le nord de l\u2019Occitanie n\u2019\u00e9chappera pas \u00e0 la pluie ce lundi. C\u2019est-\u00e0-dire le Lot, l\u2019Aveyron, la Loz\u00e8re et le Tarn. Il fera 10\u00b0C \u00e0 Rodez et Mende et 14, \u00e0 Albi et Castres. La moiti\u00e9 sud de la r\u00e9gion devrait quant \u00e0 elle \u00e9viter les pr\u00e9cipitations\u2009: le ciel sera nuageux \u00e0 Toulouse et Montauban et des \u00e9claircies \u00e9claireront Auch, Tarbes, Saint-Gaudens, Carcassonne et Foix, o\u00f9 il fera environ 14\u00b0 dans l\u2019apr\u00e8s-midi.<\/p>\n<p>    <img   decoding=\"async\" loading=\"lazy\" src=\"https:\/\/www.europesays.com\/fr\/wp-content\/uploads\/2025\/10\/meteo-occi-960x640.jpg\" alt=\"La m\u00e9t\u00e9o en Occitanie ce lundi.\" width=\"960\" height=\"640\"\/><br \/>\n    La m\u00e9t\u00e9o en Occitanie ce lundi. (\u00a9M\u00e9t\u00e9o France)<\/p>\n<p class=\" wall-content\">La c\u00f4te m\u00e9diterran\u00e9enne attirera encore une fois le soleil, avec 17\u00b0C attendus \u00e0 B\u00e9ziers et Montpellier.<\/p>\n<p>Vid\u00e9os : en ce moment sur Actu<\/p>\n<p class=\" wall-content\">Personnalisez votre actualit\u00e9 en ajoutant vos villes et m\u00e9dias en favori avec <a href=\"https:\/\/moncompte.actu.fr\" title=\"D\u00e9couvez Mon Actu\" rel=\"nofollow noopener\" data-trk=\"{&quot;cta&quot;:{&quot;action&quot;:&quot;https:\\\/\\\/moncompte.actu.fr&quot;,&quot;category&quot;:&quot;mon compte&quot;,&quot;from&quot;:&quot;article footer&quot;,&quot;name&quot;:&quot;Mon actu&quot;,&quot;type&quot;:&quot;cta&quot;}}\" target=\"_blank\">Mon Actu<\/a>.<\/p>\n","protected":false},"excerpt":{"rendered":"Par R\u00e9daction de Toulouse Publi\u00e9 le 27 oct. 2025 \u00e0 5h04 Pleuvra, pleuvra pas\u2009? C\u2019est la grande question&hellip;\n","protected":false},"author":2,"featured_media":231833,"comment_status":"","ping_status":"","sticky":false,"template":"","format":"standard","meta":{"footnotes":""},"categories":[2816],"tags":[1111,11,1777,674,1011,27,2487,2357,12,2680,25,2312],"class_list":{"0":"post-492493","1":"post","2":"type-post","3":"status-publish","4":"format-standard","5":"has-post-thumbnail","7":"category-toulouse","8":"tag-actu","9":"tag-actualites","10":"tag-eu","11":"tag-europe","12":"tag-fr","13":"tag-france","14":"tag-meteo","15":"tag-meteo-france","16":"tag-news","17":"tag-occitanie","18":"tag-republique-francaise","19":"tag-toulouse"},"share_on_mastodon":{"url":"https:\/\/pubeurope.com\/@fr\/115444372747964813","error":""},"_links":{"self":[{"href":"https:\/\/www.europesays.com\/fr\/wp-json\/wp\/v2\/posts\/492493","targetHints":{"allow":["GET"]}}],"collection":[{"href":"https:\/\/www.europesays.com\/fr\/wp-json\/wp\/v2\/posts"}],"about":[{"href":"https:\/\/www.europesays.com\/fr\/wp-json\/wp\/v2\/types\/post"}],"author":[{"embeddable":true,"href":"https:\/\/www.europesays.com\/fr\/wp-json\/wp\/v2\/users\/2"}],"replies":[{"embeddable":true,"href":"https:\/\/www.europesays.com\/fr\/wp-json\/wp\/v2\/comments?post=492493"}],"version-history":[{"count":0,"href":"https:\/\/www.europesays.com\/fr\/wp-json\/wp\/v2\/posts\/492493\/revisions"}],"wp:featuredmedia":[{"embeddable":true,"href":"https:\/\/www.europesays.com\/fr\/wp-json\/wp\/v2\/media\/231833"}],"wp:attachment":[{"href":"https:\/\/www.europesays.com\/fr\/wp-json\/wp\/v2\/media?parent=492493"}],"wp:term":[{"taxonomy":"category","embeddable":true,"href":"https:\/\/www.europesays.com\/fr\/wp-json\/wp\/v2\/categories?post=492493"},{"taxonomy":"post_tag","embeddable":true,"href":"https:\/\/www.europesays.com\/fr\/wp-json\/wp\/v2\/tags?post=492493"}],"curies":[{"name":"wp","href":"https:\/\/api.w.org\/{rel}","templated":true}]}}