{"id":492502,"date":"2025-10-27T05:06:14","date_gmt":"2025-10-27T05:06:14","guid":{"rendered":"https:\/\/www.europesays.com\/fr\/492502\/"},"modified":"2025-10-27T05:06:14","modified_gmt":"2025-10-27T05:06:14","slug":"lyon-jeanne-added-invitee-des-chemins-des-songwriters-ce-dimanche","status":"publish","type":"post","link":"https:\/\/www.europesays.com\/fr\/492502\/","title":{"rendered":"Lyon. Jeanne Added invit\u00e9e des Chemins des Songwriters ce dimanche"},"content":{"rendered":"<p>Consacr\u00e9e aux Victoires du jazz en 2019 et de la musique l\u2019ann\u00e9e suivante pour son talent singulier \u00e0 m\u00ealer l\u2019\u00e9nergie de la pop et l\u2019inventivit\u00e9 du jazz, Jeanne Added s\u2019\u00e9tait illustr\u00e9e cet \u00e9t\u00e9 aux Nuits de Fourvi\u00e8re, offrant \u00e0 l\u2019Od\u00e9on un hommage inoubliable \u00e0 Joni Mitchell sous une pluie battante.<\/p>\n<p>Tremp\u00e9e mais triomphante, la chanteuse avait alors prouv\u00e9, une fois de plus, que rien ne pouvait \u00e9teindre la flamme de son art.<\/p>\n<p>\u00c0 travers un dialogue complice, Piers Faccini poursuit sa qu\u00eate des voix qui fa\u00e7onnent les rencontres des Chemins des songwriters. Ce dimanche, pour le 13e rendez-vous, Faccini re\u00e7oit Jeanne Added, artiste \u00e0 la voix magn\u00e9tique.<\/p>\n<p>Ensemble, ils exploreront les chemins intimes de la cr\u00e9ation, entre confidences et inspirations crois\u00e9es.<\/p>\n<p class=\"note\">Dimanche 2\u00a0novembre, \u00e0 18\u00a0h\u00a030, \u00e0 l\u2019Amphi op\u00e9ra, place de la Com\u00e9die, \u00e0 Lyon 1er. Complet.<\/p>\n","protected":false},"excerpt":{"rendered":"Consacr\u00e9e aux Victoires du jazz en 2019 et de la musique l\u2019ann\u00e9e suivante pour son talent singulier \u00e0&hellip;\n","protected":false},"author":2,"featured_media":492503,"comment_status":"","ping_status":"","sticky":false,"template":"","format":"standard","meta":{"footnotes":""},"categories":[1889],"tags":[1111,11,2430,1687,2757,1777,674,1011,27,2428,7789,2801,873,12,25],"class_list":{"0":"post-492502","1":"post","2":"type-post","3":"status-publish","4":"format-standard","5":"has-post-thumbnail","7":"category-lyon","8":"tag-actu","9":"tag-actualites","10":"tag-auvergne-rhone-alpes","11":"tag-culture-loisirs","12":"tag-edition-lyon-villeurbanne","13":"tag-eu","14":"tag-europe","15":"tag-fr","16":"tag-france","17":"tag-lyon","18":"tag-lyon-1er","19":"tag-lyon-1er-arrondissement","20":"tag-musique","21":"tag-news","22":"tag-republique-francaise"},"share_on_mastodon":{"url":"https:\/\/pubeurope.com\/@fr\/115444395744652195","error":""},"_links":{"self":[{"href":"https:\/\/www.europesays.com\/fr\/wp-json\/wp\/v2\/posts\/492502","targetHints":{"allow":["GET"]}}],"collection":[{"href":"https:\/\/www.europesays.com\/fr\/wp-json\/wp\/v2\/posts"}],"about":[{"href":"https:\/\/www.europesays.com\/fr\/wp-json\/wp\/v2\/types\/post"}],"author":[{"embeddable":true,"href":"https:\/\/www.europesays.com\/fr\/wp-json\/wp\/v2\/users\/2"}],"replies":[{"embeddable":true,"href":"https:\/\/www.europesays.com\/fr\/wp-json\/wp\/v2\/comments?post=492502"}],"version-history":[{"count":0,"href":"https:\/\/www.europesays.com\/fr\/wp-json\/wp\/v2\/posts\/492502\/revisions"}],"wp:featuredmedia":[{"embeddable":true,"href":"https:\/\/www.europesays.com\/fr\/wp-json\/wp\/v2\/media\/492503"}],"wp:attachment":[{"href":"https:\/\/www.europesays.com\/fr\/wp-json\/wp\/v2\/media?parent=492502"}],"wp:term":[{"taxonomy":"category","embeddable":true,"href":"https:\/\/www.europesays.com\/fr\/wp-json\/wp\/v2\/categories?post=492502"},{"taxonomy":"post_tag","embeddable":true,"href":"https:\/\/www.europesays.com\/fr\/wp-json\/wp\/v2\/tags?post=492502"}],"curies":[{"name":"wp","href":"https:\/\/api.w.org\/{rel}","templated":true}]}}