{"id":492510,"date":"2025-10-27T05:12:27","date_gmt":"2025-10-27T05:12:27","guid":{"rendered":"https:\/\/www.europesays.com\/fr\/492510\/"},"modified":"2025-10-27T05:12:27","modified_gmt":"2025-10-27T05:12:27","slug":"incroyable-surprise-thomas-bangalter-de-daft-punk-a-mixe-au-centre-pompidou-devant-un-public-en-folie","status":"publish","type":"post","link":"https:\/\/www.europesays.com\/fr\/492510\/","title":{"rendered":"Incroyable surprise : Thomas Bangalter de Daft Punk a mix\u00e9 au Centre Pompidou devant un public en folie"},"content":{"rendered":"<p class=\"paragraph text_align_left lp-f-body-02\">La rumeur enfle tout au long de la soir\u00e9e. Au fil des heures, samedi elle circule \u00e0 tous les \u00e9tages du centre Pompidou. \u00ab Il para\u00eet que Daft Punk va jouer \u00bb. Daft Punk ? \u00c0 Beaubourg ? Pourquoi pas ? L\u2019imposant b\u00e2timent culturel qui vient de fermer ses portes accueille un ultime \u00e9v\u00e9nement : <a href=\"https:\/\/www.leparisien.fr\/culture-loisirs\/musique\/justice-shay-thomas-bangalter-because-beaubourg-deux-jours-de-fete-avant-la-fermeture-du-centre-pompidou-24-10-2025-6GNMNYJXZVEG5D2IP2FSC66UMA.php\" target=\"_blank\" rel=\"noreferrer nofollow noopener\">les 20 ans du label fran\u00e7ais Because<\/a>, celui de <a href=\"https:\/\/www.leparisien.fr\/culture-loisirs\/musique\/justice-livre-un-magistral-opera-electro-a-laccor-arena-cest-le-concert-de-lannee-18-12-2024-QCQCJEE4INHKPPX6ZSSQZGU47M.php\" target=\"_blank\" rel=\"noreferrer nofollow noopener\">Justice<\/a>, Charlotte Gainsbourg, Christine and The Queens, Manu Chao Parcels, Catherine Ringer, Shay, cr\u00e9\u00e9 il y a deux d\u00e9cennies par Emmanuel de Buretel. Ancien patron de Virgin, c\u2019est lui qui, \u00e0 l\u2019\u00e9poque, a sign\u00e9 le premier contrat de Daft Punk dans les ann\u00e9es 90. L\u2019un des deux musiciens casqu\u00e9s, Thomas Bangalter a m\u00eame imagin\u00e9 pour ce \u00ab Because Beaubourg \u00bb une installation vid\u00e9o visible depuis vendredi. Alors de l\u00e0, \u00e0 imaginer un clin d\u2019\u0153il des Daft Punk reform\u00e9s pour l\u2019occasion\u2026<\/p>\n<p class=\"paragraph text_align_left lp-f-body-02\">Mais avant cela, Beaubourg est rempli \u00e0 ras bord pour assister aux prestations des artistes du label \u00e0 la f\u00eate : le mythique musicien catalan Pascal Comelade pour une cr\u00e9ation autour de quatre pianos, Christine and The Queens \u00e9voluant au milieu de statues, Breakbot qui anime une piste de roller avec un mix tr\u00e8s ann\u00e9es 80, S\u00e9bastien Tellier qu\u2019il est difficile d\u2019atteindre au milieu d\u2019une foule d\u00e9bordant de partout.<\/p>\n<p class=\"paragraph text_align_left lp-f-body-02\">Plus la nuit avance, plus le monde se rassemble dans le grand hall du Centre Pompidou pour assister aux prestations de multiples artistes \u00e9lectro d\u00e9fendus par Because : Myd partage les platines avec Sofia Kourtesis, <a href=\"https:\/\/www.leparisien.fr\/culture-loisirs\/musique\/on-marrete-de-plus-en-plus-dans-la-rue-daft-punk-dj-mehdi-pedro-winter-raconte-son-fabuleux-parcours-21-04-2025-WWW7NII37JGSXLAMDZCTG3DGTU.php\" target=\"_blank\" rel=\"noreferrer nofollow noopener\">Pedro Winter, alias Busy P, ancien manager de Daft Punk et producteur de Justice<\/a> en fait de m\u00eame avec Erol Alkan.<\/p>\n<p class=\"paragraph text_align_left lp-f-body-02\">Depuis plusieurs heures, certains parlent d\u2019une voire de deux surprises. La premi\u00e8re c\u2019est Fred Again, ph\u00e9nom\u00e8ne \u00e9lectro britannique <a href=\"https:\/\/www.leparisien.fr\/culture-loisirs\/musique\/rock-en-seine\/rock-en-seine-la-folie-fred-again-roi-dune-troisieme-journee-tres-dansante-24-08-2024-PAIGNOFXUFFWZMAI5KOSNE7SVI.php\" target=\"_blank\" rel=\"noreferrer nofollow noopener\">qui avait enflamm\u00e9 Rock En Seine en 2024<\/a> et vient de donner un concert g\u00e9ant \u00e0 Lyon annonc\u00e9 \u00e0 la derni\u00e8re minute. Pr\u00e8s de 6 000 personnes sont d\u00e9j\u00e0 en folie de le voir d\u00e9barquer, tranquille, son sac banane en bandouli\u00e8re, \u00e0 c\u00f4t\u00e9 de Pedro Winter sur une sc\u00e8ne sur\u00e9lev\u00e9e avec d\u2019immenses \u00e9crans \u00e0 ses pieds. Mais ce n\u2019est rien \u00e0 c\u00f4t\u00e9 de la seconde surprise : Thomas Bangalter en personne, l\u2019un des deux Daft Punk, qui arrive \u00e0 visage d\u00e9couvert et balance direct \u00ab Rollin &amp; Scratchin \u00bb classique des d\u00e9buts du duo, extrait de son premier album en 1997 devant une foule en d\u00e9lire.<\/p>\n<p>Les voix de Mourousi et Chirac<\/p>\n<p class=\"paragraph text_align_left lp-f-body-02\">Mais le musicien a aussi pr\u00e9vu quelque chose de sp\u00e9cial pour l\u2019\u00e9v\u00e9nement et veut donner du sens \u00e0 sa pr\u00e9sence. Il coupe alors la musique et balance un extrait sonore d\u2019un vieux journal t\u00e9l\u00e9vis\u00e9 d\u2019Yves Mourousi qui \u00e9voque la cr\u00e9ation du Centre Pompidou : \u00ab un projet qui comporte quatre installations principales : une biblioth\u00e8que publique d\u2019information, un centre d\u2019arts plastiques contemporains, un centre de cr\u00e9ation industrielle et l\u2019institut d\u2019acoustique musique qui sera dirig\u00e9 par Pierre Boulez \u00bb, dit <a href=\"https:\/\/www.leparisien.fr\/culture-loisirs\/la-face-cachee-d-yves-mourousi-12-09-2012-2160804.php\" target=\"_blank\" rel=\"noreferrer nofollow noopener\">le pr\u00e9sentateur de JT l\u00e9gendaire<\/a>. Puis c\u2019est la voix de Jacques Chirac, alors Premier Ministre qui d\u00e9fend le projet devant les d\u00e9put\u00e9s : \u00ab Georges Pompidou savait qu\u2019il est dangereux pour une soci\u00e9t\u00e9 de feindre, d\u2019ignorer l\u2019art qu\u2019elle engendre, m\u00eame s\u2019il la conteste. Car cela marquerait qu\u2019elle refuse d\u2019ouvrir les yeux sur ce qu\u2019elle est \u00bb. Pendant que ces mots r\u00e9sonnent, Thomas Bangalter commence \u00e0 faire monter l\u2019introduction de \u00ab Contact \u00bb morceau de bravoure futuriste qui concluait <a href=\"https:\/\/www.leparisien.fr\/culture-loisirs\/musique\/daft-punk-ressort-random-access-memories-les-coulisses-dun-album-mythique-11-05-2023-5OYCCN74IRERXE3Z4PTSS2A6KM.php\" target=\"_blank\" rel=\"noreferrer nofollow noopener\">le dernier album de Daft Punk, \u00ab Random Access Memories \u00bb<\/a> en 2013. Un moment intense immortalis\u00e9 par des milliers de t\u00e9l\u00e9phones portables, point d\u2019orgue d\u2019une prestation qui a dur\u00e9 pr\u00e8s d\u2019une heure et demie. Une premi\u00e8re \u00e0 Paris devant autant de monde depuis l\u2019ultime concert de Daft Punk \u00e0 Bercy en 2007.<\/p>\n","protected":false},"excerpt":{"rendered":"La rumeur enfle tout au long de la soir\u00e9e. Au fil des heures, samedi elle circule \u00e0 tous&hellip;\n","protected":false},"author":2,"featured_media":492511,"comment_status":"","ping_status":"","sticky":false,"template":"","format":"standard","meta":{"footnotes":""},"categories":[1888],"tags":[11,872,1777,674,1011,27,873,12,626,25],"class_list":{"0":"post-492510","1":"post","2":"type-post","3":"status-publish","4":"format-standard","5":"has-post-thumbnail","7":"category-paris","8":"tag-actualites","9":"tag-culture-et-loisirs","10":"tag-eu","11":"tag-europe","12":"tag-fr","13":"tag-france","14":"tag-musique","15":"tag-news","16":"tag-paris","17":"tag-republique-francaise"},"share_on_mastodon":{"url":"https:\/\/pubeurope.com\/@fr\/115444419610404060","error":""},"_links":{"self":[{"href":"https:\/\/www.europesays.com\/fr\/wp-json\/wp\/v2\/posts\/492510","targetHints":{"allow":["GET"]}}],"collection":[{"href":"https:\/\/www.europesays.com\/fr\/wp-json\/wp\/v2\/posts"}],"about":[{"href":"https:\/\/www.europesays.com\/fr\/wp-json\/wp\/v2\/types\/post"}],"author":[{"embeddable":true,"href":"https:\/\/www.europesays.com\/fr\/wp-json\/wp\/v2\/users\/2"}],"replies":[{"embeddable":true,"href":"https:\/\/www.europesays.com\/fr\/wp-json\/wp\/v2\/comments?post=492510"}],"version-history":[{"count":0,"href":"https:\/\/www.europesays.com\/fr\/wp-json\/wp\/v2\/posts\/492510\/revisions"}],"wp:featuredmedia":[{"embeddable":true,"href":"https:\/\/www.europesays.com\/fr\/wp-json\/wp\/v2\/media\/492511"}],"wp:attachment":[{"href":"https:\/\/www.europesays.com\/fr\/wp-json\/wp\/v2\/media?parent=492510"}],"wp:term":[{"taxonomy":"category","embeddable":true,"href":"https:\/\/www.europesays.com\/fr\/wp-json\/wp\/v2\/categories?post=492510"},{"taxonomy":"post_tag","embeddable":true,"href":"https:\/\/www.europesays.com\/fr\/wp-json\/wp\/v2\/tags?post=492510"}],"curies":[{"name":"wp","href":"https:\/\/api.w.org\/{rel}","templated":true}]}}