{"id":492546,"date":"2025-10-27T05:42:41","date_gmt":"2025-10-27T05:42:41","guid":{"rendered":"https:\/\/www.europesays.com\/fr\/492546\/"},"modified":"2025-10-27T05:42:41","modified_gmt":"2025-10-27T05:42:41","slug":"le-louvre-transfere-secretement-une-partie-de-sa-collection-de-bijoux-a-la-banque-de-france-a-26-metres-sous-terre","status":"publish","type":"post","link":"https:\/\/www.europesays.com\/fr\/492546\/","title":{"rendered":"Le Louvre transf\u00e8re secr\u00e8tement une partie de sa collection de bijoux \u00e0 la Banque de France, \u00e0 26 m\u00e8tres sous terre"},"content":{"rendered":"<p>\n  Par&amp;nbsp<b>Euronews<\/b>\n<\/p>\n<p>\n                    Publi\u00e9 le                 26\/10\/2025 &#8211; 8:00 UTC+1<br \/>\n                \u2022Mis \u00e0 jour<br \/>\n                                     10:58\n                                        <\/p>\n<p>Le Louvre a transf\u00e9r\u00e9 certains de ses joyaux les plus pr\u00e9cieux dans les coffres de la Banque de France, \u00e0 seulement 300 m\u00e8tres du mus\u00e9e, a rapport\u00e9 RTL. <\/p>\n<p>Le transfert depuis la galerie Apollon du mus\u00e9e, qui abrite les joyaux des souverains fran\u00e7ais et qui a \u00e9t\u00e9 le th\u00e9\u00e2tre d&rsquo;un cambriolage spectaculaire la semaine derni\u00e8re, a \u00e9t\u00e9 effectu\u00e9 vendredi sous escorte polici\u00e8re secr\u00e8te, a indiqu\u00e9 la cha\u00eene de radio, citant des sources anonymes.<\/p>\n<p>La chambre forte principale, situ\u00e9e \u00e0 26 m\u00e8tres sous son si\u00e8ge social en plein c\u0153ur de Paris, \u00e0 c\u00f4t\u00e9 du Jardin du Palais Royal, conserve pr\u00e8s de 90 % des r\u00e9serves d&rsquo;or du pays ainsi que des tr\u00e9sors nationaux, comme les Carnets de L\u00e9onard de Vinci.<\/p>\n<p>Dimanche dernier, quatre suspects se sont introduits en plein jour dans le c\u00e9l\u00e8bre mus\u00e9e qui attire plus de 8 millions de visiteurs par an. Ils ont utilis\u00e9 <a href=\"https:\/\/fr.euronews.com\/business\/2025\/10\/24\/vol-de-bijoux-au-louvre-coup-de-pub-en-or-pour-un-fabricant-allemand-dechelles\" target=\"_blank\" rel=\"noopener\"><strong>un monte-charge<\/strong><\/a> pour acc\u00e9der \u00e0 un balcon menant \u00e0 la Galerie d&rsquo;Apollon, ont forc\u00e9 une fen\u00eatre et fractur\u00e9 deux des trois nouvelles vitrines install\u00e9es fin 2019 pour voler les bijoux, avant de s&rsquo;enfuir sur des deux-roues. Le vol a dur\u00e9 entre six et sept minutes.<\/p>\n<p>Un pr\u00e9judice \u00e9valu\u00e9 par le mus\u00e9e \u00e0 88 millions d&rsquo;euros pour \u00ab\u00a0son seul volet \u00e9conomique\u00a0\u00bb, mais d&rsquo;une valeur historique et patrimoniale inestimable.<\/p>\n<p>Ce rat\u00e9 s\u00e9curitaire a suscit\u00e9 l&rsquo;indignation du public et a \u00e9t\u00e9 qualifi\u00e9 d'\u00a0\u00bbhumiliation nationale\u00a0\u00bb par plusieurs l\u00e9gislateurs de l&rsquo;opposition. De nombreuses questions se posent sur la cha\u00eene de responsabilit\u00e9s.<\/p>\n<p>Selon la pr\u00e9sidente-directrice du Louvre, Laurence des Cars, <a href=\"https:\/\/fr.euronews.com\/2025\/10\/22\/vol-de-joyaux-au-louvre-la-directrice-du-musee-plaide-pour-un-commissariat-au-sein-du-muse\" target=\"_blank\" rel=\"noopener\"><strong>auditionn\u00e9e par le S\u00e9nat<\/strong><\/a>, aucun cam\u00e9ra ne couvrait le balcon de la galerie d&rsquo;Apollon. Elle a \u00e9galement point\u00e9 \u00ab\u00a0un sous-investissement chronique en mati\u00e8re d\u2019\u00e9quipement et d\u2019infrastructure\u00a0\u00bb.<\/p>\n<p>Toutefois, ce mal n&rsquo;est pas que fran\u00e7ais. Ces derni\u00e8res ann\u00e9es, l&rsquo;Europe a connu une augmentation sensible des cambriolages de mus\u00e9es. En 2019, <a href=\"https:\/\/fr.euronews.com\/2025\/10\/25\/cambriolage-du-musee-de-la-voute-verte-le-diamant-blanc-de-saxe-toujours-introuvable-5-ans\" target=\"_blank\" rel=\"noopener\"><strong>21 joyaux historiques<\/strong><\/a> orn\u00e9s de pierres pr\u00e9cieuses d&rsquo;une valeur de 113 millions d&rsquo;euros ont \u00e9t\u00e9 d\u00e9rob\u00e9s du mus\u00e9e de la Vo\u00fbte verte, \u00e0 Dresde, dont certains demeurent introuvables.<\/p>\n","protected":false},"excerpt":{"rendered":"Par&amp;nbspEuronews Publi\u00e9 le 26\/10\/2025 &#8211; 8:00 UTC+1 \u2022Mis \u00e0 jour 10:58 Le Louvre a transf\u00e9r\u00e9 certains de ses&hellip;\n","protected":false},"author":2,"featured_media":492547,"comment_status":"","ping_status":"","sticky":false,"template":"","format":"standard","meta":{"footnotes":""},"categories":[1358],"tags":[1348,1384,1385,1386,58,59,1011,27,3048,3094],"class_list":{"0":"post-492546","1":"post","2":"type-post","3":"status-publish","4":"format-standard","5":"has-post-thumbnail","7":"category-arts-et-design","8":"tag-arts","9":"tag-arts-and-design","10":"tag-arts-et-design","11":"tag-design","12":"tag-divertissement","13":"tag-entertainment","14":"tag-fr","15":"tag-france","16":"tag-musee","17":"tag-musee-du-louvre"},"share_on_mastodon":{"url":"","error":""},"_links":{"self":[{"href":"https:\/\/www.europesays.com\/fr\/wp-json\/wp\/v2\/posts\/492546","targetHints":{"allow":["GET"]}}],"collection":[{"href":"https:\/\/www.europesays.com\/fr\/wp-json\/wp\/v2\/posts"}],"about":[{"href":"https:\/\/www.europesays.com\/fr\/wp-json\/wp\/v2\/types\/post"}],"author":[{"embeddable":true,"href":"https:\/\/www.europesays.com\/fr\/wp-json\/wp\/v2\/users\/2"}],"replies":[{"embeddable":true,"href":"https:\/\/www.europesays.com\/fr\/wp-json\/wp\/v2\/comments?post=492546"}],"version-history":[{"count":0,"href":"https:\/\/www.europesays.com\/fr\/wp-json\/wp\/v2\/posts\/492546\/revisions"}],"wp:featuredmedia":[{"embeddable":true,"href":"https:\/\/www.europesays.com\/fr\/wp-json\/wp\/v2\/media\/492547"}],"wp:attachment":[{"href":"https:\/\/www.europesays.com\/fr\/wp-json\/wp\/v2\/media?parent=492546"}],"wp:term":[{"taxonomy":"category","embeddable":true,"href":"https:\/\/www.europesays.com\/fr\/wp-json\/wp\/v2\/categories?post=492546"},{"taxonomy":"post_tag","embeddable":true,"href":"https:\/\/www.europesays.com\/fr\/wp-json\/wp\/v2\/tags?post=492546"}],"curies":[{"name":"wp","href":"https:\/\/api.w.org\/{rel}","templated":true}]}}