{"id":492564,"date":"2025-10-27T05:54:17","date_gmt":"2025-10-27T05:54:17","guid":{"rendered":"https:\/\/www.europesays.com\/fr\/492564\/"},"modified":"2025-10-27T05:54:17","modified_gmt":"2025-10-27T05:54:17","slug":"les-gendarmes-a-la-recherche-de-deux-quadragenaires-portes-disparus-dans-le-marais-poitevin","status":"publish","type":"post","link":"https:\/\/www.europesays.com\/fr\/492564\/","title":{"rendered":"les gendarmes \u00e0 la recherche de deux quadrag\u00e9naires port\u00e9s disparus dans le Marais poitevin"},"content":{"rendered":"<p>La gendarmerie s\u2019est lanc\u00e9e \u00e0 la recherche de deux hommes port\u00e9s disparus dans la partie mouill\u00e9e du Marais poitevin le samedi 25\u00a0octobre 2025 en fin de journ\u00e9e\u00a0: tous deux \u00e2g\u00e9s de 47\u00a0ans, ils \u00e9taient partis aux alentours de 18\u00a0h faire un tour en barque depuis une maison lou\u00e9e dans le village touristique de La Garette, \u00e0 Sansais. Le duo n\u2019a, depuis, plus donn\u00e9 signe de vie\u00a0: l\u2019alerte aurait \u00e9t\u00e9 donn\u00e9e une heure environ apr\u00e8s leur d\u00e9part. Un h\u00e9licopt\u00e8re de la gendarmerie a survol\u00e9 le secteur dans la matin\u00e9e du dimanche 26\u00a0octobre 2025\u00a0: il a permis de rep\u00e9rer le canot, vide, au niveau de la conche de la Berg\u00e8re, qui donne sur la S\u00e8vre Niortaise \u00e0 Coulon, tout pr\u00e8s de la maison dite aux volets bleus.<\/p>\n<p>Avec deux plongeurs notamment, la brigade nautique de La\u00a0Rochelle, en Charente-Maritime, a \u00e9t\u00e9 mobilis\u00e9e, ainsi que l\u2019office fran\u00e7ais de la biodiversit\u00e9\u00a0: trois embarcations ont ainsi pu naviguer en m\u00eame temps dans l\u2019apr\u00e8s-midi. Commandant la compagnie de gendarmerie de Niort, le chef d\u2019escadron Rodolphe Malochet n\u2019a pas souhait\u00e9 faire de commentaire\u00a0: l\u2019officier se trouvait d\u2019ailleurs au c\u0153ur du dispositif. Sophie Lacote, la procureure de la R\u00e9publique de la ville-pr\u00e9fecture des Deux-S\u00e8vres, a confirm\u00e9 cette double disparition et l\u2019ouverture d\u2019une enqu\u00eate dirig\u00e9e par le parquet\u00a0: concernant les circonstances et les investigations, elle n\u2019a pas souhait\u00e9 communiquer \u00ab\u00a0davantage \u00e0 ce stade\u00a0\u00bb.<\/p>\n","protected":false},"excerpt":{"rendered":"La gendarmerie s\u2019est lanc\u00e9e \u00e0 la recherche de deux hommes port\u00e9s disparus dans la partie mouill\u00e9e du Marais&hellip;\n","protected":false},"author":2,"featured_media":492565,"comment_status":"","ping_status":"","sticky":false,"template":"","format":"standard","meta":{"footnotes":""},"categories":[4],"tags":[1392,11,2218,39885,2545,274,1011,27,3381,12,6752,25,61546],"class_list":{"0":"post-492564","1":"post","2":"type-post","3":"status-publish","4":"format-standard","5":"has-post-thumbnail","7":"category-france","8":"tag-a-la-une-local","9":"tag-actualites","10":"tag-charente-maritime","11":"tag-coulon","12":"tag-deux-sevres","13":"tag-faits-divers-justice","14":"tag-fr","15":"tag-france","16":"tag-gendarmerie","17":"tag-news","18":"tag-niort","19":"tag-republique-francaise","20":"tag-sansais"},"share_on_mastodon":{"url":"https:\/\/pubeurope.com\/@fr\/115444584699226450","error":""},"_links":{"self":[{"href":"https:\/\/www.europesays.com\/fr\/wp-json\/wp\/v2\/posts\/492564","targetHints":{"allow":["GET"]}}],"collection":[{"href":"https:\/\/www.europesays.com\/fr\/wp-json\/wp\/v2\/posts"}],"about":[{"href":"https:\/\/www.europesays.com\/fr\/wp-json\/wp\/v2\/types\/post"}],"author":[{"embeddable":true,"href":"https:\/\/www.europesays.com\/fr\/wp-json\/wp\/v2\/users\/2"}],"replies":[{"embeddable":true,"href":"https:\/\/www.europesays.com\/fr\/wp-json\/wp\/v2\/comments?post=492564"}],"version-history":[{"count":0,"href":"https:\/\/www.europesays.com\/fr\/wp-json\/wp\/v2\/posts\/492564\/revisions"}],"wp:featuredmedia":[{"embeddable":true,"href":"https:\/\/www.europesays.com\/fr\/wp-json\/wp\/v2\/media\/492565"}],"wp:attachment":[{"href":"https:\/\/www.europesays.com\/fr\/wp-json\/wp\/v2\/media?parent=492564"}],"wp:term":[{"taxonomy":"category","embeddable":true,"href":"https:\/\/www.europesays.com\/fr\/wp-json\/wp\/v2\/categories?post=492564"},{"taxonomy":"post_tag","embeddable":true,"href":"https:\/\/www.europesays.com\/fr\/wp-json\/wp\/v2\/tags?post=492564"}],"curies":[{"name":"wp","href":"https:\/\/api.w.org\/{rel}","templated":true}]}}