{"id":492567,"date":"2025-10-27T05:56:23","date_gmt":"2025-10-27T05:56:23","guid":{"rendered":"https:\/\/www.europesays.com\/fr\/492567\/"},"modified":"2025-10-27T05:56:23","modified_gmt":"2025-10-27T05:56:23","slug":"cette-association-lutte-contre-les-dangers-de-la-cocaine","status":"publish","type":"post","link":"https:\/\/www.europesays.com\/fr\/492567\/","title":{"rendered":"cette association lutte contre les dangers de la coca\u00efne"},"content":{"rendered":"<p>\u00ab\u00a0Nous sommes en mesure de confirmer que la consommation de coca\u00efne est en hausse dans le d\u00e9partement de la Loire\u00a0\u00bb affirme d\u2019embl\u00e9e Philippe Blanc, chef de service au sein du centre d\u2019addictologie Rimbaud \u00e0 Saint-Etienne. Et ce dernier de pr\u00e9ciser\u00a0: \u00ab\u00a0Nous ne tenons pas de comptabilit\u00e9 du nombre de personnes accompagn\u00e9es par nos \u00e9quipes, mais depuis les trois ou quatre derni\u00e8res ann\u00e9es, nous avons constat\u00e9 une hausse du nombre de crackeurs\u00a0\u00bb.<\/p>\n<p>Une \u00e9volution que l\u2019association a pu relever, car, comme l\u2019explique le responsable, une aide est apport\u00e9e aux personnes qui font appel aux services de l\u2019institution\u00a0: \u00ab\u00a0On peut fournir du mat\u00e9riel sain comme des seringues ou encore des pipes \u00e0 crack\u00a0\u00bb.<\/p>\n<p>Des l\u00e9sions nasales et des risques de contamination<\/p>\n<p>Philippe Blanc ne fait pas non plus myst\u00e8re des troubles pour la sant\u00e9 que peut engendrer la consommation de coca\u00efne, qu\u2019elle soit inject\u00e9e, snif\u00e9e ou inhal\u00e9e. Et de d\u00e9tailler\u00a0: \u00ab\u00a0Ce n\u2019est pas bon pour le c\u0153ur, les poumons et le corps en g\u00e9n\u00e9ral&#8230;.<\/p>\n","protected":false},"excerpt":{"rendered":"\u00ab\u00a0Nous sommes en mesure de confirmer que la consommation de coca\u00efne est en hausse dans le d\u00e9partement de&hellip;\n","protected":false},"author":2,"featured_media":492568,"comment_status":"","ping_status":"","sticky":false,"template":"","format":"standard","meta":{"footnotes":""},"categories":[9653],"tags":[1111,11,2430,7539,1777,674,274,107,1011,27,3367,12,25,4001,7538,71,10806,104],"class_list":{"0":"post-492567","1":"post","2":"type-post","3":"status-publish","4":"format-standard","5":"has-post-thumbnail","7":"category-saint-etienne","8":"tag-actu","9":"tag-actualites","10":"tag-auvergne-rhone-alpes","11":"tag-edition-loire-sud","12":"tag-eu","13":"tag-europe","14":"tag-faits-divers-justice","15":"tag-fil-info","16":"tag-fr","17":"tag-france","18":"tag-loire","19":"tag-news","20":"tag-republique-francaise","21":"tag-saint-etienne","22":"tag-saint-etienne-ville","23":"tag-sante","24":"tag-selection-de-la-redaction-42","25":"tag-societe"},"share_on_mastodon":{"url":"https:\/\/pubeurope.com\/@fr\/115444592527353354","error":""},"_links":{"self":[{"href":"https:\/\/www.europesays.com\/fr\/wp-json\/wp\/v2\/posts\/492567","targetHints":{"allow":["GET"]}}],"collection":[{"href":"https:\/\/www.europesays.com\/fr\/wp-json\/wp\/v2\/posts"}],"about":[{"href":"https:\/\/www.europesays.com\/fr\/wp-json\/wp\/v2\/types\/post"}],"author":[{"embeddable":true,"href":"https:\/\/www.europesays.com\/fr\/wp-json\/wp\/v2\/users\/2"}],"replies":[{"embeddable":true,"href":"https:\/\/www.europesays.com\/fr\/wp-json\/wp\/v2\/comments?post=492567"}],"version-history":[{"count":0,"href":"https:\/\/www.europesays.com\/fr\/wp-json\/wp\/v2\/posts\/492567\/revisions"}],"wp:featuredmedia":[{"embeddable":true,"href":"https:\/\/www.europesays.com\/fr\/wp-json\/wp\/v2\/media\/492568"}],"wp:attachment":[{"href":"https:\/\/www.europesays.com\/fr\/wp-json\/wp\/v2\/media?parent=492567"}],"wp:term":[{"taxonomy":"category","embeddable":true,"href":"https:\/\/www.europesays.com\/fr\/wp-json\/wp\/v2\/categories?post=492567"},{"taxonomy":"post_tag","embeddable":true,"href":"https:\/\/www.europesays.com\/fr\/wp-json\/wp\/v2\/tags?post=492567"}],"curies":[{"name":"wp","href":"https:\/\/api.w.org\/{rel}","templated":true}]}}