{"id":492581,"date":"2025-10-27T06:18:12","date_gmt":"2025-10-27T06:18:12","guid":{"rendered":"https:\/\/www.europesays.com\/fr\/492581\/"},"modified":"2025-10-27T06:18:12","modified_gmt":"2025-10-27T06:18:12","slug":"je-suis-devenu-sdf","status":"publish","type":"post","link":"https:\/\/www.europesays.com\/fr\/492581\/","title":{"rendered":"\u00ab Je suis devenu SDF \u00bb"},"content":{"rendered":"<p>            Par<br \/>\n        <strong><br \/>\n            <a href=\"https:\/\/actu.fr\/auteur\/jessie-leclerc\" title=\"Consulter tous les articles de Jessie Leclerc\" target=\"_blank\" rel=\"noopener\">Jessie Leclerc<\/a><br \/>\n        <\/strong><\/p>\n<p>        Publi\u00e9 le<\/p>\n<p>            27 oct. 2025 \u00e0 6h40        <\/p>\n<p>Une complexe <strong>histoire d\u2019expropriation<\/strong> avait fait parl\u00e9 d\u2019elle en avril dernier, <a href=\"https:\/\/actu.fr\/normandie\/sotteville-les-rouen_76681\" target=\"_blank\" rel=\"noopener\">\u00e0 Sotteville-l\u00e8s-Rouen (Seine-Maritime)<\/a>. Apr\u00e8s des mois de bataille juridique, le <strong>tribunal administratif<\/strong> de Rouen a tranch\u00e9. Bernard Chotard, que nous avions rencontr\u00e9 \u00e0 cette \u00e9poque, pourra-t-il retourner chez lui\u2009?<\/p>\n<p>Un homme expropri\u00e9<\/p>\n<p class=\" wall-content\">En mars\u00a02025, Bernard Chotard fait un triste constat. Les serrures de son logement, \u00e0 Sotteville-l\u00e8s-Rouen ont \u00e9t\u00e9 chang\u00e9es. Il ne peut plus rentrer chez lui. La raison avanc\u00e9e par la municipalit\u00e9 est claire. L\u2019homme d\u2019alors 63\u00a0ans a \u00e9t\u00e9 <strong>expropri\u00e9<\/strong> de son terrain apr\u00e8s que celui-ci a \u00e9t\u00e9 <strong>consid\u00e9r\u00e9 comme abandonn\u00e9<\/strong>. Malgr\u00e9 ses efforts tardifs pour remettre en \u00e9tat son jardin, la justice confirme l\u2019expropriation.<\/p>\n<p class=\" wall-content\">Fin mars, le propri\u00e9taire entame <a href=\"https:\/\/actu.fr\/normandie\/rouville_76543\/c-est-un-cauchemar-pres-de-bolbec-deux-marnieres-rendent-leur-maison-invendable_62321812.html\" target=\"_blank\" rel=\"noopener\">une gr\u00e8ve de la faim<\/a> pour d\u00e9noncer cette expropriation. \u00ab\u2009On ne peut pas mettre les gens dehors comme \u00e7a\u2009\u00bb, d\u00e9clarait-il alors.<\/p>\n<p>Un abandon de domicile\u2009?<\/p>\n<p class=\" wall-content\">Tout commence en 2023 lorsque la mairie de Sotteville-l\u00e8s-Rouen constate que le terrain de Bernard Chotard, situ\u00e9 dans un quartier r\u00e9sidentiel, <strong>n\u2019est plus entretenu<\/strong>. Lierre, herbes hautes, nuisibles\u2026 Le maire dresse alors un proc\u00e8s-verbal pour \u00ab\u2009abandon manifeste\u2009\u00bb. Trois mois plus tard, aucune am\u00e9lioration n\u2019est constat\u00e9e.<\/p>\n<p class=\" wall-content\">En d\u00e9cembre\u00a02023, le conseil municipal d\u00e9cide d\u2019engager <a href=\"https:\/\/actu.fr\/normandie\/saint-etienne-du-rouvray_76575\/exproprie-de-son-restaurant-pres-de-rouen-il-se-bat-pour-etre-indemnise_57221176.html\" target=\"_blank\" rel=\"noopener\">la proc\u00e9dure d\u2019expropriation<\/a>, pr\u00e9vue par le Code g\u00e9n\u00e9ral des collectivit\u00e9s territoriales, permettant \u00e0 la commune de r\u00e9cup\u00e9rer des terrains laiss\u00e9s \u00e0 l\u2019abandon pour les r\u00e9habiliter.<\/p>\n<p class=\" wall-content\">La mairie de Sotteville-l\u00e8s-Rouen, avec laquelle la r\u00e9daction de 76actu a \u00e9chang\u00e9 fin mars\u00a02025 expliquait avoir agi dans le cadre l\u00e9gal. Selon ses services, <strong>les premi\u00e8res plaintes du voisinage dataient de 2019<\/strong>. Et apr\u00e8s avoir engag\u00e9 plusieurs \u00e9changes avec le propri\u00e9taire, rien n\u2019aurait boug\u00e9\u2009: \u00ab\u2009Dans 90\u2009% des cas, quand on lance proc\u00e9dure d\u2019abandon, la personne r\u00e9agit. Or, ici M. Chotard n\u2019a rien fait\u2009\u00bb.<\/p>\n<p>Le pr\u00e9fet valide l\u2019expropriation<\/p>\n<p class=\" wall-content\">En avril\u00a02024, le pr\u00e9fet de la Seine-Maritime d\u00e9clare <strong>d\u2019utilit\u00e9 publique<\/strong> l\u2019acquisition du terrain de Bernard Chotard par la commune de Sotteville-l\u00e8s-Rouen. Quelques mois plus tard, en octobre\u00a02024, le juge confirme la d\u00e9cision. Bernard n\u2019est alors plus propri\u00e9taire de sa parcelle.<\/p>\n<p class=\" wall-content\">L\u2019ancien professeur reconna\u00eet avoir avoir <strong>r\u00e9agi trop tard<\/strong>, mais il s\u2019en d\u00e9fend. \u00ab\u2009Les courriers sont arriv\u00e9s \u00e0 mon ancienne adresse, chez mon ex-femme \u00e0 qui je ne parle plus. Et puis quand j\u2019ai appris cela, j\u2019\u00e9tais malade, je n\u2019ai pas pu faire les travaux\u2009\u00bb, affirme le sexag\u00e9naire. \u00ab\u2009J\u2019\u00e9tais <a href=\"https:\/\/actu.fr\/normandie\/epinay-sur-duclair_76237\/pour-sortir-de-la-depression-cindy-s-est-lancee-dans-la-calligraphie-et-ca-cartonne-sur-tiktok_62311984.html\" target=\"_blank\" rel=\"noopener\">en d\u00e9pression<\/a> et on m\u2019interdisait d\u2019\u00eatre seul donc je ne pouvais pas \u00eatre chez moi.\u2009\u00bb<\/p>\n<p>Votre r\u00e9gion, votre actu !<\/p>\n<p>Recevez chaque jour les infos qui comptent pour vous.<\/p>\n<p>\t<a href=\"https:\/\/actu.fr\/newsletter\" class=\"ac-btn ac-btn--corner ac-btn--medium ac-btn--blue800\" target=\"_blank\" rel=\"noopener\">S&rsquo;incrire<\/a><br \/>\nLe propri\u00e9taire tente un dernier recours<\/p>\n<p class=\" wall-content\">Entre deux, le propri\u00e9taire explique avoir nettoy\u00e9 son terrain. Ce n\u2019est <strong>qu\u2019en d\u00e9cembre\u00a02024<\/strong> qu\u2019il demande au pr\u00e9fet d\u2019annuler son arr\u00eat\u00e9, affirmant qu\u2019il n\u2019y a plus de motif d\u2019expropriation. Mais le pr\u00e9fet refuse.<\/p>\n<p class=\" wall-content\">Derni\u00e8re corde \u00e0 son arc, l\u2019habitant saisit \u00e0 son tour <a href=\"https:\/\/actu.fr\/normandie\/le-havre_76351\/il-n-a-plus-de-raison-d-etre-les-opposants-au-terminal-methanier-du-havre-obtiennent-une-victoire_63330285.html\" target=\"_blank\" rel=\"noopener\">le tribunal administratif de Rouen<\/a>. Il demande l\u2019annulation de la d\u00e9cision du pr\u00e9fet ainsi qu\u2019une indemnisation de 1\u2009500\u00a0euros pour rembourser ses frais de justice.<\/p>\n<p class=\" wall-content\">\u00ab\u2009Je suis<strong> devenu SDF<\/strong> car la mairie refuse de consid\u00e9rer que cette maison est ma maison. Il ne faut pas \u00eatre malade \u00e0 Sotteville\u2026\u2009\u00bb, s\u2019\u00e9mouvait-il dans la salle d\u2019audience.<\/p>\n<p class=\" wall-content\">Bernard \u00e9tait persuad\u00e9 d\u2019avoir une chance, motiv\u00e9 par son avocat, Rajess Ramdenie, qui en mars dernier, exprimait sa col\u00e8re \u00e0 la r\u00e9daction de 76actu\u2009: \u00ab\u2009Les motifs de la mairie ne tiennent pas. On met un homme \u00e0 la rue pour en loger un autre, il n\u2019y a aucun int\u00e9r\u00eat d\u2019utilit\u00e9 publique\u2009\u00bb.<\/p>\n<p>Le tribunal rejette sa demande<\/p>\n<p class=\" wall-content\">Le 18\u00a0septembre 2025, le tribunal administratif de Rouen a tranch\u00e9. Il explique que l\u2019arr\u00eat\u00e9 du pr\u00e9fet avait d\u00e9j\u00e0 produit tous ses effets au moment o\u00f9 la demande d\u2019abrogation a \u00e9t\u00e9 formul\u00e9e. Le propri\u00e9taire avait d\u00e9j\u00e0 \u00e9t\u00e9 expropri\u00e9. R\u00e9sultat, la demande d\u2019annuler le refus d\u2019abroger est<strong> jug\u00e9e \u00ab\u2009irrecevable\u2009\u00bb<\/strong>, car il n\u2019y a plus \u00ab\u2009d\u2019effet utile\u2009\u00bb \u00e0 annuler un acte d\u00e9j\u00e0 ex\u00e9cut\u00e9.<\/p>\n<p class=\" wall-content\">La requ\u00eate de Bernard Chotard est rejet\u00e9e de m\u00eame que sa demande de remboursement de 1\u2009500\u00a0euros de frais. Autrement dit, <strong>Bernard Chotard a r\u00e9agi bien trop tard<\/strong>.<\/p>\n<p class=\" wall-content\">Habituellement, le sexag\u00e9naire jongle entre les s\u00e9jours chez ses parents dont il s\u2019occupe, dans la Sarthe, et ceux dans sa maison \u00e0 Sotteville-l\u00e8s-Rouen o\u00f9 il dit \u00eatre deux \u00e0 trois jours de temps en temps. Depuis plusieurs mois, pour ne pas inqui\u00e9ter ses parents, il raconte dormir chez des amis et <a href=\"https:\/\/actu.fr\/normandie\/rouen_76540\/a-rouen-ce-sans-abri-dort-dans-sa-voiture-si-on-ne-lui-donne-pas-le-rsa-il-va-crever_62089084.html\" target=\"_blank\" rel=\"noopener\">parfois dans sa voiture<\/a>. Pour ce qui est de la suite, il pr\u00e9f\u00e8re \u00ab\u2009ne pas en parler\u2009\u00bb.<\/p>\n<p>Suivez l\u2019actualit\u00e9 de Rouen <a href=\"https:\/\/www.whatsapp.com\/channel\/0029VaKfnf99hXF2ddApFB1D\" target=\"_blank\" rel=\"noopener\">sur notre cha\u00eene WhatsApp<\/a> et <a href=\"https:\/\/www.tiktok.com\/@76actu.fr?lang=fr\" target=\"_blank\" rel=\"noopener\">sur notre compte TikTok<\/a><\/p>\n<p class=\" wall-content\">Personnalisez votre actualit\u00e9 en ajoutant vos villes et m\u00e9dias en favori avec <a href=\"https:\/\/moncompte.actu.fr\" title=\"D\u00e9couvez Mon Actu\" rel=\"nofollow noopener\" data-trk=\"{&quot;cta&quot;:{&quot;action&quot;:&quot;https:\\\/\\\/moncompte.actu.fr&quot;,&quot;category&quot;:&quot;mon compte&quot;,&quot;from&quot;:&quot;article footer&quot;,&quot;name&quot;:&quot;Mon actu&quot;,&quot;type&quot;:&quot;cta&quot;}}\" target=\"_blank\">Mon Actu<\/a>.<\/p>\n<p>                    <script async src=\"\/\/www.tiktok.com\/embed.js\"><\/script><\/p>\n","protected":false},"excerpt":{"rendered":"Par Jessie Leclerc Publi\u00e9 le 27 oct. 2025 \u00e0 6h40 Une complexe histoire d\u2019expropriation avait fait parl\u00e9 d\u2019elle&hellip;\n","protected":false},"author":2,"featured_media":492582,"comment_status":"","ping_status":"","sticky":false,"template":"","format":"standard","meta":{"footnotes":""},"categories":[9587],"tags":[1111,11,1777,674,1011,27,1943,1116,303,12,5161,25,9590,104],"class_list":{"0":"post-492581","1":"post","2":"type-post","3":"status-publish","4":"format-standard","5":"has-post-thumbnail","7":"category-rouen","8":"tag-actu","9":"tag-actualites","10":"tag-eu","11":"tag-europe","12":"tag-fr","13":"tag-france","14":"tag-handicap","15":"tag-immobilier","16":"tag-justice","17":"tag-news","18":"tag-normandie","19":"tag-republique-francaise","20":"tag-rouen","21":"tag-societe"},"share_on_mastodon":{"url":"https:\/\/pubeurope.com\/@fr\/115444678936498690","error":""},"_links":{"self":[{"href":"https:\/\/www.europesays.com\/fr\/wp-json\/wp\/v2\/posts\/492581","targetHints":{"allow":["GET"]}}],"collection":[{"href":"https:\/\/www.europesays.com\/fr\/wp-json\/wp\/v2\/posts"}],"about":[{"href":"https:\/\/www.europesays.com\/fr\/wp-json\/wp\/v2\/types\/post"}],"author":[{"embeddable":true,"href":"https:\/\/www.europesays.com\/fr\/wp-json\/wp\/v2\/users\/2"}],"replies":[{"embeddable":true,"href":"https:\/\/www.europesays.com\/fr\/wp-json\/wp\/v2\/comments?post=492581"}],"version-history":[{"count":0,"href":"https:\/\/www.europesays.com\/fr\/wp-json\/wp\/v2\/posts\/492581\/revisions"}],"wp:featuredmedia":[{"embeddable":true,"href":"https:\/\/www.europesays.com\/fr\/wp-json\/wp\/v2\/media\/492582"}],"wp:attachment":[{"href":"https:\/\/www.europesays.com\/fr\/wp-json\/wp\/v2\/media?parent=492581"}],"wp:term":[{"taxonomy":"category","embeddable":true,"href":"https:\/\/www.europesays.com\/fr\/wp-json\/wp\/v2\/categories?post=492581"},{"taxonomy":"post_tag","embeddable":true,"href":"https:\/\/www.europesays.com\/fr\/wp-json\/wp\/v2\/tags?post=492581"}],"curies":[{"name":"wp","href":"https:\/\/api.w.org\/{rel}","templated":true}]}}