{"id":492583,"date":"2025-10-27T06:21:36","date_gmt":"2025-10-27T06:21:36","guid":{"rendered":"https:\/\/www.europesays.com\/fr\/492583\/"},"modified":"2025-10-27T06:21:36","modified_gmt":"2025-10-27T06:21:36","slug":"spectacle-the-jury-experience-une-affaire-immersive-au-coeur-dune-salle-daudience-a-rouen-trianon-transatlantique-sotteville-les-rouen-billets-reservations-dates","status":"publish","type":"post","link":"https:\/\/www.europesays.com\/fr\/492583\/","title":{"rendered":"Spectacle The Jury Experience : une affaire immersive au c\u0153ur d\u2019une salle d\u2019audience \u00e0 Rouen, Trianon Transatlantique Sotteville-l\u00e8s-Rouen : billets, r\u00e9servations, dates"},"content":{"rendered":"<p class=\"fw-bold font-size-16 my-1\"> Du 23\/11\/2025 au 24\/01\/2026<\/p>\n<p class=\"fw-bold font-size-16 my-1\"> <a class=\"mr-2\" href=\"https:\/\/www.jds.fr\/rouen\/sotteville-les-rouen\/salle-de-concert-et-de-spectacle\/trianon-transatlantique-17463_L\" rel=\"nofollow noopener\" target=\"_blank\">Trianon Transatlantique<\/a> | <a href=\"https:\/\/www.jds.fr\/rouen\/sotteville-les-rouen-31281_V\" rel=\"nofollow noopener\" target=\"_blank\">Sotteville-l\u00e8s-Rouen<\/a><\/p>\n<p class=\"fw-bold font-size-16 my-1\"> <a href=\"https:\/\/www.jds.fr\/artistes\/the-jury-experience-26602_N\" rel=\"nofollow noopener\" target=\"_blank\">The Jury Experience : dates de la tourn\u00e9e<\/a><\/p>\n<p class=\"fw-bold font-size-16 my-1\"> 20 \u20ac, 28 \u20ac, 30 \u20ac et 35 \u20ac <\/p>\n<p><strong>Plonge au c\u0153ur d\u2019un proc\u00e8s \u00e0 haut risque avec The Jury Experience \u00e0 Rouen.<\/strong> Dans cette pi\u00e8ce de th\u00e9\u00e2tre immersive, tu es le jury\u2009! Tu devras faire triompher la justice. Tu \u00e9tudieras chaque d\u00e9tail de l\u2019affaire\u00a0: des t\u00e9moignages \u00e0 l\u2019analyse forensique, et tu d\u00e9cideras si l\u2019accus\u00e9 est coupable ou innocent.<\/p>\n<p><a data-lightbox=\"article\" data-title=\"The Jury Experience : une affaire immersive au c\u0153ur d\u2019une salle d\u2019audience DR\" class=\"image detail fullwidth  position-relative d-block\" href=\"https:\/\/www.jds.fr\/medias\/image\/the-jury-experience-une-affaire-immersive-au-c-ur-740861-920-0-F.webp\" title=\"The Jury Experience : une affaire immersive au c\u0153ur d\u2019une salle d\u2019audience DR\" rel=\"nofollow noopener\" target=\"_blank\"><br \/>\n<img decoding=\"async\" loading=\"lazy\" src=\"https:\/\/www.europesays.com\/fr\/wp-content\/uploads\/2025\/10\/the-jury-experience-une-affaire-immersive-au-c-ur-740861-1200-0.webp.webp\"   width=\"685\" alt=\"The Jury Experience : une affaire immersive au c\u0153ur d\u2019une salle d\u2019audience\" class=\"border\"\/><br \/>\nDR<br \/>\nThe Jury Experience\u00a0: une affaire immersive au c\u0153ur d\u2019une salle d\u2019audience<br \/>\n<\/a><\/p>\n<p>Ce qui t\u2019attend \ud83e\udd29<\/p>\n<ul>\n<li>Plonge dans le tumulte d\u2019une salle d\u2019audience gr\u00e2ce \u00e0 cette pi\u00e8ce de th\u00e9\u00e2tre o\u00f9 tu d\u00e9cideras du sort de l\u2019accus\u00e9 \ud83d\udd75\ufe0f\u200d\u2642\ufe0f<\/li>\n<li>Analyse les t\u00e9moignages dans les moindres d\u00e9tails, examine les preuves et p\u00e8se chaque argument\u00a0\u2696\ufe0f<\/li>\n<li>Fais face \u00e0 des dilemmes moraux complexes qui remettent en question tes convictions.<\/li>\n<li>\u2753 La d\u00e9cision finale est entre tes mains\u00a0: l\u2019accus\u00e9 sera-t-il lib\u00e9r\u00e9 ou reconnu coupable\u2009?<\/li>\n<\/ul>\n<p><strong>Infos<\/strong><\/p>\n<ul>\n<li>\ud83d\udcc5 <strong>Dates et heures\u00a0:<\/strong> s\u00e9lectionne la date et l\u2019heure directement dans le s\u00e9lecteur de billets<\/li>\n<li>\ud83d\udccd <strong>Lieu\u00a0:<\/strong> Trianon Transatlantique &#8211; 114 Av. du 14 Juillet, 76300 Sotteville-l\u00e8s-Rouen<\/li>\n<li>\u23f3 <strong>Dur\u00e9e\u00a0:<\/strong> 1 h 15 min<\/li>\n<li>\ud83d\udc64 <strong>\u00c2ge requis\u00a0:<\/strong> 12 ans et plus. Les enfants de moins de 16 ans doivent \u00eatre accompagn\u00e9s d&rsquo;un adulte<\/li>\n<li>\u267f <strong>Accessibilit\u00e9\u00a0:<\/strong> le lieu est accessible aux fauteuils roulants, prends ton billet en Zone B<\/li>\n<li>\ud83d\udde3\ufe0f <strong>L&rsquo;exp\u00e9rience est en fran\u00e7ais<\/strong><\/li>\n<li>\ud83d\udcf1 <strong>Pense \u00e0 prendre ton t\u00e9l\u00e9phone pour scanner les QR codes et participer aux moments cl\u00e9s de la repr\u00e9sentation<\/strong><\/li>\n<li>\u2753 <a href=\"#\">Consulte la FAQ de cette exp\u00e9rience ici<\/a><\/li>\n<\/ul>\n<p><strong>Description<\/strong><\/p>\n<p>Tu as \u00e9t\u00e9 convoqu\u00e9 pour \u00eatre jur\u00e9. Plonge au c\u0153ur d\u2019un proc\u00e8s \u00e0 haut risque qui remettra en question tes convictions sur la culpabilit\u00e9, l\u2019innocence et le vrai sens de la justice. <strong>The Jury Experience<\/strong> fait passer le th\u00e9\u00e2tre au niveau sup\u00e9rieur, car le public devient un \u00e9l\u00e9ment cl\u00e9 de l\u2019exp\u00e9rience. En qualit\u00e9 de membre du jury, tu analyseras les t\u00e9moignages, les contre-interrogatoires et les analyses forensiques dans ta qu\u00eate de justice. Chaque mot compte. Chaque d\u00e9tail est essentiel. \u00c0 la fin, tu devras passer au vote pour d\u00e9cider du sort de l\u2019accus\u00e9. Justice sera-t-elle rendue\u2009? Le sort de l\u2019accus\u00e9 est entre tes mains.<\/p>\n<p>Ach\u00e8te d\u00e8s maintenant tes billets pour <strong>The Jury Experience\u00a0: une affaire immersive au c\u0153ur d\u2019une salle d\u2019audience \u00e0 Rouen\u2009!<\/strong><\/p>\n<p><strong>Plan de la salle<\/strong><\/p>\n<p>Dans la m\u00eame rubrique<\/p>\n<ul class=\"mt-3 list-unstyled list-articles-v2\">\n<li class=\"col-12 pt-4\" data-view-id-type=\"1\" data-view-id=\"509617\" data-view-bc=\"0\"><a class=\"d-block titre text-black mb-1 mb-md-2\" href=\"https:\/\/www.jds.fr\/rouen\/spectacles\/humour\/les-bodin-s-fetent-leurs-30-ans-grandeur-nature-les-ultimes-dates-509617_A\" rel=\"nofollow noopener\" target=\"_blank\">Les Bodin&rsquo;s f\u00eatent leurs 30 ans\u00a0! &#8211; Grandeur nature, les ultimes dates<\/a>Du 31\/10\/2025 au 02\/11\/2025<a href=\"https:\/\/www.jds.fr\/rouen\/le-grand-quevilly\/salle-de-concert\/zenith-de-rouen-15867_L\" class=\"lieu font-size-14 text-gray-700 d-block lh-sm my-1\" rel=\"nofollow noopener\" target=\"_blank\"> Z\u00e9nith de Rouen &#8211; Le Grand-Quevilly<\/a>Les Bodin&rsquo;s f\u00eatent leurs 30 ans\u00a0! &#8211; Grandeur nature, les ultimes dates, un spectacle \u00e0 voir \u00e0 Rouen (Z\u00e9nith de Rouen Le Grand-Quevilly), du 31 octobre 2025 au 2 novembre [\u2026]<a class=\"image\" href=\"https:\/\/www.jds.fr\/rouen\/spectacles\/humour\/les-bodin-s-fetent-leurs-30-ans-grandeur-nature-les-ultimes-dates-509617_A\" rel=\"nofollow noopener\" target=\"_blank\"><img decoding=\"async\" loading=\"lazy\" src=\"https:\/\/www.europesays.com\/fr\/wp-content\/uploads\/2025\/10\/1761546082_137_\" width=\"180\" height=\"180\" alt=\"Les Bodin's f\u00eatent leurs 30 ans ! - Grandeur nature, les ultimes dates\"\/><\/a><\/li>\n<li class=\"col-12 pt-4\" data-view-id-type=\"1\" data-view-id=\"1229466\" data-view-bc=\"0\"><a class=\"d-block titre text-black mb-1 mb-md-2\" href=\"https:\/\/www.jds.fr\/rouen\/spectacles\/theatre\/l-amour-a-la-menthe-l-amour-a-la-menthe-1229466_A\" rel=\"nofollow noopener\" target=\"_blank\">L&rsquo;Amour A La Menthe &#8211; L Amour A La Menthe<\/a>Le 07\/11\/2025<a href=\"https:\/\/www.jds.fr\/rouen\/barentin\/theatres-programmes\/theatre-montdory-19581_L\" class=\"lieu font-size-14 text-gray-700 d-block lh-sm my-1\" rel=\"nofollow noopener\" target=\"_blank\"> Th\u00e9\u00e2tre Montdory &#8211; Barentin<\/a>Il y a le Thierry Beccaro que l\u2019on voyait \u00e0 la t\u00e9l\u00e9vision, tout sourire et avenant, celui qu\u2019on aurait aim\u00e9 avoir comme ami, comme p\u00e8re ou comme fr\u00e8re. Il y a le Thierry [\u2026]<a class=\"image\" href=\"https:\/\/www.jds.fr\/rouen\/spectacles\/theatre\/l-amour-a-la-menthe-l-amour-a-la-menthe-1229466_A\" rel=\"nofollow noopener\" target=\"_blank\"><img decoding=\"async\" loading=\"lazy\" src=\"https:\/\/www.europesays.com\/fr\/wp-content\/uploads\/2025\/10\/l-amour-a-la-menthe-l-amour-a-la-menthe-756599-180-180.webp.webp\" width=\"180\" height=\"180\" alt=\"L'Amour A La Menthe - L Amour A La Menthe\" class=\"border\"\/><\/a><\/li>\n<li class=\"li_gp_div\">\n<\/li>\n<li class=\"col-12 pt-4\" data-view-id-type=\"1\" data-view-id=\"1208119\" data-view-bc=\"0\"><a class=\"image\" href=\"https:\/\/www.jds.fr\/rouen\/spectacles\/theatre\/historias-minimas-les-ephemeres-de-la-ruche-1208119_A\" rel=\"nofollow noopener\" target=\"_blank\"><img decoding=\"async\" loading=\"lazy\" src=\"https:\/\/www.europesays.com\/fr\/wp-content\/uploads\/2025\/10\/0-42584900-1759956299-742254-180-180.webp.webp\" width=\"180\" height=\"180\" alt=\"Historias Minimas - Les Eph\u00e9m\u00e8res de La Ruche\" class=\"border\"\/><\/a><\/li>\n<li class=\"col-12 pt-4\" data-view-id-type=\"1\" data-view-id=\"1228795\" data-view-bc=\"0\"><a class=\"d-block titre text-black mb-1 mb-md-2\" href=\"https:\/\/www.jds.fr\/rouen\/spectacles\/visite-de-chantier-radical-rizom-cie-oxyput-1228795_A\" rel=\"nofollow noopener\" target=\"_blank\">Visite de chantier \u00ab\u00a0Radical Rizom\u00a0\u00bb &#8211; Cie Oxyput<\/a>Le 13\/11\/2025 Sotteville-l\u00e8s-RouenL&rsquo;Atelier 231, Centre National des Arts de la Rue et de l&rsquo;Espace Public, accueille des compagnies en r\u00e9sidence et accompagne la cr\u00e9ation de leurs nouveaux spectacles. Certaines [\u2026]<a class=\"image\" href=\"https:\/\/www.jds.fr\/rouen\/spectacles\/visite-de-chantier-radical-rizom-cie-oxyput-1228795_A\" rel=\"nofollow noopener\" target=\"_blank\"><img decoding=\"async\" loading=\"lazy\" src=\"https:\/\/www.europesays.com\/fr\/wp-content\/uploads\/2025\/07\/sorties-culturelles-spectacles-expos-cine-127414-180-180.webp.webp\" width=\"180\" height=\"180\" alt=\"Visite de chantier Radical Rizom - Cie Oxyput\" class=\"border\"\/><\/a><\/li>\n<li class=\"col-12 pt-4\" data-view-id-type=\"1\" data-view-id=\"516641\" data-view-bc=\"0\"><a class=\"d-block titre text-black mb-1 mb-md-2\" href=\"https:\/\/www.jds.fr\/rouen\/spectacles\/humour\/thomas-angelvy-tournee-516641_A\" rel=\"nofollow noopener\" target=\"_blank\">Thomas Angelvy &#8211; Tourn\u00e9e<\/a>Le 14\/11\/2025<a href=\"https:\/\/www.jds.fr\/rouen\/le-grand-quevilly\/salle-de-concert\/zenith-de-rouen-15867_L\" class=\"lieu font-size-14 text-gray-700 d-block lh-sm my-1\" rel=\"nofollow noopener\" target=\"_blank\"> Z\u00e9nith de Rouen &#8211; Le Grand-Quevilly<\/a>Thomas Angelvy &#8211; Tourn\u00e9e, un spectacle \u00e0 voir \u00e0 Rouen (Z\u00e9nith de Rouen Le Grand-Quevilly), le 14 novembre 2025. Toutes les informations pratiques (tarifs, billetterie, plan de [\u2026]<a class=\"image\" href=\"https:\/\/www.jds.fr\/rouen\/spectacles\/humour\/thomas-angelvy-tournee-516641_A\" rel=\"nofollow noopener\" target=\"_blank\"><img decoding=\"async\" loading=\"lazy\" src=\"https:\/\/www.europesays.com\/fr\/wp-content\/uploads\/2025\/10\/1761546086_950_\" width=\"180\" height=\"180\" alt=\"Thomas Angelvy - Tourn\u00e9e\"\/><\/a><\/li>\n<li class=\"li_gp_div li_gp_div_infeed\"\/>\n<li class=\"col-12 pt-4\" data-view-id-type=\"1\" data-view-id=\"1229453\" data-view-bc=\"0\"><a class=\"d-block titre text-black mb-1 mb-md-2\" href=\"https:\/\/www.jds.fr\/rouen\/spectacles\/theatre\/choses-vues-choses-vues-victor-hugo-1229453_A\" rel=\"nofollow noopener\" target=\"_blank\">Choses Vues &#8211; Choses Vues Victor Hugo<\/a>Le 18\/11\/2025<a href=\"https:\/\/www.jds.fr\/rouen\/barentin\/theatres-programmes\/theatre-montdory-19581_L\" class=\"lieu font-size-14 text-gray-700 d-block lh-sm my-1\" rel=\"nofollow noopener\" target=\"_blank\"> Th\u00e9\u00e2tre Montdory &#8211; Barentin<\/a>Lecture-spectacle du journal au jour le jour de Victor Hugo.<br \/>\nIl y note tout\u00a0: ses joies, ses peines, ses enthousiasmes politiques, ses confidences amoureuses, ce qu\u2019il pense [\u2026]<a class=\"image\" href=\"https:\/\/www.jds.fr\/rouen\/spectacles\/theatre\/choses-vues-choses-vues-victor-hugo-1229453_A\" rel=\"nofollow noopener\" target=\"_blank\"><img decoding=\"async\" loading=\"lazy\" src=\"https:\/\/www.europesays.com\/fr\/wp-content\/uploads\/2025\/10\/choses-vues-choses-vues-victor-hugo-756583-180-180.webp.webp\" width=\"180\" height=\"180\" alt=\"Choses Vues - Choses Vues Victor Hugo\" class=\"border\"\/><\/a><\/li>\n<li class=\"col-12 pt-4\" data-view-id-type=\"1\" data-view-id=\"1228759\" data-view-bc=\"0\"><a class=\"image\" href=\"https:\/\/www.jds.fr\/rouen\/spectacles\/visite-de-chantier-wi-la-peau-des-arbres-cie-pernette-1228759_A\" rel=\"nofollow noopener\" target=\"_blank\"><img decoding=\"async\" loading=\"lazy\" src=\"https:\/\/www.europesays.com\/fr\/wp-content\/uploads\/2025\/07\/sorties-culturelles-spectacles-expos-cine-127414-180-180.webp.webp\" width=\"180\" height=\"180\" alt=\"Visite de chantier Wi*- La peau des arbres - Cie Pernette\" class=\"border\"\/><\/a><\/li>\n<li class=\"col-12 pt-4\" data-view-id-type=\"1\" data-view-id=\"977143\" data-view-bc=\"0\"><a class=\"d-block titre text-black mb-1 mb-md-2\" href=\"https:\/\/www.jds.fr\/rouen\/spectacles\/theatre\/chronos-club-improvisation-977143_A\" rel=\"nofollow noopener\" target=\"_blank\">Chronos Club &#8211; Improvisation<\/a>Du 25\/11\/2025 au 19\/05\/2026<a href=\"https:\/\/www.jds.fr\/rouen\/salle-de-concert-et-de-spectacle\/theatre-a-l-ouest-17277_L\" class=\"lieu font-size-14 text-gray-700 d-block lh-sm my-1\" rel=\"nofollow noopener\" target=\"_blank\"> Th\u00e9\u00e2tre \u00e0 l&rsquo;Ouest &#8211; Rouen<\/a>Chronos Club &#8211; Improvisation, un spectacle \u00e0 voir \u00e0 Rouen (Th\u00e9\u00e2tre \u00e0 l&rsquo;Ouest ), du 25 novembre 2025 au 19 mai 2026. Toutes les informations pratiques (tarifs, billetterie, [\u2026]<a class=\"image\" href=\"https:\/\/www.jds.fr\/rouen\/spectacles\/theatre\/chronos-club-improvisation-977143_A\" rel=\"nofollow noopener\" target=\"_blank\"><img decoding=\"async\" loading=\"lazy\" src=\"https:\/\/www.europesays.com\/fr\/wp-content\/uploads\/2025\/08\/theatre-16668-180-180.webp.webp\" width=\"180\" height=\"180\" alt=\"Chronos Club - Improvisation\" class=\"border\"\/><\/a><\/li>\n<li class=\"col-12 pt-4\" data-view-id-type=\"1\" data-view-id=\"719217\" data-view-bc=\"0\"><a class=\"d-block titre text-black mb-1 mb-md-2\" href=\"https:\/\/www.jds.fr\/rouen\/spectacles\/humour\/dany-boon-clown-n-est-pas-un-metier-tournee-719217_A\" rel=\"nofollow noopener\" target=\"_blank\">Dany Boon &#8211; Clown n\u2019est pas un m\u00e9tier\u00a0!! &#8211; Tourn\u00e9e<\/a>Le 27\/11\/2025<a href=\"https:\/\/www.jds.fr\/rouen\/le-grand-quevilly\/salle-de-concert\/zenith-de-rouen-15867_L\" class=\"lieu font-size-14 text-gray-700 d-block lh-sm my-1\" rel=\"nofollow noopener\" target=\"_blank\"> Z\u00e9nith de Rouen &#8211; Le Grand-Quevilly<\/a>Dany Boon &#8211; Clown n\u2019est pas un m\u00e9tier\u00a0!! &#8211; Tourn\u00e9e, un spectacle \u00e0 voir \u00e0 Rouen (Z\u00e9nith de Rouen Le Grand-Quevilly), le 27 novembre 2025. Toutes les informations [\u2026]<a class=\"image\" href=\"https:\/\/www.jds.fr\/rouen\/spectacles\/humour\/dany-boon-clown-n-est-pas-un-metier-tournee-719217_A\" rel=\"nofollow noopener\" target=\"_blank\"><img decoding=\"async\" loading=\"lazy\" src=\"https:\/\/www.europesays.com\/fr\/wp-content\/uploads\/2025\/10\/1761546089_724_\" width=\"180\" height=\"180\" alt=\"Dany Boon - Clown n\u2019est pas un m\u00e9tier !! - Tourn\u00e9e\"\/><\/a><\/li>\n<li class=\"li_gp_div li_gp_div_infeed\"\/>\n<li class=\"col-12 pt-4\" data-view-id-type=\"1\" data-view-id=\"743294\" data-view-bc=\"0\"><a class=\"d-block titre text-black mb-1 mb-md-2\" href=\"https:\/\/www.jds.fr\/rouen\/spectacles\/cinema\/disney-en-concert-autour-du-mond-743294_A\" rel=\"nofollow noopener\" target=\"_blank\">Disney en Concert\u00a0: Autour du Mond<\/a>Le 28\/11\/2025<a href=\"https:\/\/www.jds.fr\/rouen\/le-grand-quevilly\/salle-de-concert\/zenith-de-rouen-15867_L\" class=\"lieu font-size-14 text-gray-700 d-block lh-sm my-1\" rel=\"nofollow noopener\" target=\"_blank\"> Z\u00e9nith de Rouen &#8211; Le Grand-Quevilly<\/a>Disney en Concert\u00a0: Autour du Mond, un spectacle \u00e0 voir \u00e0 Rouen (Z\u00e9nith de Rouen Le Grand-Quevilly), le 28 novembre 2025. Toutes les informations pratiques (tarifs, [\u2026]<a class=\"image\" href=\"https:\/\/www.jds.fr\/rouen\/spectacles\/cinema\/disney-en-concert-autour-du-mond-743294_A\" rel=\"nofollow noopener\" target=\"_blank\"><img decoding=\"async\" loading=\"lazy\" src=\"https:\/\/www.europesays.com\/fr\/wp-content\/uploads\/2025\/10\/1761546090_453_\" width=\"180\" height=\"180\" alt=\"Disney en Concert : Autour du Mond\"\/><\/a><\/li>\n<li class=\"col-12 pt-4\" data-view-id-type=\"1\" data-view-id=\"1031203\" data-view-bc=\"0\"><a class=\"d-block titre text-black mb-1 mb-md-2\" href=\"https:\/\/www.jds.fr\/rouen\/spectacles\/forets-1031203_A\" rel=\"nofollow noopener\" target=\"_blank\">For\u00eats<\/a>Le 07\/12\/2025<a href=\"https:\/\/www.jds.fr\/rouen\/sotteville-les-rouen\/salle-de-concert-et-de-spectacle\/trianon-transatlantique-17463_L\" class=\"lieu font-size-14 text-gray-700 d-block lh-sm my-1\" rel=\"nofollow noopener\" target=\"_blank\"> Trianon Transatlantique &#8211; Sotteville-l\u00e8s-Rouen<\/a>For\u00eats, un spectacle \u00e0 voir \u00e0 Rouen (Trianon Transatlantique Sotteville-l\u00e8s-Rouen), le 7 d\u00e9cembre 2025. Toutes les informations pratiques (tarifs, billetterie, plan de salle) [\u2026]<a class=\"image\" href=\"https:\/\/www.jds.fr\/rouen\/spectacles\/forets-1031203_A\" rel=\"nofollow noopener\" target=\"_blank\"><img decoding=\"async\" loading=\"lazy\" src=\"https:\/\/www.europesays.com\/fr\/wp-content\/uploads\/2025\/10\/1761546091_595_\" width=\"180\" height=\"180\" alt=\"For\u00eats\"\/><\/a><\/li>\n<li class=\"col-12 pt-4\" data-view-id-type=\"1\" data-view-id=\"1229467\" data-view-bc=\"0\"><a class=\"d-block titre text-black mb-1 mb-md-2\" href=\"https:\/\/www.jds.fr\/rouen\/spectacles\/theatre\/la-plus-precieuse-des-marchandises-1229467_A\" rel=\"nofollow noopener\" target=\"_blank\">La Plus Precieuse Des Marchandises<\/a>Le 12\/12\/2025<a href=\"https:\/\/www.jds.fr\/rouen\/barentin\/theatres-programmes\/theatre-montdory-19581_L\" class=\"lieu font-size-14 text-gray-700 d-block lh-sm my-1\" rel=\"nofollow noopener\" target=\"_blank\"> Th\u00e9\u00e2tre Montdory &#8211; Barentin<\/a>Il \u00e9tait une fois une for\u00eat, de grands arbres, une pauvre b\u00fbcheronne et un pauvre b\u00fbcheron qui n\u2019ont pas d\u2019enfant. Ils vivent dans une grande for\u00eat et, tout pr\u00e8s de chez [\u2026]<a class=\"image\" href=\"https:\/\/www.jds.fr\/rouen\/spectacles\/theatre\/la-plus-precieuse-des-marchandises-1229467_A\" rel=\"nofollow noopener\" target=\"_blank\"><img decoding=\"async\" loading=\"lazy\" src=\"https:\/\/www.europesays.com\/fr\/wp-content\/uploads\/2025\/10\/la-plus-precieuse-des-marchandises-756600-180-180.webp.webp\" width=\"180\" height=\"180\" alt=\"La Plus Precieuse Des Marchandises\" class=\"border\"\/><\/a><\/li>\n<li class=\"col-12 pt-4\" data-view-id-type=\"1\" data-view-id=\"1031202\" data-view-bc=\"0\"><a class=\"d-block titre text-black mb-1 mb-md-2\" href=\"https:\/\/www.jds.fr\/rouen\/spectacles\/smartville-1031202_A\" rel=\"nofollow noopener\" target=\"_blank\">Smartville<\/a>Le 21\/12\/2025<a href=\"https:\/\/www.jds.fr\/rouen\/sotteville-les-rouen\/salle-de-concert-et-de-spectacle\/trianon-transatlantique-17463_L\" class=\"lieu font-size-14 text-gray-700 d-block lh-sm my-1\" rel=\"nofollow noopener\" target=\"_blank\"> Trianon Transatlantique &#8211; Sotteville-l\u00e8s-Rouen<\/a>Smartville, un spectacle \u00e0 voir \u00e0 Rouen (Trianon Transatlantique Sotteville-l\u00e8s-Rouen), le 21 d\u00e9cembre 2025. Toutes les informations pratiques (tarifs, billetterie, plan de [\u2026]<a class=\"image\" href=\"https:\/\/www.jds.fr\/rouen\/spectacles\/smartville-1031202_A\" rel=\"nofollow noopener\" target=\"_blank\"><img decoding=\"async\" loading=\"lazy\" src=\"https:\/\/www.europesays.com\/fr\/wp-content\/uploads\/2025\/10\/1761546093_754_\" width=\"180\" height=\"180\" alt=\"Smartville\"\/><\/a><\/li>\n<li class=\"li_gp_div li_gp_div_infeed\"\/>\n<li class=\"col-12 pt-4\" data-view-id-type=\"1\" data-view-id=\"1139487\" data-view-bc=\"0\"><a class=\"d-block titre text-black mb-1 mb-md-2\" href=\"https:\/\/www.jds.fr\/rouen\/spectacles\/theatre\/l-ange-du-foyer-1139487_A\" rel=\"nofollow noopener\" target=\"_blank\">L&rsquo;Ange du foyer<\/a>Le 23\/01\/2026 RouenLe CDN de Normandie-Rouen \u2013 Th\u00e9\u00e2tre des deux-rives pr\u00e9sente L\u2019Ange du foyer d\u2019Emma Dante.&#13;<br \/>\nEmma Dante, figure de la sc\u00e8ne [\u2026]<a class=\"image\" href=\"https:\/\/www.jds.fr\/rouen\/spectacles\/theatre\/l-ange-du-foyer-1139487_A\" rel=\"nofollow noopener\" target=\"_blank\"><img decoding=\"async\" loading=\"lazy\" src=\"https:\/\/www.europesays.com\/fr\/wp-content\/uploads\/2025\/10\/0-05491300-1756218263-701689-180-180.webp.webp\" width=\"180\" height=\"180\" alt=\"L'Ange du foyer\" class=\"border\"\/><\/a><\/li>\n<li class=\"col-12 pt-4\" data-view-id-type=\"1\" data-view-id=\"1229454\" data-view-bc=\"0\"><a class=\"d-block titre text-black mb-1 mb-md-2\" href=\"https:\/\/www.jds.fr\/rouen\/spectacles\/theatre\/ci-gisait-cyrano-1229454_A\" rel=\"nofollow noopener\" target=\"_blank\">Ci Gisait Cyrano<\/a>Le 03\/02\/2026<a href=\"https:\/\/www.jds.fr\/rouen\/barentin\/theatres-programmes\/theatre-montdory-19581_L\" class=\"lieu font-size-14 text-gray-700 d-block lh-sm my-1\" rel=\"nofollow noopener\" target=\"_blank\"> Th\u00e9\u00e2tre Montdory &#8211; Barentin<\/a>\u00ab Vivre est passivit\u00e9\u00a0; mettre fin \u00e0 ses jours est acte\u00a0\u00bb, disait Camus. D\u00e8s lors, Cyrano adopte une strat\u00e9gie de suicide \u00e0 petit feu\u00a0: la lente agonie [\u2026]<a class=\"image\" href=\"https:\/\/www.jds.fr\/rouen\/spectacles\/theatre\/ci-gisait-cyrano-1229454_A\" rel=\"nofollow noopener\" target=\"_blank\"><img decoding=\"async\" loading=\"lazy\" src=\"https:\/\/www.europesays.com\/fr\/wp-content\/uploads\/2025\/10\/ci-gisait-cyrano-756584-180-180.webp.webp\" width=\"180\" height=\"180\" alt=\"Ci Gisait Cyrano\" class=\"border\"\/><\/a><\/li>\n<li class=\"col-12 pt-4\" data-view-id-type=\"1\" data-view-id=\"998690\" data-view-bc=\"0\"><a class=\"d-block titre text-black mb-1 mb-md-2\" href=\"https:\/\/www.jds.fr\/rouen\/spectacles\/theatre\/arnaud-cosson-le-syndrome-de-la-page-blanche-tournee-998690_A\" rel=\"nofollow noopener\" target=\"_blank\">Arnaud Cosson &#8211; Le Syndrome de la Page Blanche ( Tourn\u00e9e\u00a0)<\/a>Le 06\/02\/2026<a href=\"https:\/\/www.jds.fr\/rouen\/salle-de-concert-et-de-spectacle\/theatre-a-l-ouest-17277_L\" class=\"lieu font-size-14 text-gray-700 d-block lh-sm my-1\" rel=\"nofollow noopener\" target=\"_blank\"> Th\u00e9\u00e2tre \u00e0 l&rsquo;Ouest &#8211; Rouen<\/a>Arnaud Cosson &#8211; Le Syndrome de la Page Blanche ( Tourn\u00e9e ), un spectacle \u00e0 voir \u00e0 Rouen (Th\u00e9\u00e2tre \u00e0 l&rsquo;Ouest ), le 6 f\u00e9vrier 2026. Toutes les informations pratiques (tarifs, [\u2026]<a class=\"image\" href=\"https:\/\/www.jds.fr\/rouen\/spectacles\/theatre\/arnaud-cosson-le-syndrome-de-la-page-blanche-tournee-998690_A\" rel=\"nofollow noopener\" target=\"_blank\"><img decoding=\"async\" loading=\"lazy\" src=\"https:\/\/www.europesays.com\/fr\/wp-content\/uploads\/2025\/10\/1761546095_278_\" width=\"180\" height=\"180\" alt=\"Arnaud Cosson - Le Syndrome de la Page Blanche ( Tourn\u00e9e )\"\/><\/a><\/li>\n<li class=\"col-12 pt-4\" data-view-id-type=\"1\" data-view-id=\"1004851\" data-view-bc=\"0\"><a class=\"d-block titre text-black mb-1 mb-md-2\" href=\"https:\/\/www.jds.fr\/rouen\/spectacles\/theatre\/blabla-drive-tournee-1004851_A\" rel=\"nofollow noopener\" target=\"_blank\">Blabla Drive &#8211; Tourn\u00e9e<\/a>Du 20\/03\/2026 au 21\/03\/2026<a href=\"https:\/\/www.jds.fr\/rouen\/salle-de-concert-et-de-spectacle\/theatre-a-l-ouest-17277_L\" class=\"lieu font-size-14 text-gray-700 d-block lh-sm my-1\" rel=\"nofollow noopener\" target=\"_blank\"> Th\u00e9\u00e2tre \u00e0 l&rsquo;Ouest &#8211; Rouen<\/a>Blabla Drive &#8211; Tourn\u00e9e, un spectacle \u00e0 voir \u00e0 Rouen (Th\u00e9\u00e2tre \u00e0 l&rsquo;Ouest ), les 20 mars 2026 et 21 mars 2026. Toutes les informations pratiques (tarifs, billetterie, plan de [\u2026]<a class=\"image\" href=\"https:\/\/www.jds.fr\/rouen\/spectacles\/theatre\/blabla-drive-tournee-1004851_A\" rel=\"nofollow noopener\" target=\"_blank\"><img decoding=\"async\" loading=\"lazy\" src=\"https:\/\/www.europesays.com\/fr\/wp-content\/uploads\/2025\/10\/1761546096_342_\" width=\"180\" height=\"180\" alt=\"Blabla Drive - Tourn\u00e9e\"\/><\/a><\/li>\n<li class=\"li_gp_div li_gp_div_infeed\"\/>\n<li class=\"col-12 pt-4\" data-view-id-type=\"1\" data-view-id=\"1229560\" data-view-bc=\"0\"><a class=\"d-block titre text-black mb-1 mb-md-2\" href=\"https:\/\/www.jds.fr\/rouen\/spectacles\/theatre\/wally-wally-ma-distinction-1229560_A\" rel=\"nofollow noopener\" target=\"_blank\">Wally &#8211; Wally Ma Distinction<\/a>Le 02\/04\/2026<a href=\"https:\/\/www.jds.fr\/rouen\/barentin\/theatres-programmes\/theatre-montdory-19581_L\" class=\"lieu font-size-14 text-gray-700 d-block lh-sm my-1\" rel=\"nofollow noopener\" target=\"_blank\"> Th\u00e9\u00e2tre Montdory &#8211; Barentin<\/a>R\u00e9cit d\u2019un fils d\u2019ouvrier devenu artiste<br \/>\nDans ce r\u00e9cit, Lilian Derruau relie son v\u00e9cu de\u00a0\u00ab gosse de prolo\u00a0\u00bb aux id\u00e9es du sociologue Pierre Bourdieu. Ne se [\u2026]<a class=\"image\" href=\"https:\/\/www.jds.fr\/rouen\/spectacles\/theatre\/wally-wally-ma-distinction-1229560_A\" rel=\"nofollow noopener\" target=\"_blank\"><img decoding=\"async\" loading=\"lazy\" src=\"https:\/\/www.europesays.com\/fr\/wp-content\/uploads\/2025\/10\/wally-wally-ma-distinction-756708-180-180.webp.webp\" width=\"180\" height=\"180\" alt=\"Wally - Wally Ma Distinction\" class=\"border\"\/><\/a><\/li>\n<\/ul>\n<p class=\"font-size-30 fw-bold lh-1 mt-0 mb-4\">Je trouve les meilleures sorties dans ma ville<\/p>\n<p class=\"mt-0 mb-3 h2\">Newsletter JDS Rouen<\/p>\n<p class=\"font-size-18 fw-normal lh-sm\">Pr\u00eat pour un week-end de folie\u00a0? Chaque jeudi tous les bons plans sorties<\/p>\n","protected":false},"excerpt":{"rendered":"Du 23\/11\/2025 au 24\/01\/2026 Trianon Transatlantique | Sotteville-l\u00e8s-Rouen The Jury Experience : dates de la tourn\u00e9e 20 \u20ac,&hellip;\n","protected":false},"author":2,"featured_media":492584,"comment_status":"","ping_status":"","sticky":false,"template":"","format":"standard","meta":{"footnotes":""},"categories":[9587],"tags":[1111,11,1777,674,1011,27,12,5161,25,9590],"class_list":{"0":"post-492583","1":"post","2":"type-post","3":"status-publish","4":"format-standard","5":"has-post-thumbnail","7":"category-rouen","8":"tag-actu","9":"tag-actualites","10":"tag-eu","11":"tag-europe","12":"tag-fr","13":"tag-france","14":"tag-news","15":"tag-normandie","16":"tag-republique-francaise","17":"tag-rouen"},"share_on_mastodon":{"url":"https:\/\/pubeurope.com\/@fr\/115444692135208910","error":""},"_links":{"self":[{"href":"https:\/\/www.europesays.com\/fr\/wp-json\/wp\/v2\/posts\/492583","targetHints":{"allow":["GET"]}}],"collection":[{"href":"https:\/\/www.europesays.com\/fr\/wp-json\/wp\/v2\/posts"}],"about":[{"href":"https:\/\/www.europesays.com\/fr\/wp-json\/wp\/v2\/types\/post"}],"author":[{"embeddable":true,"href":"https:\/\/www.europesays.com\/fr\/wp-json\/wp\/v2\/users\/2"}],"replies":[{"embeddable":true,"href":"https:\/\/www.europesays.com\/fr\/wp-json\/wp\/v2\/comments?post=492583"}],"version-history":[{"count":0,"href":"https:\/\/www.europesays.com\/fr\/wp-json\/wp\/v2\/posts\/492583\/revisions"}],"wp:featuredmedia":[{"embeddable":true,"href":"https:\/\/www.europesays.com\/fr\/wp-json\/wp\/v2\/media\/492584"}],"wp:attachment":[{"href":"https:\/\/www.europesays.com\/fr\/wp-json\/wp\/v2\/media?parent=492583"}],"wp:term":[{"taxonomy":"category","embeddable":true,"href":"https:\/\/www.europesays.com\/fr\/wp-json\/wp\/v2\/categories?post=492583"},{"taxonomy":"post_tag","embeddable":true,"href":"https:\/\/www.europesays.com\/fr\/wp-json\/wp\/v2\/tags?post=492583"}],"curies":[{"name":"wp","href":"https:\/\/api.w.org\/{rel}","templated":true}]}}