{"id":492587,"date":"2025-10-27T06:24:13","date_gmt":"2025-10-27T06:24:13","guid":{"rendered":"https:\/\/www.europesays.com\/fr\/492587\/"},"modified":"2025-10-27T06:24:13","modified_gmt":"2025-10-27T06:24:13","slug":"50-000-personnes-attendues-pour-la-toussaint-dans-les-cimetieres-tout-ce-quil-faut-savoir","status":"publish","type":"post","link":"https:\/\/www.europesays.com\/fr\/492587\/","title":{"rendered":"50 000 personnes attendues pour la Toussaint dans les cimeti\u00e8res, tout ce qu&rsquo;il faut savoir"},"content":{"rendered":"<p>            Par<br \/>\n        <strong><br \/>\n            <a href=\"https:\/\/actu.fr\/auteur\/brian-legoff\" title=\"Consulter tous les articles de Brian Le Goff\" rel=\"nofollow noopener\" target=\"_blank\">Brian Le Goff<\/a><br \/>\n        <\/strong><\/p>\n<p>        Publi\u00e9 le<\/p>\n<p>            27 oct. 2025 \u00e0 6h32        <\/p>\n<p>La <strong>f\u00eate de la Toussaint<\/strong> revient le samedi 1er\u00a0novembre. \u00c0 <a href=\"https:\/\/actu.fr\/rennes\/\" rel=\"nofollow noopener\" target=\"_blank\">Rennes<\/a>, les services s\u2019attendent \u00e0 une <strong>affluence de 50\u2009000\u00a0personnes<\/strong> durant cette p\u00e9riode.<\/p>\n<p class=\" wall-content\">Ainsi, pour <strong>permettre tout un chacun de vivre ce moment<\/strong> de comm\u00e9moration et de recueillement de la mani\u00e8re la plus ad\u00e9quate, la<strong> municipalit\u00e9 communique sur les informations pratiques \u00e0 savoir<\/strong>, ainsi que sur la programmation.<\/p>\n<p>Horaires d\u2019ouverture<\/p>\n<p class=\" wall-content\">Jusqu\u2019au 2\u00a0novembre inclus, les cimeti\u00e8res rennais sont ouverts <strong>de 8h30 \u00e0 18h15 du lundi au samedi <\/strong>et\u00a0le <strong>dimanche, de 9h \u00e0 17h45.<\/strong><\/p>\n<p class=\" wall-content\">Les <strong>bureaux d\u2019accueil<\/strong> seront ouverts en continu de <strong>9h \u00e0 18h<\/strong>.<\/p>\n<p class=\" wall-content\">Afin de faciliter l\u2019acc\u00e8s aux cimeti\u00e8res de l\u2019Est et du Nord, les visiteurs sont <strong>encourag\u00e9s \u00e0\u00a0utiliser les transports en commun<\/strong>.<\/p>\n<p class=\" wall-content\">Les <strong>personnes \u00e2g\u00e9es et\/ou \u00e0 mobilit\u00e9 r\u00e9duite<\/strong> disposant d\u2019une <strong>carte d\u2019invalidit\u00e9<\/strong> sont autoris\u00e9es \u00e0 circuler tous les jours, y compris le week-end en v\u00e9hicule dans les cimeti\u00e8res, jusqu\u2019\u00e0 dimanche, de 9h \u00e0 18h15.<\/p>\n<p>Votre r\u00e9gion, votre actu !<\/p>\n<p>Recevez chaque jour les infos qui comptent pour vous.<\/p>\n<p>\t<a href=\"https:\/\/actu.fr\/newsletter\" class=\"ac-btn ac-btn--corner ac-btn--medium ac-btn--blue800\" rel=\"nofollow noopener\" target=\"_blank\">S&rsquo;incrire<\/a><br \/>\nMarch\u00e9s aux fleurs<\/p>\n<p class=\" wall-content\"><strong>Jusqu\u2019au samedi 1er\u00a0novembre inclus,<\/strong> les march\u00e9s aux fleurs s\u2019installeront sur la place du Souvenir fran\u00e7ais (cimeti\u00e8re Est) et les abords de la rue Victor S\u00e9galen (cimeti\u00e8re Nord).<\/p>\n<p>Travaux et jets de d\u00e9chets<\/p>\n<p class=\" wall-content\">Toute la semaine, les <strong>travaux<\/strong> (pose et lavage de monuments fun\u00e9raires, plantations\u2026) sur les tombes sont <strong>interdits<\/strong>.<\/p>\n<p class=\" wall-content\">Toutefois, le nettoyage est bien \u00e9videmment possible. Les d\u00e9bris provenant du nettoyage des tombes <strong>(couronnes, mousse, papiers, plastique\u2026)<\/strong> doivent \u00eatre d\u00e9pos\u00e9s dans les <strong>bacs de tri s\u00e9lectif<\/strong> plac\u00e9s en bordure des all\u00e9es. Pour les <strong>v\u00e9g\u00e9taux<\/strong>, des <strong>composteurs<\/strong> sont mis \u00e0 disposition dans les cimeti\u00e8res.<\/p>\n<p>Reprise des concessions \u00e9chues<\/p>\n<p class=\" wall-content\">Une<strong> concession \u00e9chue<\/strong>\u00a0doit \u00eatre<strong> renouvel\u00e9e dans les deux ans<\/strong> suivant la date d\u2019\u00e9ch\u00e9ance, si la famille souhaite conserver la concession.<\/p>\n<p class=\" wall-content\">En 2026, les concessions \u00e9chues en 2020, 2021 et 2022 et non renouvel\u00e9es seront reprises par la Ville de Rennes.<\/p>\n<p>Toussaint musicale<\/p>\n<ul class=\" wall-content\">\n<li><strong>Cimeti\u00e8re de l\u2019Est\u2009:<\/strong> 1er\u00a0novembre, 15h\u2009: Bagad de Vern-sur-Seiche (12 sonneurs)\u2009;<\/li>\n<li><strong>Cimeti\u00e8re du Nord\u2009:<\/strong> 1er\u00a0novembre, 14h30\u2009: La Mafia Rustre \u2013 Quartet de musique bretonne.<\/li>\n<\/ul>\n<p>Balades en cal\u00e8che<\/p>\n<p class=\" wall-content\">Des visites guid\u00e9es en cal\u00e8ches seront propos\u00e9es gratuitement\u00a0<strong>du mercredi 29\u00a0octobre au samedi 1er\u00a0novembre inclus<\/strong>\u00a0au cimeti\u00e8re de l\u2019Est.<\/p>\n<p>Hommages et comm\u00e9morations<\/p>\n<p class=\" wall-content\"><strong>Vendredi 31\u00a0octobre \u00e0 16h30, au cimeti\u00e8re de l\u2019Est, un hommage aux personnes seules et d\u00e9pourvues de ressources<\/strong> suffisantes sera rendu par le Collectif Dignit\u00e9 Cimeti\u00e8re \u00ab\u2009une fleur pour la dignit\u00e9\u2009\u00bb.<\/p>\n<p class=\" wall-content\">Le Collectif Dignit\u00e9 Cimeti\u00e8re convie toute personne qui le souhaite \u00e0 se retrouver \u00e0 l\u2019entr\u00e9e du cimeti\u00e8re pour <strong>participer au fleurissement des s\u00e9pultures<\/strong> des personnes d\u00e9c\u00e9d\u00e9es dans la grande pr\u00e9carit\u00e9.<\/p>\n<p class=\" wall-content\"><strong>Samedi 1er\u00a0novembre, \u00e0 10h<\/strong>, une\u00a0<strong>comm\u00e9moration militaire<\/strong>\u00a0aura lieu au <strong>cimeti\u00e8re de l\u2019Est<\/strong> aupr\u00e8s des monuments du Souvenir fran\u00e7ais, de la R\u00e9sistance, du Commonwealth, des victimes civiles, des Allemands et de l\u2019Outre-Mer en pr\u00e9sence de repr\u00e9sentants de la soci\u00e9t\u00e9 militaire, politique, religieuse et civile qui se rassembleront \u00e0 l\u2019entr\u00e9e du cimeti\u00e8re.<\/p>\n<p>Exposition<\/p>\n<p class=\" wall-content\">Jusqu\u2019\u00e0 dimanche, d\u00e9couvre une exposition nomm\u00e9e \u00ab\u2009Cimeti\u00e8res Bretagne et autres lieux de s\u00e9pulture et de m\u00e9moire\u2009\u00bb au sein de la salle de recueillement du cimeti\u00e8re de l\u2019Est.<\/p>\n<blockquote class=\"ac-article-quote wall-content\">\n<p> \u00c0 la crois\u00e9e entre le travail documentaire et l\u2019interrogation personnelle, ce projet invite douze personnes \u00e0 photographier en Bretagne un lieu de s\u00e9pulture de leur choix, comme en \u00e9cho \u00e0 l\u2019\u00e9motion, l\u2019interrogation ou la curiosit\u00e9 qu\u2019il suscite. Chaque photo est accompagn\u00e9e d\u2019un court texte (en fran\u00e7ais) de la ou du photographe qui \u00e9voque cette rencontre. Le r\u00e9sultat est un portfolio de photos prises sur les quatre d\u00e9partements bretons au printemps 2025 avec le texte en regard.<\/p>\n<p>    <strong>R\u00e9sum\u00e9<\/strong>\n            <\/p><\/blockquote>\n<p class=\" wall-content\">Elle a \u00e9t\u00e9 <strong>imagin\u00e9e par Ricard Huerta,<\/strong> artiste et professeur en didactique de l\u2019expression plastique \u00e0 l\u2019Universit\u00e9 de Valence, <strong>apr\u00e8s un s\u00e9jour \u00e0 Rennes<\/strong> o\u00f9 il \u00e9tait invit\u00e9 par la Chaire Recherche-Action Docteur Denis Mukwege de l\u2019Universit\u00e9 Rennes 2.<\/p>\n<p class=\" wall-content\">Personnalisez votre actualit\u00e9 en ajoutant vos villes et m\u00e9dias en favori avec <a href=\"https:\/\/moncompte.actu.fr\" title=\"D\u00e9couvez Mon Actu\" rel=\"nofollow noopener\" data-trk=\"{&quot;cta&quot;:{&quot;action&quot;:&quot;https:\\\/\\\/moncompte.actu.fr&quot;,&quot;category&quot;:&quot;mon compte&quot;,&quot;from&quot;:&quot;article footer&quot;,&quot;name&quot;:&quot;Mon actu&quot;,&quot;type&quot;:&quot;cta&quot;}}\" target=\"_blank\">Mon Actu<\/a>.<\/p>\n","protected":false},"excerpt":{"rendered":"Par Brian Le Goff Publi\u00e9 le 27 oct. 2025 \u00e0 6h32 La f\u00eate de la Toussaint revient le&hellip;\n","protected":false},"author":2,"featured_media":492588,"comment_status":"","ping_status":"","sticky":false,"template":"","format":"standard","meta":{"footnotes":""},"categories":[2821],"tags":[1111,11,1063,829,1777,674,1011,27,58904,12,584,25],"class_list":{"0":"post-492587","1":"post","2":"type-post","3":"status-publish","4":"format-standard","5":"has-post-thumbnail","7":"category-rennes","8":"tag-actu","9":"tag-actualites","10":"tag-animations","11":"tag-bretagne","12":"tag-eu","13":"tag-europe","14":"tag-fr","15":"tag-france","16":"tag-histoire-patrimoine","17":"tag-news","18":"tag-rennes","19":"tag-republique-francaise"},"share_on_mastodon":{"url":"https:\/\/pubeurope.com\/@fr\/115444702516731969","error":""},"_links":{"self":[{"href":"https:\/\/www.europesays.com\/fr\/wp-json\/wp\/v2\/posts\/492587","targetHints":{"allow":["GET"]}}],"collection":[{"href":"https:\/\/www.europesays.com\/fr\/wp-json\/wp\/v2\/posts"}],"about":[{"href":"https:\/\/www.europesays.com\/fr\/wp-json\/wp\/v2\/types\/post"}],"author":[{"embeddable":true,"href":"https:\/\/www.europesays.com\/fr\/wp-json\/wp\/v2\/users\/2"}],"replies":[{"embeddable":true,"href":"https:\/\/www.europesays.com\/fr\/wp-json\/wp\/v2\/comments?post=492587"}],"version-history":[{"count":0,"href":"https:\/\/www.europesays.com\/fr\/wp-json\/wp\/v2\/posts\/492587\/revisions"}],"wp:featuredmedia":[{"embeddable":true,"href":"https:\/\/www.europesays.com\/fr\/wp-json\/wp\/v2\/media\/492588"}],"wp:attachment":[{"href":"https:\/\/www.europesays.com\/fr\/wp-json\/wp\/v2\/media?parent=492587"}],"wp:term":[{"taxonomy":"category","embeddable":true,"href":"https:\/\/www.europesays.com\/fr\/wp-json\/wp\/v2\/categories?post=492587"},{"taxonomy":"post_tag","embeddable":true,"href":"https:\/\/www.europesays.com\/fr\/wp-json\/wp\/v2\/tags?post=492587"}],"curies":[{"name":"wp","href":"https:\/\/api.w.org\/{rel}","templated":true}]}}