{"id":492589,"date":"2025-10-27T06:25:17","date_gmt":"2025-10-27T06:25:17","guid":{"rendered":"https:\/\/www.europesays.com\/fr\/492589\/"},"modified":"2025-10-27T06:25:17","modified_gmt":"2025-10-27T06:25:17","slug":"comment-cet-espace-agricole-est-devenu-lun-des-plus-grands-quartiers-de-rennes","status":"publish","type":"post","link":"https:\/\/www.europesays.com\/fr\/492589\/","title":{"rendered":"Comment cet espace agricole est devenu l\u2019un des plus grands quartiers de Rennes"},"content":{"rendered":"<p>Sur l\u2019un des derniers espaces ruraux intra-rocade, les pelleteuses se mettent en branle pour lancer le premier des nouveaux quartiers rennais, selon une trame agricole dessin\u00e9e par les haies bocag\u00e8res. Il inclut un volet r\u00e9sidentiel et un p\u00f4le administratif.<\/p>\n<p>1997 : livraison des premiers logements<\/p>\n<p>Les premiers immeubles, d\u2019une hauteur de 4 \u00e0 5 \u00e9tages, sont livr\u00e9s dans la partie sud-est de la Zac, \u00e0 proximit\u00e9 du futur c\u0153ur commer\u00e7ant du quartier et du futur parc.<\/p>\n<p>Constitu\u00e9 de plaines herbeuses et de zones bois\u00e9es, le parc de 7 ha est la colonne vert\u00e9brale du quartier. Il est adoss\u00e9 \u00e0 l\u2019\u00e9cole Sonia-Delaunay qui accueille les premiers \u00e9l\u00e8ves en 2002. La m\u00eame ann\u00e9e, \u00ab l\u2019\u00e9coquartier \u00bb inaugure un b\u00e2timent pilote, passif et bioclimatique : Salvatierra.<\/p>\n<p>2012 : d\u00e9m\u00e9nagement du Frac Bretagne \u00e0 Beauregard<img decoding=\"async\" src=\"https:\/\/www.europesays.com\/fr\/wp-content\/uploads\/2025\/10\/68fb76882df5f3f5b40ca296.1.jpeg\" width=\"480\" height=\"300\" class=\"web_golden_m\" loading=\"lazy\" alt=\"\u00a0\"\/>\u00a0 (David Brunet)<\/p>\n<p>Cr\u00e9\u00e9 en 1981, le Fonds r\u00e9gional d\u2019art contemporain d\u00e9m\u00e9nage de Ch\u00e2teaugiron \u00e0 Beauregard en 2012. Il inscrit le secteur comme une place forte de l\u2019art contemporain, en face du monument con\u00e7u par Aur\u00e9lie Nemours, L\u2019Alignement du XXIe si\u00e8cle, install\u00e9 en 2005.<\/p>\n<p>2023 : extension du parc de Beauregard \u00e0 Quinc\u00e9 et ach\u00e8vement de la Zac<img decoding=\"async\" src=\"https:\/\/www.europesays.com\/fr\/wp-content\/uploads\/2025\/10\/68fb7688b4ac8c71f0053696.1.jpeg\" width=\"480\" height=\"300\" class=\"web_golden_m\" loading=\"lazy\" alt=\"\u00a0\"\/>\u00a0 (David Brunet)<\/p>\n<p>\u00c9labor\u00e9 sur des terrains en friche en bordure de rocade, le parc de Quinc\u00e9 est compos\u00e9 de zones humides, de prairies et d\u2019espaces de mara\u00eechage. Il marque le quasi ach\u00e8vement de la zac. \u00c0 ce jour, un seul programme -Arboretum- est en cours de construction.<\/p>\n","protected":false},"excerpt":{"rendered":"Sur l\u2019un des derniers espaces ruraux intra-rocade, les pelleteuses se mettent en branle pour lancer le premier des&hellip;\n","protected":false},"author":2,"featured_media":492590,"comment_status":"","ping_status":"","sticky":false,"template":"","format":"standard","meta":{"footnotes":""},"categories":[2821],"tags":[1111,11,829,1777,674,1011,27,848,12,584,25],"class_list":{"0":"post-492589","1":"post","2":"type-post","3":"status-publish","4":"format-standard","5":"has-post-thumbnail","7":"category-rennes","8":"tag-actu","9":"tag-actualites","10":"tag-bretagne","11":"tag-eu","12":"tag-europe","13":"tag-fr","14":"tag-france","15":"tag-ille-et-vilaine","16":"tag-news","17":"tag-rennes","18":"tag-republique-francaise"},"share_on_mastodon":{"url":"https:\/\/pubeurope.com\/@fr\/115444706896236719","error":""},"_links":{"self":[{"href":"https:\/\/www.europesays.com\/fr\/wp-json\/wp\/v2\/posts\/492589","targetHints":{"allow":["GET"]}}],"collection":[{"href":"https:\/\/www.europesays.com\/fr\/wp-json\/wp\/v2\/posts"}],"about":[{"href":"https:\/\/www.europesays.com\/fr\/wp-json\/wp\/v2\/types\/post"}],"author":[{"embeddable":true,"href":"https:\/\/www.europesays.com\/fr\/wp-json\/wp\/v2\/users\/2"}],"replies":[{"embeddable":true,"href":"https:\/\/www.europesays.com\/fr\/wp-json\/wp\/v2\/comments?post=492589"}],"version-history":[{"count":0,"href":"https:\/\/www.europesays.com\/fr\/wp-json\/wp\/v2\/posts\/492589\/revisions"}],"wp:featuredmedia":[{"embeddable":true,"href":"https:\/\/www.europesays.com\/fr\/wp-json\/wp\/v2\/media\/492590"}],"wp:attachment":[{"href":"https:\/\/www.europesays.com\/fr\/wp-json\/wp\/v2\/media?parent=492589"}],"wp:term":[{"taxonomy":"category","embeddable":true,"href":"https:\/\/www.europesays.com\/fr\/wp-json\/wp\/v2\/categories?post=492589"},{"taxonomy":"post_tag","embeddable":true,"href":"https:\/\/www.europesays.com\/fr\/wp-json\/wp\/v2\/tags?post=492589"}],"curies":[{"name":"wp","href":"https:\/\/api.w.org\/{rel}","templated":true}]}}