{"id":492591,"date":"2025-10-27T06:26:12","date_gmt":"2025-10-27T06:26:12","guid":{"rendered":"https:\/\/www.europesays.com\/fr\/492591\/"},"modified":"2025-10-27T06:26:12","modified_gmt":"2025-10-27T06:26:12","slug":"bischheim-le-groupe-m-and-m-porte-entre-sonorites-persanes-et-musique-electronique","status":"publish","type":"post","link":"https:\/\/www.europesays.com\/fr\/492591\/","title":{"rendered":"Bischheim. Le groupe M and M porte entre sonorit\u00e9s persanes\u00a0 et musique \u00e9lectronique"},"content":{"rendered":"<p>Le groupe M and M, originaire de T\u00e9h\u00e9ran et compos\u00e9 de quatre musiciens, a \u00e9t\u00e9 fond\u00e9 par Mahyar Toreihi et Mehrzad Azami Kia. Les deux compositeurs ont plus de deux d\u00e9cennies d\u2019exp\u00e9rience sur la sc\u00e8ne musicale internationale et accompagnent r\u00e9guli\u00e8rement des artistes renomm\u00e9s comme le chanteur britannique Sami Yusuf, les Iraniens Homayoun Shajarian et\u00a0Shahram Nazeri ou encore le groupe irakien Nishtiman.<\/p>\n<p>Depuis peu, ils ont d\u00e9cid\u00e9 d\u2019entreprendre un projet personnel produit en avant-premi\u00e8re sur la sc\u00e8ne du Cheval Blanc de Bischheim. Ils sont invit\u00e9s par la structure strasbourgeoise Ernest Production avec laquelle ils coop\u00e8rent depuis plusieurs ann\u00e9es.<\/p>\n<p>Leur r\u00e9pertoire est un m\u00e9lange de musique traditionnelle persane combin\u00e9e \u00e0 une fusion de musique \u00e9lectronique et accompagn\u00e9e au clavier par Moein Taheri, sp\u00e9cialis\u00e9 dans la cr\u00e9ation \u00e9lectro. Maral Ghomi, la jeune chanteuse du groupe, n\u2018\u00e9tant pas autoris\u00e9e \u00e0 chanter dans son propre pays, porte haut la voix de l\u2019ensemble persan.<\/p>\n<p class=\"note\"><a href=\"https:\/\/www.billetweb.fr\/multi_event.php?&amp;margin=no_margin&amp;multi=u116099&amp;color=635BFF&amp;from_event=1293807\" target=\"_blank\" rel=\"noopener\">Le Cheval Blanc<\/a> , 2 avenue de P\u00e9rigueux \u00e0 Bischheim, vendredi 31\u00a0octobre \u00e0 20\u00a0h. Tarifs\u00a0: 20\u00a0\u20ac (15\u00a0\u20ac en pr\u00e9vente).<\/p>\n","protected":false},"excerpt":{"rendered":"Le groupe M and M, originaire de T\u00e9h\u00e9ran et compos\u00e9 de quatre musiciens, a \u00e9t\u00e9 fond\u00e9 par Mahyar&hellip;\n","protected":false},"author":2,"featured_media":492592,"comment_status":"","ping_status":"","sticky":false,"template":"","format":"standard","meta":{"footnotes":""},"categories":[2820],"tags":[1111,11,2389,13205,1687,2880,1777,674,1011,27,775,873,12,25,640,3265],"class_list":{"0":"post-492591","1":"post","2":"type-post","3":"status-publish","4":"format-standard","5":"has-post-thumbnail","7":"category-strasbourg","8":"tag-actu","9":"tag-actualites","10":"tag-alsace","11":"tag-bischheim","12":"tag-culture-loisirs","13":"tag-edition-strasbourg","14":"tag-eu","15":"tag-europe","16":"tag-fr","17":"tag-france","18":"tag-grand-est","19":"tag-musique","20":"tag-news","21":"tag-republique-francaise","22":"tag-strasbourg","23":"tag-strasbourg-nord"},"share_on_mastodon":{"url":"https:\/\/pubeurope.com\/@fr\/115444710549610054","error":""},"_links":{"self":[{"href":"https:\/\/www.europesays.com\/fr\/wp-json\/wp\/v2\/posts\/492591","targetHints":{"allow":["GET"]}}],"collection":[{"href":"https:\/\/www.europesays.com\/fr\/wp-json\/wp\/v2\/posts"}],"about":[{"href":"https:\/\/www.europesays.com\/fr\/wp-json\/wp\/v2\/types\/post"}],"author":[{"embeddable":true,"href":"https:\/\/www.europesays.com\/fr\/wp-json\/wp\/v2\/users\/2"}],"replies":[{"embeddable":true,"href":"https:\/\/www.europesays.com\/fr\/wp-json\/wp\/v2\/comments?post=492591"}],"version-history":[{"count":0,"href":"https:\/\/www.europesays.com\/fr\/wp-json\/wp\/v2\/posts\/492591\/revisions"}],"wp:featuredmedia":[{"embeddable":true,"href":"https:\/\/www.europesays.com\/fr\/wp-json\/wp\/v2\/media\/492592"}],"wp:attachment":[{"href":"https:\/\/www.europesays.com\/fr\/wp-json\/wp\/v2\/media?parent=492591"}],"wp:term":[{"taxonomy":"category","embeddable":true,"href":"https:\/\/www.europesays.com\/fr\/wp-json\/wp\/v2\/categories?post=492591"},{"taxonomy":"post_tag","embeddable":true,"href":"https:\/\/www.europesays.com\/fr\/wp-json\/wp\/v2\/tags?post=492591"}],"curies":[{"name":"wp","href":"https:\/\/api.w.org\/{rel}","templated":true}]}}