{"id":492593,"date":"2025-10-27T06:27:14","date_gmt":"2025-10-27T06:27:14","guid":{"rendered":"https:\/\/www.europesays.com\/fr\/492593\/"},"modified":"2025-10-27T06:27:14","modified_gmt":"2025-10-27T06:27:14","slug":"les-quais-de-cette-gare-sncf-renoves-pour-un-meilleur-accueil-des-voyageurs","status":"publish","type":"post","link":"https:\/\/www.europesays.com\/fr\/492593\/","title":{"rendered":"les quais de cette gare SNCF r\u00e9nov\u00e9s pour un meilleur accueil des voyageurs"},"content":{"rendered":"<p>            Par<br \/>\n        <strong><br \/>\n            <a href=\"https:\/\/actu.fr\/auteur\/ivan-capecchi\" title=\"Consulter tous les articles de Ivan CAPECCHI\" rel=\"nofollow noopener\" target=\"_blank\">Ivan CAPECCHI<\/a><br \/>\n        <\/strong><\/p>\n<p>        Publi\u00e9 le<\/p>\n<p>            27 oct. 2025 \u00e0 7h02        <\/p>\n<p>Dans un communiqu\u00e9 diffus\u00e9 cette semaine, la <a href=\"https:\/\/actu.fr\/tag\/sncf\" rel=\"nofollow noopener\" target=\"_blank\">SNCF<\/a> annonce avoir achev\u00e9 les <a href=\"https:\/\/actu.fr\/tag\/travaux\" rel=\"nofollow noopener\" target=\"_blank\">travaux<\/a> de r\u00e9novation des quais en <strong>gare de Brumath (Bas-Rhin)<\/strong>. Objectif\u2009: <strong>am\u00e9liorer le confort des voyageurs<\/strong> et<strong> rendre la gare plus accessible aux personnes \u00e0 mobilit\u00e9 r\u00e9duite<\/strong>.<\/p>\n<p>Des quais r\u00e9hauss\u00e9s pour faciliter l\u2019acc\u00e8s aux trains<\/p>\n<p class=\" wall-content\">Les <strong>quais ont \u00e9t\u00e9 rehauss\u00e9s<\/strong> pour <strong>faciliter l\u2019acc\u00e8s aux trains<\/strong> et <strong>recouverts d\u2019un nouveau rev\u00eatement antid\u00e9rapant<\/strong>.<\/p>\n<p class=\" wall-content\">Des <strong>abris voyageurs<\/strong>, un <strong>nouvel \u00e9clairage<\/strong> et des <strong>bancs<\/strong> ont \u00e9galement \u00e9t\u00e9 install\u00e9s.<\/p>\n<p class=\" wall-content\">Les travaux, men\u00e9s par <strong>SNCF Gares &amp; Connexions<\/strong> avec le soutien financier de la<strong> R\u00e9gion Grand Est<\/strong> et de l\u2019<strong>\u00c9tat<\/strong>, s\u2019inscrivent dans le <strong>programme national d\u2019accessibilit\u00e9 du r\u00e9seau ferroviaire<\/strong>, indique le communiqu\u00e9.<\/p>\n<p class=\" wall-content\">Personnalisez votre actualit\u00e9 en ajoutant vos villes et m\u00e9dias en favori avec <a href=\"https:\/\/moncompte.actu.fr\" title=\"D\u00e9couvez Mon Actu\" rel=\"nofollow noopener\" data-trk=\"{&quot;cta&quot;:{&quot;action&quot;:&quot;https:\\\/\\\/moncompte.actu.fr&quot;,&quot;category&quot;:&quot;mon compte&quot;,&quot;from&quot;:&quot;article footer&quot;,&quot;name&quot;:&quot;Mon actu&quot;,&quot;type&quot;:&quot;cta&quot;}}\" target=\"_blank\">Mon Actu<\/a>.<\/p>\n","protected":false},"excerpt":{"rendered":"Par Ivan CAPECCHI Publi\u00e9 le 27 oct. 2025 \u00e0 7h02 Dans un communiqu\u00e9 diffus\u00e9 cette semaine, la SNCF&hellip;\n","protected":false},"author":2,"featured_media":492594,"comment_status":"","ping_status":"","sticky":false,"template":"","format":"standard","meta":{"footnotes":""},"categories":[2820],"tags":[1111,11,1777,674,1011,27,775,12,25,2215,104,640,2803,2086],"class_list":{"0":"post-492593","1":"post","2":"type-post","3":"status-publish","4":"format-standard","5":"has-post-thumbnail","7":"category-strasbourg","8":"tag-actu","9":"tag-actualites","10":"tag-eu","11":"tag-europe","12":"tag-fr","13":"tag-france","14":"tag-grand-est","15":"tag-news","16":"tag-republique-francaise","17":"tag-sncf","18":"tag-societe","19":"tag-strasbourg","20":"tag-transport","21":"tag-travaux"},"share_on_mastodon":{"url":"https:\/\/pubeurope.com\/@fr\/115444714452530769","error":""},"_links":{"self":[{"href":"https:\/\/www.europesays.com\/fr\/wp-json\/wp\/v2\/posts\/492593","targetHints":{"allow":["GET"]}}],"collection":[{"href":"https:\/\/www.europesays.com\/fr\/wp-json\/wp\/v2\/posts"}],"about":[{"href":"https:\/\/www.europesays.com\/fr\/wp-json\/wp\/v2\/types\/post"}],"author":[{"embeddable":true,"href":"https:\/\/www.europesays.com\/fr\/wp-json\/wp\/v2\/users\/2"}],"replies":[{"embeddable":true,"href":"https:\/\/www.europesays.com\/fr\/wp-json\/wp\/v2\/comments?post=492593"}],"version-history":[{"count":0,"href":"https:\/\/www.europesays.com\/fr\/wp-json\/wp\/v2\/posts\/492593\/revisions"}],"wp:featuredmedia":[{"embeddable":true,"href":"https:\/\/www.europesays.com\/fr\/wp-json\/wp\/v2\/media\/492594"}],"wp:attachment":[{"href":"https:\/\/www.europesays.com\/fr\/wp-json\/wp\/v2\/media?parent=492593"}],"wp:term":[{"taxonomy":"category","embeddable":true,"href":"https:\/\/www.europesays.com\/fr\/wp-json\/wp\/v2\/categories?post=492593"},{"taxonomy":"post_tag","embeddable":true,"href":"https:\/\/www.europesays.com\/fr\/wp-json\/wp\/v2\/tags?post=492593"}],"curies":[{"name":"wp","href":"https:\/\/api.w.org\/{rel}","templated":true}]}}