{"id":492603,"date":"2025-10-27T06:38:21","date_gmt":"2025-10-27T06:38:21","guid":{"rendered":"https:\/\/www.europesays.com\/fr\/492603\/"},"modified":"2025-10-27T06:38:21","modified_gmt":"2025-10-27T06:38:21","slug":"exaspere-par-une-installation-bruyante-un-habitant-porte-son-combat-devant-la-justice","status":"publish","type":"post","link":"https:\/\/www.europesays.com\/fr\/492603\/","title":{"rendered":"exasp\u00e9r\u00e9 par une installation bruyante, un habitant porte son combat devant la justice"},"content":{"rendered":"<p>            Par<br \/>\n        <strong><br \/>\n            <a href=\"https:\/\/actu.fr\/auteur\/redaction-bordeaux\" title=\"Consulter tous les articles de R\u00e9daction Bordeaux\" target=\"_blank\" rel=\"noopener\">R\u00e9daction Bordeaux<\/a><br \/>\n        <\/strong><\/p>\n<p>        Publi\u00e9 le<\/p>\n<p>            27 oct. 2025 \u00e0 6h32        <\/p>\n<p>C\u2019est une petite installation qui est venue perturber la qui\u00e9tude de <a href=\"https:\/\/actu.fr\/nouvelle-aquitaine\/saint-caprais-de-bordeaux_33381\" target=\"_blank\" rel=\"noopener\">Saint-Caprais-de-Bordeaux, en Gironde.<\/a>\u00a0Le tribunal administratif de Bordeaux a rejet\u00e9 la requ\u00eate d\u2019un habitant de cette commune au sud de la pr\u00e9fecture girondine qui se <strong>plaignait du bruit<\/strong> fait par le bloc de climatisation de la Maison de sant\u00e9 pluriprofessionnelle (MSP).\u00a0<\/p>\n<p class=\" wall-content\">Le 30 d\u00e9cembre 2024, la\u00a0maire de Saint-Caprais-de-Bordeaux Tania Couty\u00a0ne s\u2019\u00e9tait en effet \u00ab\u00a0pas oppos\u00e9e\u00a0\u00bb \u00e0 <strong>l\u2019installation d\u2019un \u00ab\u00a0bloc climatisation\u00a0\u00bb<\/strong> \u00e0 l\u2019ext\u00e9rieur des b\u00e2timents du \u00ab\u00a0Collectif Sant\u00e9\u00a0\u00bb, situ\u00e9\u00a03 rue Carvoiera\u00a0et qui regroupe m\u00e9decins, infirmiers, psychologues ou encore orthophonistes.<\/p>\n<p>Le niveau sonore d\u00e9pass\u00e9 ?<\/p>\n<p class=\" wall-content\">Un voisin s\u2019\u00e9tait malgr\u00e9 tout plaint d\u2019un <strong>\u00ab\u00a0d\u00e9passement des \u00e9mergences sonores\u00a0\u00bb<\/strong> de l\u2019appareil. Il avait donc saisi le tribunal administratif de Bordeaux le 5 juin 2025 pour contester cette d\u00e9cision et r\u00e9clamait \u00ab\u00a0le retrait\u00a0\u00bb ou le \u00ab\u00a0d\u00e9placement\u00a0\u00bb de \u00ab\u00a0l\u2019\u00e9quipement litigieux\u00a0\u00bb.<\/p>\n<p class=\" wall-content\">Le code de la sant\u00e9 publique encadre en effet strictement les niveaux de bruit g\u00e9n\u00e9r\u00e9s par les installations afin de <strong>limiter les nuisances sonores.<\/strong> \u00ab\u00a0Les valeurs limites de l\u2019\u00e9mergence [sonore, ndlr] sont de 5 d\u00e9cibels en p\u00e9riode diurne [de 7 heures \u00e0 22 heures] et de 3 d\u00e9cibels en p\u00e9riode nocturne [de 22 heures \u00e0 7 heures]\u00a0\u00bb, dit le texte.<\/p>\n<p class=\" wall-content\">Mais \u00ab\u00a0la l\u00e9galit\u00e9 d\u2019un permis de construire n\u2019est appr\u00e9ci\u00e9e qu\u2019au regard de la r\u00e9glementation relative au droit de l\u2019urbanisme\u00a0\u00bb, rappelle une juge du tribunal administratif de Bordeaux dans une ordonnance en date du 25 septembre 2025 qui vient d\u2019\u00eatre rendue publique. La \u00ab\u00a0m\u00e9connaissance\u00a0\u00bb des dispositions du code de la sant\u00e9 publique relatives aux \u00ab\u00a0seuils d\u2019\u00e9mergences sonores\u00a0\u00bb est donc <strong>\u00ab\u00a0sans incidence sur la l\u00e9galit\u00e9 du permis de construire\u00a0\u00bb.<\/strong><\/p>\n<p class=\" wall-content\">Par ailleurs, la d\u00e9cision de la maire ne faisait que \u00ab\u00a0r\u00e9gulariser\u00a0\u00bb le bloc de climatisation qui avait d\u00e9j\u00e0 \u00e9t\u00e9 install\u00e9. Le requ\u00e9rant ne pouvait donc pas se pr\u00e9valoir du fait que \u00ab\u00a0l\u2019installation ait \u00e9t\u00e9 r\u00e9alis\u00e9e <strong>sans autorisation pr\u00e9alable\u00a0\u00bb<\/strong> pour contester la l\u00e9galit\u00e9 de la d\u00e9cision. \u00ab\u00a0La requ\u00eate n\u2019ayant \u00e9t\u00e9 suivi d\u2019aucune production explicitant ou comportant d\u2019autres moyens, celle-ci doit \u00eatre rejet\u00e9e\u00a0\u00bb, en conclut la juge bordelaise.<\/p>\n<p class=\" wall-content\"><strong>MJ et GF (PressPepper)<\/strong><\/p>\n<p class=\" wall-content\">Personnalisez votre actualit\u00e9 en ajoutant vos villes et m\u00e9dias en favori avec <a href=\"https:\/\/moncompte.actu.fr\" title=\"D\u00e9couvez Mon Actu\" rel=\"nofollow noopener\" data-trk=\"{&quot;cta&quot;:{&quot;action&quot;:&quot;https:\\\/\\\/moncompte.actu.fr&quot;,&quot;category&quot;:&quot;mon compte&quot;,&quot;from&quot;:&quot;article footer&quot;,&quot;name&quot;:&quot;Mon actu&quot;,&quot;type&quot;:&quot;cta&quot;}}\" target=\"_blank\">Mon Actu<\/a>.<\/p>\n","protected":false},"excerpt":{"rendered":"Par R\u00e9daction Bordeaux Publi\u00e9 le 27 oct. 2025 \u00e0 6h32 C\u2019est une petite installation qui est venue perturber&hellip;\n","protected":false},"author":2,"featured_media":492604,"comment_status":"","ping_status":"","sticky":false,"template":"","format":"standard","meta":{"footnotes":""},"categories":[2817],"tags":[1111,11,1997,1777,674,1011,27,303,12,2219,25,104,7559],"class_list":{"0":"post-492603","1":"post","2":"type-post","3":"status-publish","4":"format-standard","5":"has-post-thumbnail","7":"category-bordeaux","8":"tag-actu","9":"tag-actualites","10":"tag-bordeaux","11":"tag-eu","12":"tag-europe","13":"tag-fr","14":"tag-france","15":"tag-justice","16":"tag-news","17":"tag-nouvelle-aquitaine","18":"tag-republique-francaise","19":"tag-societe","20":"tag-tribunal-de-bordeaux"},"share_on_mastodon":{"url":"https:\/\/pubeurope.com\/@fr\/115444757618865664","error":""},"_links":{"self":[{"href":"https:\/\/www.europesays.com\/fr\/wp-json\/wp\/v2\/posts\/492603","targetHints":{"allow":["GET"]}}],"collection":[{"href":"https:\/\/www.europesays.com\/fr\/wp-json\/wp\/v2\/posts"}],"about":[{"href":"https:\/\/www.europesays.com\/fr\/wp-json\/wp\/v2\/types\/post"}],"author":[{"embeddable":true,"href":"https:\/\/www.europesays.com\/fr\/wp-json\/wp\/v2\/users\/2"}],"replies":[{"embeddable":true,"href":"https:\/\/www.europesays.com\/fr\/wp-json\/wp\/v2\/comments?post=492603"}],"version-history":[{"count":0,"href":"https:\/\/www.europesays.com\/fr\/wp-json\/wp\/v2\/posts\/492603\/revisions"}],"wp:featuredmedia":[{"embeddable":true,"href":"https:\/\/www.europesays.com\/fr\/wp-json\/wp\/v2\/media\/492604"}],"wp:attachment":[{"href":"https:\/\/www.europesays.com\/fr\/wp-json\/wp\/v2\/media?parent=492603"}],"wp:term":[{"taxonomy":"category","embeddable":true,"href":"https:\/\/www.europesays.com\/fr\/wp-json\/wp\/v2\/categories?post=492603"},{"taxonomy":"post_tag","embeddable":true,"href":"https:\/\/www.europesays.com\/fr\/wp-json\/wp\/v2\/tags?post=492603"}],"curies":[{"name":"wp","href":"https:\/\/api.w.org\/{rel}","templated":true}]}}