{"id":492610,"date":"2025-10-27T06:42:15","date_gmt":"2025-10-27T06:42:15","guid":{"rendered":"https:\/\/www.europesays.com\/fr\/492610\/"},"modified":"2025-10-27T06:42:15","modified_gmt":"2025-10-27T06:42:15","slug":"ligue-1-le-cauchemar-sans-fin-du-fc-metz-humilie-a-lille","status":"publish","type":"post","link":"https:\/\/www.europesays.com\/fr\/492610\/","title":{"rendered":"Ligue 1. Le cauchemar sans fin du FC Metz, humili\u00e9 \u00e0 Lille"},"content":{"rendered":"<p>La sono du stade Pierre-Mauroy a fait retentir <a href=\"https:\/\/www.youtube.com\/watch?v=yaNBrab37_4\" target=\"_blank\" rel=\"noopener\">La balade des gens heureux<\/a>, ce dimanche \u00e0 l\u2019issue de la victoire de Lille sur le FC Metz, et ce choix musical n\u2019avait peut-\u00eatre rien d\u2019anodin\u00a0: le Losc s\u2019est amus\u00e9 pendant 90 minutes, face \u00e0 des Grenats bons derniers et d\u00e9sormais d\u00e9croch\u00e9s.<\/p>\n<p>Apr\u00e8s avoir d\u00e9j\u00e0 servi de paillasson \u00e0 Toulouse (4-0), Marseille (0-3) ou encore Monaco (5-2), le promu s\u2019est cette fois fait avaler par des Dogues \u00e9nerv\u00e9s par leur \u00e9chec europ\u00e9en, jeudi face au PAOK (3-4). Gauthier Hein ne s\u2019en cache pas\u00a0: ce FC Metz \u00ab\u00a0n\u2019a tout simplement pas le niveau\u00a0\u00bb et il le prouve, semaine apr\u00e8s semaine,&#8230;<\/p>\n","protected":false},"excerpt":{"rendered":"La sono du stade Pierre-Mauroy a fait retentir La balade des gens heureux, ce dimanche \u00e0 l\u2019issue de&hellip;\n","protected":false},"author":2,"featured_media":492611,"comment_status":"","ping_status":"","sticky":false,"template":"","format":"standard","meta":{"footnotes":""},"categories":[2815],"tags":[1111,11,5598,1777,674,8113,107,63,1011,27,811,1307,6212,6213,12,25,517,1700],"class_list":{"0":"post-492610","1":"post","2":"type-post","3":"status-publish","4":"format-standard","5":"has-post-thumbnail","7":"category-lille","8":"tag-actu","9":"tag-actualites","10":"tag-edition-metz-et-agglomeration","11":"tag-eu","12":"tag-europe","13":"tag-fc-metz","14":"tag-fil-info","15":"tag-football","16":"tag-fr","17":"tag-france","18":"tag-hauts-de-france","19":"tag-lille","20":"tag-metz","21":"tag-metz-ville-57b","22":"tag-news","23":"tag-republique-francaise","24":"tag-sport","25":"tag-sport-lorrain"},"share_on_mastodon":{"url":"https:\/\/pubeurope.com\/@fr\/115444773352140857","error":""},"_links":{"self":[{"href":"https:\/\/www.europesays.com\/fr\/wp-json\/wp\/v2\/posts\/492610","targetHints":{"allow":["GET"]}}],"collection":[{"href":"https:\/\/www.europesays.com\/fr\/wp-json\/wp\/v2\/posts"}],"about":[{"href":"https:\/\/www.europesays.com\/fr\/wp-json\/wp\/v2\/types\/post"}],"author":[{"embeddable":true,"href":"https:\/\/www.europesays.com\/fr\/wp-json\/wp\/v2\/users\/2"}],"replies":[{"embeddable":true,"href":"https:\/\/www.europesays.com\/fr\/wp-json\/wp\/v2\/comments?post=492610"}],"version-history":[{"count":0,"href":"https:\/\/www.europesays.com\/fr\/wp-json\/wp\/v2\/posts\/492610\/revisions"}],"wp:featuredmedia":[{"embeddable":true,"href":"https:\/\/www.europesays.com\/fr\/wp-json\/wp\/v2\/media\/492611"}],"wp:attachment":[{"href":"https:\/\/www.europesays.com\/fr\/wp-json\/wp\/v2\/media?parent=492610"}],"wp:term":[{"taxonomy":"category","embeddable":true,"href":"https:\/\/www.europesays.com\/fr\/wp-json\/wp\/v2\/categories?post=492610"},{"taxonomy":"post_tag","embeddable":true,"href":"https:\/\/www.europesays.com\/fr\/wp-json\/wp\/v2\/tags?post=492610"}],"curies":[{"name":"wp","href":"https:\/\/api.w.org\/{rel}","templated":true}]}}