{"id":492612,"date":"2025-10-27T06:43:14","date_gmt":"2025-10-27T06:43:14","guid":{"rendered":"https:\/\/www.europesays.com\/fr\/492612\/"},"modified":"2025-10-27T06:43:14","modified_gmt":"2025-10-27T06:43:14","slug":"plus-de-110-000-euros-recoltes-pour-sauver-des-vies-en-mer","status":"publish","type":"post","link":"https:\/\/www.europesays.com\/fr\/492612\/","title":{"rendered":"Plus de 110 000 euros r\u00e9colt\u00e9s pour sauver des vies en mer"},"content":{"rendered":"\n<p>Un moment de solidarit\u00e9 et de sensibilisation sur le sauvetage en mer, c\u2019\u00e9tait l\u2019ambition du concert organis\u00e9 samedi au D\u00f4me (4e), \u00e0 l\u2019initiative des Mutuelles de France. Et l\u2019objectif est presque atteint, en chiffre au moins\u00a0: 111\u00a0000\u00a0euros ont \u00e9t\u00e9 r\u00e9colt\u00e9s, contre 150\u00a0000 esp\u00e9r\u00e9s. Le Projet Aquarius, qui aide les jeunes rescap\u00e9s \u00e0 reconstruire leur rapport \u00e0 l\u2019eau, la Soci\u00e9t\u00e9 nationale de sauvetage en mer, qui officie au large de toutes les c\u00f4tes fran\u00e7aises, et le bateau de sauvetage Louise Michel, qui se concentre sur la M\u00e9diterran\u00e9e, sont trois des quatre associations b\u00e9n\u00e9ficiaires. La quatri\u00e8me, Aide aux populations pr\u00e9caires et immigr\u00e9es, est bas\u00e9e \u00e0 Marseille et accompagne les personnes exil\u00e9es dans leurs recours aux droits et d\u00e9marches administratives.<\/p>\n<p>De 19h \u00e0 00h, 16\u00a0artistes se sont succ\u00e9d\u00e9 sur sc\u00e8ne. Parmi eux\u00a0: Rim\u2019K, interpr\u00e8te de Tonton du bled avec le 113 et Alonzo, c\u00e9l\u00e8bre rappeur marseillais. Zamdane, rappeur \u00e0 l\u2019origine de l\u2019\u00e9v\u00e9nement, est lui aussi mont\u00e9 sur sc\u00e8ne, malgr\u00e9 la pol\u00e9mique li\u00e9e aux accusations d\u2019agressions sexuelles que portent \u00e0 son encontre plusieurs collectifs f\u00e9ministes.<\/p>\n","protected":false},"excerpt":{"rendered":"Un moment de solidarit\u00e9 et de sensibilisation sur le sauvetage en mer, c\u2019\u00e9tait l\u2019ambition du concert organis\u00e9 samedi&hellip;\n","protected":false},"author":2,"featured_media":492613,"comment_status":"","ping_status":"","sticky":false,"template":"","format":"standard","meta":{"footnotes":""},"categories":[2814],"tags":[1111,11,1777,674,1011,27,55940,884,12,882,25],"class_list":{"0":"post-492612","1":"post","2":"type-post","3":"status-publish","4":"format-standard","5":"has-post-thumbnail","7":"category-marseille","8":"tag-actu","9":"tag-actualites","10":"tag-eu","11":"tag-europe","12":"tag-fr","13":"tag-france","14":"tag-le-dome","15":"tag-marseille","16":"tag-news","17":"tag-provence-alpes-cote-dazur","18":"tag-republique-francaise"},"share_on_mastodon":{"url":"https:\/\/pubeurope.com\/@fr\/115444777225250228","error":""},"_links":{"self":[{"href":"https:\/\/www.europesays.com\/fr\/wp-json\/wp\/v2\/posts\/492612","targetHints":{"allow":["GET"]}}],"collection":[{"href":"https:\/\/www.europesays.com\/fr\/wp-json\/wp\/v2\/posts"}],"about":[{"href":"https:\/\/www.europesays.com\/fr\/wp-json\/wp\/v2\/types\/post"}],"author":[{"embeddable":true,"href":"https:\/\/www.europesays.com\/fr\/wp-json\/wp\/v2\/users\/2"}],"replies":[{"embeddable":true,"href":"https:\/\/www.europesays.com\/fr\/wp-json\/wp\/v2\/comments?post=492612"}],"version-history":[{"count":0,"href":"https:\/\/www.europesays.com\/fr\/wp-json\/wp\/v2\/posts\/492612\/revisions"}],"wp:featuredmedia":[{"embeddable":true,"href":"https:\/\/www.europesays.com\/fr\/wp-json\/wp\/v2\/media\/492613"}],"wp:attachment":[{"href":"https:\/\/www.europesays.com\/fr\/wp-json\/wp\/v2\/media?parent=492612"}],"wp:term":[{"taxonomy":"category","embeddable":true,"href":"https:\/\/www.europesays.com\/fr\/wp-json\/wp\/v2\/categories?post=492612"},{"taxonomy":"post_tag","embeddable":true,"href":"https:\/\/www.europesays.com\/fr\/wp-json\/wp\/v2\/tags?post=492612"}],"curies":[{"name":"wp","href":"https:\/\/api.w.org\/{rel}","templated":true}]}}