{"id":492618,"date":"2025-10-27T06:46:26","date_gmt":"2025-10-27T06:46:26","guid":{"rendered":"https:\/\/www.europesays.com\/fr\/492618\/"},"modified":"2025-10-27T06:46:26","modified_gmt":"2025-10-27T06:46:26","slug":"ce-batiment-emblematique-de-lyon-va-t-il-etre-recupere-gratuitement-par-la-mairie-la-justice-va-trancher","status":"publish","type":"post","link":"https:\/\/www.europesays.com\/fr\/492618\/","title":{"rendered":"Ce b\u00e2timent embl\u00e9matique de Lyon va-t-il \u00eatre r\u00e9cup\u00e9r\u00e9 gratuitement par la mairie ? La justice va trancher"},"content":{"rendered":"<p itemprop=\"description\"><strong>Quand on passe en voiture ou \u00e0 pied rue Servient, \u00e0 l&rsquo;angle de l&rsquo;avenue de Saxe, on se demande forc\u00e9ment comment ces b\u00e2timents coinc\u00e9s entre les voies du tramway et l&rsquo;\u00e9glise de l&rsquo;Immacul\u00e9e-Conception ont pu voir le jour, tant ils tranchent avec le reste du quartier.<\/strong><\/p>\n<p>C&rsquo;est une histoire ancestrale, ponctu\u00e9e de relations cordiales entre propri\u00e9taires et municipalit\u00e9, qui semble prendre fin devant la justice, avec ces m\u00eames protagonistes.<\/p>\n<p>D&rsquo;ici quelques jours, le tribunal correctionnel de Lyon doit trancher dans un dossier opposant les propri\u00e9taires du b\u00e2timent lou\u00e9 \u00e0 Fiducial et la mairie \u00e9cologiste.<\/p>\n<p>D\u00e9but septembre, l&rsquo;audience a permis de comprendre ce qu&rsquo;il s&rsquo;est pass\u00e9. En 1910, la Ville de Lyon autorisait le locataire de la parcelle \u00e0 construire un petit immeuble d&rsquo;un \u00e9tage dont il devenait automatiquement propri\u00e9taire. Et depuis, un loyer \u00e9tait syst\u00e9matiquement vers\u00e9 \u00e0 la mairie pour la parcelle situ\u00e9e \u00e0 deux pas de la pr\u00e9fecture du Rh\u00f4ne, tandis que les propri\u00e9taires jouissaient de ceux r\u00e9clam\u00e9s pour le b\u00e2timent.<\/p>\n<p>Sauf qu&rsquo;en 2020, <a href=\"https:\/\/www.lyonmag.com\/profil-personnalite-lyonnaise\/504\/gregory-doucet\" target=\"_blank\" rel=\"noopener\">Gr\u00e9gory Doucet<\/a>, fra\u00eechement \u00e9lu, flaire la bonne affaire. Et d\u00e9cide de ne pas renouveler le bail du terrain, comme c&rsquo;\u00e9tait traditionnellement fait pour des p\u00e9riodes de 10 ans. Mieux, il ne r\u00e9pond pas aux courriers et relances des propri\u00e9taires inquiets. Et en 2021, le contrat prend fin, permettant \u00e0 la Ville de r\u00e9cup\u00e9rer le terrain\u2026 et l&rsquo;immeuble construit dessus.<\/p>\n<p>Furieux, les propri\u00e9taires ont donc tra\u00een\u00e9 l&rsquo;affaire devant les juges, afin d&rsquo;\u00eatre indemnis\u00e9s. Ils r\u00e9clament 1,365 million d&rsquo;euros pour l&rsquo;immeuble que les \u00e9cologistes voulaient obtenir gratuitement.<\/p>\n<p>De son c\u00f4t\u00e9, la Ville de Lyon estime que les propri\u00e9taires ont b\u00e9n\u00e9fici\u00e9 d&rsquo;un syst\u00e8me \u00e0 leur avantage, et que le deal pass\u00e9 en 1910 ne les avait jamais concern\u00e9s. Son avocat a ainsi demand\u00e9 \u00e0 ce que la parcelle et l&rsquo;immeuble reviennent imm\u00e9diatement \u00e0 la municipalit\u00e9, dont on ignore ce qu&rsquo;elle compte en faire.<\/p>\n","protected":false},"excerpt":{"rendered":"Quand on passe en voiture ou \u00e0 pied rue Servient, \u00e0 l&rsquo;angle de l&rsquo;avenue de Saxe, on se&hellip;\n","protected":false},"author":2,"featured_media":492619,"comment_status":"","ping_status":"","sticky":false,"template":"","format":"standard","meta":{"footnotes":""},"categories":[1889],"tags":[1111,11,2813,2190,2430,1109,251,1112,2811,1777,674,118,1011,27,1922,1110,1114,2428,2810,12,241,316,25,2812,517,800],"class_list":{"0":"post-492618","1":"post","2":"type-post","3":"status-publish","4":"format-standard","5":"has-post-thumbnail","7":"category-lyon","8":"tag-actu","9":"tag-actualites","10":"tag-article","11":"tag-asvel","12":"tag-auvergne-rhone-alpes","13":"tag-breves","14":"tag-culture","15":"tag-depeches","16":"tag-economique","17":"tag-eu","18":"tag-europe","19":"tag-faits-divers","20":"tag-fr","21":"tag-france","22":"tag-info","23":"tag-informations","24":"tag-infos","25":"tag-lyon","26":"tag-lyonmag","27":"tag-news","28":"tag-ol","29":"tag-politique","30":"tag-republique-francaise","31":"tag-sociale","32":"tag-sport","33":"tag-transports"},"share_on_mastodon":{"url":"https:\/\/pubeurope.com\/@fr\/115444788956198469","error":""},"_links":{"self":[{"href":"https:\/\/www.europesays.com\/fr\/wp-json\/wp\/v2\/posts\/492618","targetHints":{"allow":["GET"]}}],"collection":[{"href":"https:\/\/www.europesays.com\/fr\/wp-json\/wp\/v2\/posts"}],"about":[{"href":"https:\/\/www.europesays.com\/fr\/wp-json\/wp\/v2\/types\/post"}],"author":[{"embeddable":true,"href":"https:\/\/www.europesays.com\/fr\/wp-json\/wp\/v2\/users\/2"}],"replies":[{"embeddable":true,"href":"https:\/\/www.europesays.com\/fr\/wp-json\/wp\/v2\/comments?post=492618"}],"version-history":[{"count":0,"href":"https:\/\/www.europesays.com\/fr\/wp-json\/wp\/v2\/posts\/492618\/revisions"}],"wp:featuredmedia":[{"embeddable":true,"href":"https:\/\/www.europesays.com\/fr\/wp-json\/wp\/v2\/media\/492619"}],"wp:attachment":[{"href":"https:\/\/www.europesays.com\/fr\/wp-json\/wp\/v2\/media?parent=492618"}],"wp:term":[{"taxonomy":"category","embeddable":true,"href":"https:\/\/www.europesays.com\/fr\/wp-json\/wp\/v2\/categories?post=492618"},{"taxonomy":"post_tag","embeddable":true,"href":"https:\/\/www.europesays.com\/fr\/wp-json\/wp\/v2\/tags?post=492618"}],"curies":[{"name":"wp","href":"https:\/\/api.w.org\/{rel}","templated":true}]}}