{"id":492628,"date":"2025-10-27T06:53:10","date_gmt":"2025-10-27T06:53:10","guid":{"rendered":"https:\/\/www.europesays.com\/fr\/492628\/"},"modified":"2025-10-27T06:53:10","modified_gmt":"2025-10-27T06:53:10","slug":"grosse-galere-entre-toulouse-et-paris-suite-a-une-panne","status":"publish","type":"post","link":"https:\/\/www.europesays.com\/fr\/492628\/","title":{"rendered":"grosse gal\u00e8re entre Toulouse et Paris suite \u00e0 une panne"},"content":{"rendered":"<p>            Par<br \/>\n        <strong><br \/>\n            <a href=\"https:\/\/actu.fr\/auteur\/david-saint-sernin\" title=\"Consulter tous les articles de David Saint-Sernin\" target=\"_blank\" rel=\"noopener\">David Saint-Sernin<\/a><br \/>\n        <\/strong><\/p>\n<p>        Publi\u00e9 le<\/p>\n<p>            27 oct. 2025 \u00e0 7h41        <\/p>\n<p>Grosse gal\u00e8re dans les trains entre<a href=\"https:\/\/actu.fr\/toulouse\/\" target=\"_blank\" rel=\"noopener\"> Toulouse<\/a> et <a href=\"https:\/\/actu.fr\/paris\/\" target=\"_blank\" rel=\"noopener\">Paris<\/a>. Dimanche 26\u00a0octobre 2025, une <strong>panne \u00e9lectrique<\/strong> a provoqu\u00e9 d\u2019\u00e9normes perturbations sur le r\u00e9seau SNCF.<\/p>\n<p class=\" wall-content\">\u00ab\u2009C\u2019est un incident qui a provoqu\u00e9 pr\u00e8s d\u2019une dizaine de suppressions de trains dans le Sud-Ouest\u2009\u00bb, selon la SNCF.<\/p>\n<p>Une \u00ab\u2009Rupture de cat\u00e9naire\u2009\u00bb aux \u00e9normes cons\u00e9quences<\/p>\n<p class=\" wall-content\">\u00ab\u2009Un probl\u00e8me d\u2019alimentation \u00e9lectrique, a priori cons\u00e9cutif \u00e0 une rupture de cat\u00e9naire, est intervenu vers 18h45 entre Cadaujac et Saint-M\u00e9dard-d\u2019Eyrans, deux communes girondines \u00e0 la sortie sud de Bordeaux\u2009\u00bb, a pr\u00e9cis\u00e9 \u00e0 l\u2019AFP une porte-parole de SNCF R\u00e9seau.<\/p>\n<p class=\" wall-content\">Les cons\u00e9quences ont \u00e9t\u00e9 multiples.<\/p>\n<p class=\" wall-content\">Les passagers d\u2019un Intercit\u00e9s en panne entre Bordeaux et Agen ont \u00e9t\u00e9 transbord\u00e9s dimanche soir, vers 23h30, apr\u00e8s avoir \u00e9t\u00e9 bloqu\u00e9s pr\u00e8s de cinq heures sur les voies.<\/p>\n<p class=\" wall-content\">Ils devaient \u00eatre transf\u00e9r\u00e9s dans un autre train et, une fois l\u2019op\u00e9ration termin\u00e9e, des travaux devaient \u00eatre effectu\u00e9s dans la nuit pour permettre une reprise normale du trafic lundi matin, a-t-on appris aupr\u00e8s d\u2019une porte-parole de SNCF Voyageurs.<\/p>\n<p>Vid\u00e9os : en ce moment sur ActuJusqu\u2019\u00e0 9\u00a0heures coinc\u00e9s dans des trains<\/p>\n<p class=\" wall-content\"><strong>En gare Matabiau, \u00e0 Toulous<\/strong>e, ou <strong>coinc\u00e9s dans des train<\/strong>s, des passagers ont partag\u00e9 leur gal\u00e8re sur les r\u00e9seaux sociaux.<\/p>\n<p class=\" wall-content\">\n<p class=\" wall-content\">\n<p>7 TER et 2 TGV annul\u00e9s<\/p>\n<p class=\" wall-content\">Au total, la compagnie ferroviaire a d\u00fb annuler sept TER et deux TGV entre Toulouse et Paris, via Paris, en ce week-end de milieu des vacances de la Toussaint, selon cette m\u00eame source.<\/p>\n<p>Votre r\u00e9gion, votre actu !<\/p>\n<p>Recevez chaque jour les infos qui comptent pour vous.<\/p>\n<p>\t<a href=\"https:\/\/actu.fr\/newsletter\" class=\"ac-btn ac-btn--corner ac-btn--medium ac-btn--blue800\" target=\"_blank\" rel=\"noopener\">S&rsquo;incrire<\/a><\/p>\n<p class=\" wall-content\">Une enqu\u00eate doit d\u00e9terminer l\u2019origine exacte de cette panne.<\/p>\n<p class=\" wall-content\"><strong>(Avec AFP)<\/strong><\/p>\n<p class=\" wall-content\">Personnalisez votre actualit\u00e9 en ajoutant vos villes et m\u00e9dias en favori avec <a href=\"https:\/\/moncompte.actu.fr\" title=\"D\u00e9couvez Mon Actu\" rel=\"nofollow noopener\" data-trk=\"{&quot;cta&quot;:{&quot;action&quot;:&quot;https:\\\/\\\/moncompte.actu.fr&quot;,&quot;category&quot;:&quot;mon compte&quot;,&quot;from&quot;:&quot;article footer&quot;,&quot;name&quot;:&quot;Mon actu&quot;,&quot;type&quot;:&quot;cta&quot;}}\" target=\"_blank\">Mon Actu<\/a>.<\/p>\n","protected":false},"excerpt":{"rendered":"Par David Saint-Sernin Publi\u00e9 le 27 oct. 2025 \u00e0 7h41 Grosse gal\u00e8re dans les trains entre Toulouse et&hellip;\n","protected":false},"author":2,"featured_media":492629,"comment_status":"","ping_status":"","sticky":false,"template":"","format":"standard","meta":{"footnotes":""},"categories":[1888],"tags":[11,1777,674,1011,27,12,10899,626,25,2215,104],"class_list":{"0":"post-492628","1":"post","2":"type-post","3":"status-publish","4":"format-standard","5":"has-post-thumbnail","7":"category-paris","8":"tag-actualites","9":"tag-eu","10":"tag-europe","11":"tag-fr","12":"tag-france","13":"tag-news","14":"tag-panne","15":"tag-paris","16":"tag-republique-francaise","17":"tag-sncf","18":"tag-societe"},"share_on_mastodon":{"url":"https:\/\/pubeurope.com\/@fr\/115444816575697919","error":""},"_links":{"self":[{"href":"https:\/\/www.europesays.com\/fr\/wp-json\/wp\/v2\/posts\/492628","targetHints":{"allow":["GET"]}}],"collection":[{"href":"https:\/\/www.europesays.com\/fr\/wp-json\/wp\/v2\/posts"}],"about":[{"href":"https:\/\/www.europesays.com\/fr\/wp-json\/wp\/v2\/types\/post"}],"author":[{"embeddable":true,"href":"https:\/\/www.europesays.com\/fr\/wp-json\/wp\/v2\/users\/2"}],"replies":[{"embeddable":true,"href":"https:\/\/www.europesays.com\/fr\/wp-json\/wp\/v2\/comments?post=492628"}],"version-history":[{"count":0,"href":"https:\/\/www.europesays.com\/fr\/wp-json\/wp\/v2\/posts\/492628\/revisions"}],"wp:featuredmedia":[{"embeddable":true,"href":"https:\/\/www.europesays.com\/fr\/wp-json\/wp\/v2\/media\/492629"}],"wp:attachment":[{"href":"https:\/\/www.europesays.com\/fr\/wp-json\/wp\/v2\/media?parent=492628"}],"wp:term":[{"taxonomy":"category","embeddable":true,"href":"https:\/\/www.europesays.com\/fr\/wp-json\/wp\/v2\/categories?post=492628"},{"taxonomy":"post_tag","embeddable":true,"href":"https:\/\/www.europesays.com\/fr\/wp-json\/wp\/v2\/tags?post=492628"}],"curies":[{"name":"wp","href":"https:\/\/api.w.org\/{rel}","templated":true}]}}