{"id":492632,"date":"2025-10-27T06:55:18","date_gmt":"2025-10-27T06:55:18","guid":{"rendered":"https:\/\/www.europesays.com\/fr\/492632\/"},"modified":"2025-10-27T06:55:18","modified_gmt":"2025-10-27T06:55:18","slug":"en-direct-guerre-en-ukraine-%e2%88%92-la-russie-affirme-avoir-teste-un-missile-de-croisiere-a-propulsion-nucleaire","status":"publish","type":"post","link":"https:\/\/www.europesays.com\/fr\/492632\/","title":{"rendered":"En direct, guerre en Ukraine \u2212 La Russie affirme avoir test\u00e9 un missile de croisi\u00e8re \u00e0 propulsion nucl\u00e9aire"},"content":{"rendered":"<p>        07:45<\/p>\n<p>      Le gaz russe sera au programme de la visite de Donald Trump au Japon<\/p>\n<p>              <a tabindex=\"-1\" title=\"Le Temps avec l\u2019AFP\" href=\"https:\/\/www.letemps.ch\/profil\/le-temps-avec-l-afp\" target=\"_blank\" rel=\"noopener\"><\/p>\n<p>                    <img decoding=\"async\" src=\"https:\/\/www.europesays.com\/fr\/wp-content\/uploads\/2025\/04\/1744691829_537_small.jpeg\" class=\"lazy\" alt=\"\"\/><\/p>\n<p><\/a>        <\/p>\n<p>Donald Trump est en visite au Japon \u00e0 partir de ce lundi. Il rencontrera l\u2019empereur Naruhito et la premi\u00e8re ministre Sanae Takaichi, en poste depuis \u00e0 peine une semaine, qui a assur\u00e9 vouloir porter \u00e0 \u00abde nouveaux sommets\u00bb la relation nippo-am\u00e9ricaine.<\/p>\n<p>L\u2019automobile et les taxes douani\u00e8res seront au programme de leurs discussions, de m\u00eame que le gaz russe: Washington demande au Japon de cesser ses importations de produits \u00e9nerg\u00e9tiques russes.<\/p>\n<p>En 2023, l\u2019archipel a d\u00e9pens\u00e9 582\u00a0milliards de yens (3,3\u00a0milliards d\u2019euros) pour importer du gaz naturel liqu\u00e9fi\u00e9 (GNL) russe, selon les chiffres nippons. La Russie repr\u00e9sentait alors 8,9% des importations totales de GNL du Japon.<\/p>\n<p>        07:35<\/p>\n<p>      Donald Trump juge \u00abinappropri\u00e9\u00bb l\u2019essai du missile russe \u00e0 propulsion nucl\u00e9aire<\/p>\n<p>              <a tabindex=\"-1\" title=\"Le Temps avec l\u2019AFP\" href=\"https:\/\/www.letemps.ch\/profil\/le-temps-avec-l-afp\" target=\"_blank\" rel=\"noopener\"><\/p>\n<p>                    <img decoding=\"async\" src=\"https:\/\/www.europesays.com\/fr\/wp-content\/uploads\/2025\/04\/1744691829_537_small.jpeg\" class=\"lazy\" alt=\"\"\/><\/p>\n<p><\/a>        <\/p>\n<p>Donald Trump a jug\u00e9 \u00abinappropri\u00e9e\u00bb lundi l\u2019annonce faite la veille par son homologue russe Vladimir Poutine de l\u2019essai final r\u00e9ussi d\u2019un missile de croisi\u00e8re russe \u00e0 propulsion nucl\u00e9aire.<\/p>\n<p>\u00abC\u2019est inappropri\u00e9 de la part de Poutine de dire cela. Il devrait mettre fin \u00e0 la guerre\u00bb, a affirm\u00e9 le pr\u00e9sident am\u00e9ricain. \u00abCette guerre qui devait durer une semaine entrera bient\u00f4t dans sa quatri\u00e8me ann\u00e9e. Voil\u00e0 ce qu\u2019il devrait faire plut\u00f4t que de tester des missiles\u00bb, a-t-il poursuivi lors d\u2019un \u00e9change avec les journalistes \u00e0 bord de l\u2019avion l\u2019emmenant au Japon, au deuxi\u00e8me jour d\u2019une tourn\u00e9e en Asie.<\/p>\n<p>        07:33<\/p>\n<p>      Moscou dit avoir intercept\u00e9 193 drones ukrainiens dans la nuit<\/p>\n<p>              <a tabindex=\"-1\" title=\"Le Temps avec l\u2019AFP\" href=\"https:\/\/www.letemps.ch\/profil\/le-temps-avec-l-afp\" target=\"_blank\" rel=\"noopener\"><\/p>\n<p>                    <img decoding=\"async\" src=\"https:\/\/www.europesays.com\/fr\/wp-content\/uploads\/2025\/04\/1744691829_537_small.jpeg\" class=\"lazy\" alt=\"\"\/><\/p>\n<p><\/a>        <\/p>\n<p>Le minist\u00e8re russe de la D\u00e9fense a annonc\u00e9 lundi matin avoir intercept\u00e9 193 drones ukrainiens dans la nuit. Un chauffeur de minibus a \u00e9t\u00e9 tu\u00e9 et cinq passagers ont \u00e9t\u00e9 bless\u00e9s dans le village de Pogar, a affirm\u00e9 lundi matin sur Telegram Aleksandre Bogomaz, gouverneur de la r\u00e9gion de Briansk, frontali\u00e8re de l\u2019Ukraine.<\/p>\n<p>Parmi les drones d\u00e9compt\u00e9s, 47 ont survol\u00e9 la r\u00e9gion de Briansk et 40 la r\u00e9gion de Moscou, dont la majorit\u00e9 se dirigeait vers la capitale russe, selon le minist\u00e8re de la D\u00e9fense.<\/p>\n<p><strong>A ce sujet, cet article:<\/strong> <a href=\"https:\/\/www.letemps.ch\/monde\/comment-l-ukraine-est-devenue-la-championne-de-la-production-de-drones-armes?srsltid=AfmBOopS5N0PFB3G17OkrYoMfjYbqL_KzSYF7Xj-Okl2BWAb-rdr7z-X\" rel=\"nofollow noopener\" target=\"_blank\">Comment l\u2019Ukraine est devenue la championne de la production de drones arm\u00e9s<\/a><\/p>\n","protected":false},"excerpt":{"rendered":"07:45 Le gaz russe sera au programme de la visite de Donald Trump au Japon Donald Trump est&hellip;\n","protected":false},"author":2,"featured_media":492633,"comment_status":"","ping_status":"","sticky":false,"template":"","format":"standard","meta":{"footnotes":""},"categories":[1590],"tags":[11,1777,674,4438,12,132,220],"class_list":{"0":"post-492632","1":"post","2":"type-post","3":"status-publish","4":"format-standard","5":"has-post-thumbnail","7":"category-ukraine","8":"tag-actualites","9":"tag-eu","10":"tag-europe","11":"tag-free","12":"tag-news","13":"tag-russie","14":"tag-ukraine"},"share_on_mastodon":{"url":"https:\/\/pubeurope.com\/@fr\/115444827166555632","error":""},"_links":{"self":[{"href":"https:\/\/www.europesays.com\/fr\/wp-json\/wp\/v2\/posts\/492632","targetHints":{"allow":["GET"]}}],"collection":[{"href":"https:\/\/www.europesays.com\/fr\/wp-json\/wp\/v2\/posts"}],"about":[{"href":"https:\/\/www.europesays.com\/fr\/wp-json\/wp\/v2\/types\/post"}],"author":[{"embeddable":true,"href":"https:\/\/www.europesays.com\/fr\/wp-json\/wp\/v2\/users\/2"}],"replies":[{"embeddable":true,"href":"https:\/\/www.europesays.com\/fr\/wp-json\/wp\/v2\/comments?post=492632"}],"version-history":[{"count":0,"href":"https:\/\/www.europesays.com\/fr\/wp-json\/wp\/v2\/posts\/492632\/revisions"}],"wp:featuredmedia":[{"embeddable":true,"href":"https:\/\/www.europesays.com\/fr\/wp-json\/wp\/v2\/media\/492633"}],"wp:attachment":[{"href":"https:\/\/www.europesays.com\/fr\/wp-json\/wp\/v2\/media?parent=492632"}],"wp:term":[{"taxonomy":"category","embeddable":true,"href":"https:\/\/www.europesays.com\/fr\/wp-json\/wp\/v2\/categories?post=492632"},{"taxonomy":"post_tag","embeddable":true,"href":"https:\/\/www.europesays.com\/fr\/wp-json\/wp\/v2\/tags?post=492632"}],"curies":[{"name":"wp","href":"https:\/\/api.w.org\/{rel}","templated":true}]}}