{"id":492634,"date":"2025-10-27T06:56:20","date_gmt":"2025-10-27T06:56:20","guid":{"rendered":"https:\/\/www.europesays.com\/fr\/492634\/"},"modified":"2025-10-27T06:56:20","modified_gmt":"2025-10-27T06:56:20","slug":"apres-setre-fait-un-nom-aux-etats-unis-le-boxeur-bastien-martinez-continue-de-grimper-les-echelons","status":"publish","type":"post","link":"https:\/\/www.europesays.com\/fr\/492634\/","title":{"rendered":"apr\u00e8s s\u2019\u00eatre fait un nom aux \u00c9tats-Unis, le boxeur Bastien Martinez continue de grimper les \u00e9chelons"},"content":{"rendered":"<p>            Par<br \/>\n        <strong><br \/>\n            <a href=\"https:\/\/actu.fr\/auteur\/paul-varenguin02-actu-fr\" title=\"Consulter tous les articles de Paul Varenguin\" target=\"_blank\" rel=\"noopener\">Paul Varenguin<\/a><br \/>\n        <\/strong><\/p>\n<p>        Publi\u00e9 le<\/p>\n<p>            27 oct. 2025 \u00e0 7h28        <\/p>\n<p>Un peu comme pour\u00a0<a href=\"https:\/\/actu.fr\/normandie\/deauville_14220\/deauville-1997-harrison-ford-toujours-aussi-fidele-et-sylvester-stallone-en-invite-surprise_60771779.html\" target=\"_blank\" rel=\"noopener\">Rocky<\/a>, on suit <b>ses aventures par \u00e9pisodes<\/b>. Enfant de la r\u00e9gion de <a href=\"https:\/\/actu.fr\/ile-de-france\/melun_77288\" target=\"_blank\" rel=\"noopener\">Melun<\/a> (<a href=\"https:\/\/actu.fr\/ile-de-france\/seine-et-marne_77\" target=\"_blank\" rel=\"noopener\">Seine-et-Marne<\/a>), o\u00f9 il a <b>en partie fait ses armes<\/b> (ou ses poings\u2026) avant de se perfectionner aux <a href=\"https:\/\/actu.fr\/tag\/etats-unis\" target=\"_blank\" rel=\"noopener\">\u00c9tats-Unis<\/a>, <a href=\"https:\/\/actu.fr\/ile-de-france\/melun_77288\/seine-et-marne-entre-new-york-et-melun-bastien-martinez-est-en-passe-de-devenir-boxeur-pro_60916324.html\" target=\"_blank\" rel=\"noopener\">Bastien Martinez<\/a> est <b>de retour en France depuis la fin du mois de septembre 2025<\/b>. Le champion de France universitaire 2017 raconte son <b>\u00e9volution<\/b>, et ses <b>projets<\/b>.<\/p>\n<p>L\u2019Am\u00e9rique\u2026<\/p>\n<p class=\" wall-content\">L\u2019aventure de la boxe a commenc\u00e9 alors qu\u2019<b>il \u00e9tait adolescent<\/b>, \u00e0 une \u00e9poque o\u00f9 celui qui n\u2019\u00e9tait qu\u2019un lyc\u00e9en voulait <b>apprendre \u00e0 se battre<\/b>. Un <a href=\"https:\/\/actu.fr\/tag\/baccalaureat\" target=\"_blank\" rel=\"noopener\">bac<\/a> scientifique en poche, il <b>se donne davantage dans ce sport<\/b>, qui le change du tout au tout. \u00ab J\u2019ai vu que je n\u2019\u00e9tais <b>pas si mauvais que \u00e7a<\/b>. \u00c7a m\u2019a <b>responsabilis\u00e9<\/b>, parce que je savais que si je n\u2019avais pas mon bac, mes parents ne me laisseraient pas faire de la boxe. Je me suis donc mis \u00e0<b> travailler \u00e0 l\u2019\u00e9cole, et \u00e7a a chang\u00e9 ma vie<\/b>. C\u2019est un <b>sport incroyable<\/b> o\u00f9 la technique prime sur tout \u00bb, d\u00e9veloppe-t-il.<\/p>\n<p class=\" wall-content\">Pour l\u2019accompagner, il a un <b>entra\u00eeneur exigeant,<\/b> qu\u2019il ne parviendra pas \u00e0 remplacer plus tard. \u00ab Apr\u00e8s, <b>je n\u2019ai pas retrouv\u00e9 quelqu\u2019un d\u2019aussi impliqu\u00e9<\/b>. Et je crois que cela me correspondait, je suis quelqu\u2019un d\u2019introverti, et il \u00e9tait hors de question d\u2019arr\u00eater la boxe \u00bb, continue-t-il.<\/p>\n<p class=\" wall-content\">Il commence alors \u00e0 s\u2019entra\u00eener seul. <b>Pas toujours simple<\/b>, parfois risqu\u00e9, mais \u00e7a semble payer. Il continue sur cette lanc\u00e9e une fois arriv\u00e9 aux \u00c9tats-Unis, <b>o\u00f9 il part \u00e0 l\u2019automne 2022<\/b>, avec l\u2019appui du programme Boxing Culture. Il y reste trois ans. \u00ab Au d\u00e9but, <b>c\u2019\u00e9tait<\/b> <b>dur<\/b>, on se retrouve seul, et en plus, <b>je ne parlais anglais<\/b> (rires). Ce n\u2019est pas facile, mais \u00e7a construit \u00bb, r\u00e9sume le jeune homme.<\/p>\n<p class=\" wall-content\">Entra\u00eenement apr\u00e8s entra\u00eenement, il monte. Combat apr\u00e8s combat, il se fait un nom. \u00ab <b>Il faut en faire dix fois plus<\/b>, New York, c\u2019est quand m\u00eame la capitale de la boxe \u00bb, reconna\u00eet-il.<\/p>\n<p class=\" wall-content\">Sebastian Mazeneth, Koby Khalil WIlliams, Saidou Jalloh\u2026 il combat des boxeurs connus outre-Atlantique, notamment sur les rings de <b>Madison<\/b> <b>Square<\/b> <b>Garden<\/b>. Il a aussi pu s\u2019entra\u00eener avec Gervonta Davis, champion du monde poids super-plumes en 2017. Bastien Martinez remporte le <b>titre de champion de New York<\/b>, et a particip\u00e9 \u00e0 une finale des Golden Gloves. Pas rien. \u00ab Avec le recul, c\u2019est\u00a0ouf tout \u00e7a. Dire que j\u2019\u00e9tais un peu le SDF de la boxe\u2026 \u00bb, r\u00e9agit-il.<\/p>\n<p>Des projets \u00e0 mener<\/p>\n<p class=\" wall-content\">Dans ses valises, Bastien Martinez, d\u00e9sormais pro, a aussi rapport\u00e9 une <b>petite notori\u00e9t\u00e9<\/b>, des projets, et des envies. \u00ab Je n\u2019en <b>retire que du positif<\/b>, \u00e7a m\u2019a donn\u00e9 un <b>certain rythme<\/b>, je ne m\u2019arr\u00eatais jamais, et je veux garder cette dynamique \u00bb, se souvient-il.<\/p>\n<p>Votre r\u00e9gion, votre actu !<\/p>\n<p>Recevez chaque jour les infos qui comptent pour vous.<\/p>\n<p>\t<a href=\"https:\/\/actu.fr\/newsletter\" class=\"ac-btn ac-btn--corner ac-btn--medium ac-btn--blue800\" target=\"_blank\" rel=\"noopener\">S&rsquo;incrire<\/a><\/p>\n<p class=\" wall-content\">Aujourd\u2019hui \u00e2g\u00e9 de <b>27 ans<\/b>, il met d\u00e9sormais l\u2019accent sur <b>l\u2019entra\u00eenement<\/b>, qu\u2019il suit quotidiennement, et <b>compte bien lancer son activit\u00e9 de coaching<\/b>, et s\u2019adresser \u00e0 tout le monde, pas seulement aux boxeurs. D\u2019ailleurs, il avait commenc\u00e9 \u00e0 donner des cours aux \u00c9tats-Unis, et il <b>entra\u00eene d\u00e9j\u00e0 un peu dans le XVIe arrondissement de Paris<\/b>, et compte <b>cr\u00e9er sa salle de sport<\/b> dans la capitale.<\/p>\n<p>Bastien Martinez est \u00e0 la recherche de sponsors. Vous pouvez le contacter\u00a0sur\u00a0Instagram \u00e0 @Thespicymartinez_.<\/p>\n<p class=\" wall-content\">Personnalisez votre actualit\u00e9 en ajoutant vos villes et m\u00e9dias en favori avec <a href=\"https:\/\/moncompte.actu.fr\" title=\"D\u00e9couvez Mon Actu\" rel=\"nofollow noopener\" data-trk=\"{&quot;cta&quot;:{&quot;action&quot;:&quot;https:\\\/\\\/moncompte.actu.fr&quot;,&quot;category&quot;:&quot;mon compte&quot;,&quot;from&quot;:&quot;article footer&quot;,&quot;name&quot;:&quot;Mon actu&quot;,&quot;type&quot;:&quot;cta&quot;}}\" target=\"_blank\">Mon Actu<\/a>.<\/p>\n","protected":false},"excerpt":{"rendered":"Par Paul Varenguin Publi\u00e9 le 27 oct. 2025 \u00e0 7h28 Un peu comme pour\u00a0Rocky, on suit ses aventures&hellip;\n","protected":false},"author":2,"featured_media":492635,"comment_status":"","ping_status":"","sticky":false,"template":"","format":"standard","meta":{"footnotes":""},"categories":[1589],"tags":[11,73,1866,12,9026,104,1864,1865,1863,308],"class_list":{"0":"post-492634","1":"post","2":"type-post","3":"status-publish","4":"format-standard","5":"has-post-thumbnail","7":"category-etats-unis","8":"tag-actualites","9":"tag-etats-unis","10":"tag-etats-unis-damerique","11":"tag-news","12":"tag-portrait","13":"tag-societe","14":"tag-united-states","15":"tag-united-states-of-america","16":"tag-us","17":"tag-usa"},"share_on_mastodon":{"url":"https:\/\/pubeurope.com\/@fr\/115444828558620956","error":""},"_links":{"self":[{"href":"https:\/\/www.europesays.com\/fr\/wp-json\/wp\/v2\/posts\/492634","targetHints":{"allow":["GET"]}}],"collection":[{"href":"https:\/\/www.europesays.com\/fr\/wp-json\/wp\/v2\/posts"}],"about":[{"href":"https:\/\/www.europesays.com\/fr\/wp-json\/wp\/v2\/types\/post"}],"author":[{"embeddable":true,"href":"https:\/\/www.europesays.com\/fr\/wp-json\/wp\/v2\/users\/2"}],"replies":[{"embeddable":true,"href":"https:\/\/www.europesays.com\/fr\/wp-json\/wp\/v2\/comments?post=492634"}],"version-history":[{"count":0,"href":"https:\/\/www.europesays.com\/fr\/wp-json\/wp\/v2\/posts\/492634\/revisions"}],"wp:featuredmedia":[{"embeddable":true,"href":"https:\/\/www.europesays.com\/fr\/wp-json\/wp\/v2\/media\/492635"}],"wp:attachment":[{"href":"https:\/\/www.europesays.com\/fr\/wp-json\/wp\/v2\/media?parent=492634"}],"wp:term":[{"taxonomy":"category","embeddable":true,"href":"https:\/\/www.europesays.com\/fr\/wp-json\/wp\/v2\/categories?post=492634"},{"taxonomy":"post_tag","embeddable":true,"href":"https:\/\/www.europesays.com\/fr\/wp-json\/wp\/v2\/tags?post=492634"}],"curies":[{"name":"wp","href":"https:\/\/api.w.org\/{rel}","templated":true}]}}