{"id":492645,"date":"2025-10-27T07:08:16","date_gmt":"2025-10-27T07:08:16","guid":{"rendered":"https:\/\/www.europesays.com\/fr\/492645\/"},"modified":"2025-10-27T07:08:16","modified_gmt":"2025-10-27T07:08:16","slug":"retraite-la-suspension-de-la-reforme-va-t-elle-vous-couter-plus-cher-en-2026-et-2027-ces-montants-qui-inquietent-les-finances-publiques","status":"publish","type":"post","link":"https:\/\/www.europesays.com\/fr\/492645\/","title":{"rendered":"Retraite : la suspension de la r\u00e9forme va-t-elle vous co\u00fbter plus cher en 2026 et 2027 ? Ces montants qui inqui\u00e8tent les finances publiques"},"content":{"rendered":"<p>Alors que les feuilles d&rsquo;automne jonchent les trottoirs hexagonaux, une annonce gouvernementale vient s\u00e9rieusement chambouler la s\u00e9r\u00e9nit\u00e9 des discussions entre amis \u00e0 la terrasse d&rsquo;un caf\u00e9. La suspension \u2013 encore \u00e0 confirmer par le Parlement \u2013 de la r\u00e9forme des retraites de 2023, r\u00e9v\u00e9l\u00e9e tout r\u00e9cemment, fait frissonner les milieux financiers et s\u00e8me le doute dans l&rsquo;esprit des Fran\u00e7ais. Au menu de l&rsquo;automne 2025, il y a bien plus que la grisaille ou la recherche du parfait gratin de saison : c&rsquo;est la <strong>question cruciale de notre avenir \u00e0 la retraite<\/strong>, et surtout\u2026 de la facture \u00e0 payer d\u00e8s 2026 et 2027. Que se cache-t-il vraiment derri\u00e8re cette pause ? Les portefeuilles doivent-ils se pr\u00e9parer \u00e0 une mauvaise surprise ?<\/p>\n<p>Ce que cache la suspension de la r\u00e9forme : comprendre l&rsquo;impact sur la facture des retraites<\/p>\n<p>Ce n&rsquo;est pas qu&rsquo;une simple parenth\u00e8se dans la saga des r\u00e9formes. Geler la hausse de l&rsquo;\u00e2ge l\u00e9gal et la dur\u00e9e de cotisation jusqu&rsquo;en janvier 2028, comme annonc\u00e9 le 14 octobre 2025, bouleverse de fa\u00e7on <strong>tangible l&rsquo;\u00e9quilibre des comptes sociaux<\/strong>.<\/p>\n<p>Pourquoi ? Tr\u00e8s concr\u00e8tement, cet arr\u00eat temporaire permet \u00e0 certaines classes d&rsquo;\u00e2ge de partir \u00e0 la retraite plus t\u00f4t que pr\u00e9vu. C&rsquo;est <strong>un trimestre de pension suppl\u00e9mentaire \u00e0 verser<\/strong> et, bien s\u00fbr, un trimestre de cotisations en moins pour les caisses. Une dynamique qui, si elle para\u00eet b\u00e9n\u00e9fique \u00e0 premi\u00e8re vue pour les futurs retrait\u00e9s, p\u00e8se lourd dans la comptabilit\u00e9 de la S\u00e9curit\u00e9 sociale.<\/p>\n<p>Et la note commence \u00e0 s&rsquo;afficher : les premi\u00e8res estimations officielles, publi\u00e9es mais encore susceptibles d&rsquo;\u00eatre ajust\u00e9es, font \u00e9tat d&rsquo;une charge brute suppl\u00e9mentaire de <strong>400 millions d&rsquo;euros en 2026<\/strong> puis d&rsquo;<strong>1,8 milliard d&rsquo;euros en 2027<\/strong>. Des montants qui donnent d\u00e9j\u00e0 le vertige.<\/p>\n<p>Des sommes vertigineuses en jeu : comment 400 millions et 1,8 milliard bouleversent la donne<\/p>\n<p>Au-del\u00e0 des chiffres, ce sont bien la structure et la stabilit\u00e9 des finances publiques qui sont en jeu. L&rsquo;\u00c9tat, d\u00e9j\u00e0 sous la loupe des observateurs europ\u00e9ens pour sa gestion budg\u00e9taire, doit d\u00e9sormais jongler avec cette facture inattendue.<\/p>\n<p>Les montants annonc\u00e9s : o\u00f9 et comment seront-ils d\u00e9pens\u00e9s ?<\/p>\n<p>Le tableau est limpide : ces <strong>centaines de millions puis milliards<\/strong> couvrent principalement deux postes. D&rsquo;une part, ils servent \u00e0 verser des pensions \u00e0 des retrait\u00e9s partis plus t\u00f4t que ne l&rsquo;aurait permis la trajectoire pr\u00e9c\u00e9dente. D&rsquo;autre part, moins de cotisations sociales sont collect\u00e9es, puisque les seniors concern\u00e9s passent moins de temps au travail sur la p\u00e9riode gel\u00e9e.<\/p>\n<tr>\nAnn\u00e9e<br \/>\nSurco\u00fbt pour l&rsquo;\u00c9tat<br \/>\nRaisons principales<br \/>\n<\/tr>\n<tr>\n<td>2026<\/td>\n<td>\u2248 0,4 Md\u20ac<\/td>\n<td>\n<ul>\n<li>D\u00e9parts avanc\u00e9s en retraite<\/li>\n<li>Pensions vers\u00e9es en plus<\/li>\n<\/ul>\n<\/td>\n<\/tr>\n<tr>\n<td>2027<\/td>\n<td>\u2248 1,8 Md\u20ac<\/td>\n<td>\n<ul>\n<li>Moins de cotisations per\u00e7ues<\/li>\n<li>Augmentation des prestations<\/li>\n<\/ul>\n<\/td>\n<\/tr>\n<p> Ce que ces milliards disent de la sant\u00e9 de nos finances publiques<\/p>\n<p>Certes, \u00e0 l&rsquo;\u00e9chelle de l&rsquo;\u00c9tat, le choc para\u00eet modeste : en 2026, la charge suppl\u00e9mentaire reste inf\u00e9rieure au milliard, mais d\u00e8s 2027, le cap du milliard franchi rappelle qu&rsquo;aucune ressource n&rsquo;est in\u00e9puisable. Ces sommes, pour le r\u00e9gime g\u00e9n\u00e9ral et les r\u00e9gimes align\u00e9s, risquent de <strong>compliquer s\u00e9rieusement la mission de retour \u00e0 l&rsquo;\u00e9quilibre<\/strong> de la S\u00e9curit\u00e9 sociale. Autant dire que le moindre euro compte\u2026 et que cette pause n&rsquo;est pas une simple parenth\u00e8se comptable.<\/p>\n<p>G\u00e9n\u00e9rations concern\u00e9es et sc\u00e9narios d&rsquo;avenir : qui paiera vraiment la note ?<\/p>\n<p>Qui va trinquer ? Et quels seront les visages \u2013 actifs, nouveaux retrait\u00e9s ou g\u00e9n\u00e9rations futures \u2013 sur qui p\u00e8sera la \u00ab pause \u00bb d\u00e9cid\u00e9e ?<\/p>\n<p>Zoom sur les actifs et les futurs retrait\u00e9s : le co\u00fbt pour chacun<\/p>\n<p>Les personnes n\u00e9es dans les ann\u00e9es 60 et d\u00e9but 70, arrivant tout juste \u00e0 l&rsquo;\u00e2ge de la retraite ou aux portes de la cessation d&rsquo;activit\u00e9, sont <strong>directement concern\u00e9es<\/strong>. Elles \u00e9chappent, le temps du gel, \u00e0 quelques mois de travail suppl\u00e9mentaires pr\u00e9vus. C\u00f4t\u00e9 actif, cette d\u00e9cision peut aussi \u00eatre vue comme un soutien inattendu pour certains seniors us\u00e9s par une carri\u00e8re \u00e9prouvante.<\/p>\n<p>Mais pour l&rsquo;ensemble de la population, cette avance des paiements de pensions p\u00e8se sur la collectivit\u00e9 et soul\u00e8ve une interrogation majeure : les futures g\u00e9n\u00e9rations de cotisants devront-elles compenser ce d\u00e9ficit ? La question reste ouverte.<\/p>\n<p> Les diff\u00e9rents sc\u00e9narios possibles si la suspension devient durable<\/p>\n<p>Si la mesure devait se prolonger au-del\u00e0 de janvier 2028, l&rsquo;enveloppe grossirait in\u00e9vitablement. Mais attention, il s&rsquo;agit de projections : l&rsquo;\u00e9volution d\u00e9pendra, entre autres, du <strong>taux effectif de d\u00e9parts anticip\u00e9s<\/strong>, de la vitalit\u00e9 du march\u00e9 de l&#8217;emploi senior et des ajustements pr\u00e9vus par le futur gouvernement. \u00c0 ce jour, l&rsquo;\u00c9tat n&rsquo;envisage la suspension que comme temporaire. La vigilance reste donc de mise.<\/p>\n<p>La parole aux experts et aux citoyens : inqui\u00e9tudes et espoirs autour du futur des retraites<\/p>\n<p>Cet automne, la France bruisse d&rsquo;inqui\u00e9tudes \u2013 mais aussi d&rsquo;espoirs \u2013 quant \u00e0 la suite. Si la suspension doit encore \u00eatre soumise au vote, son impact commence d\u00e9j\u00e0 \u00e0 diviser.<\/p>\n<p>Les \u00e9conomistes tirent la sonnette d&rsquo;alarme : t\u00e9moignages et analyses<\/p>\n<p>Le spectre d&rsquo;un d\u00e9ficit structurel n&rsquo;a rien de th\u00e9orique : chacun se demande comment absorber un tel co\u00fbt sans affecter, \u00e0 terme, la qualit\u00e9 et le montant des pensions. <strong>Modestes pour l&rsquo;instant, ces chiffres peuvent peser lourd si la situation venait \u00e0 durer<\/strong>.<\/p>\n<p>Les Fran\u00e7ais face \u00e0 la r\u00e9forme : entre incertitude, inqui\u00e9tude et attentes<\/p>\n<p>Dans les bistrots ou \u00e0 la sortie du march\u00e9, le ton oscille entre soulagement \u2013 pour ceux qui approchent de la retraite \u2013 et crainte diffuse, notamment chez les jeunes actifs inquiets de voir leur tour venir sans garantie de r\u00e9gime p\u00e9renne. <a href=\"https:\/\/journaldesseniors.20minutes.fr\/argent\/comment-font-les-francais-pour-se-preparer-a-une-retraite-moins-confortable\/\" target=\"_blank\" rel=\"noopener\">L&rsquo;avenir des retraites<\/a> passionne, inqui\u00e8te, anime les discussions\u2026 mais la certitude n&rsquo;est pas encore au rendez-vous.<\/p>\n<p> Faut-il s&rsquo;inqui\u00e9ter pour 2026 et 2027 ? Ce qu&rsquo;il faut retenir sur l&rsquo;avenir de la retraite et des finances publiques<\/p>\n<p>L&rsquo;\u00e2ge l\u00e9gal fig\u00e9 \u00e0 62 ans et 9 mois jusqu&rsquo;en janvier 2028, la dur\u00e9e de cotisation maintenue \u00e0 170 trimestres : l&rsquo;annonce de la suspension offre une <strong>parenth\u00e8se aux g\u00e9n\u00e9rations les plus proches de la retraite<\/strong>, mais ce r\u00e9pit a un co\u00fbt.<\/p>\n<p> Les principaux enseignements \u00e0 retenir sur le co\u00fbt de la suspension<\/p>\n<p>Le constat est limpide : <strong>la France devra supporter une charge brute proche de 400 millions d&rsquo;euros en 2026, puis grimpant \u00e0 1,8 milliard en 2027<\/strong>, selon les estimations officielles, sous r\u00e9serve d&rsquo;ajustements au fil des d\u00e9bats parlementaires. Ces sommes s&rsquo;additionnent \u00e0 d&rsquo;autres ajustements distincts, comme le gel ou la sous-indexation des pensions de base \u2013 des mesures s\u00e9par\u00e9es qui, elles, devraient g\u00e9n\u00e9rer pr\u00e8s de 3,8 milliards d&rsquo;euros d&rsquo;\u00e9conomies en 2027.<\/p>\n<p> Les pistes \u00e9voqu\u00e9es pour \u00e9viter une d\u00e9rive des finances et rassurer les Fran\u00e7ais<\/p>\n<p>Pour contenir tout d\u00e9rapage, plusieurs sc\u00e9narios sont \u00e0 l&rsquo;\u00e9tude pour compenser la suspension : <strong>nouvelles \u00e9conomies ailleurs, reprise des hausses apr\u00e8s 2028<\/strong>, et dialogue renforc\u00e9 pour retrouver un \u00e9quilibre durable. La vigilance reste de rigueur, avec la certitude que l&rsquo;\u00e9quation des retraites, en France, ne fait que commencer \u00e0 se complexifier pour les ann\u00e9es \u00e0 venir.<\/p>\n<p>\u00c0 la veille de l&rsquo;hiver, alors que les d\u00e9bats sur la r\u00e9forme risquent de se prolonger aussi longtemps que les ind\u00e9cisions m\u00e9t\u00e9orologiques au mois de novembre, une chose demeure certaine : la pause d\u00e9cid\u00e9e ne sera pas neutre pour l&rsquo;avenir des finances publiques, et chaque euro vers\u00e9 ou \u00e9conomis\u00e9 aujourd&rsquo;hui p\u00e8sera dans les comptes de demain. Un dossier crucial qui continuera d&rsquo;alimenter les discussions citoyennes dans les mois \u00e0 venir.<\/p>\n","protected":false},"excerpt":{"rendered":"Alors que les feuilles d&rsquo;automne jonchent les trottoirs hexagonaux, une annonce gouvernementale vient s\u00e9rieusement chambouler la s\u00e9r\u00e9nit\u00e9 des&hellip;\n","protected":false},"author":2,"featured_media":492646,"comment_status":"","ping_status":"","sticky":false,"template":"","format":"standard","meta":{"footnotes":""},"categories":[2],"tags":[11,1011,27,12,56,25],"class_list":{"0":"post-492645","1":"post","2":"type-post","3":"status-publish","4":"format-standard","5":"has-post-thumbnail","7":"category-actualites","8":"tag-actualites","9":"tag-fr","10":"tag-france","11":"tag-news","12":"tag-push","13":"tag-republique-francaise"},"share_on_mastodon":{"url":"https:\/\/pubeurope.com\/@fr\/115444875578520820","error":""},"_links":{"self":[{"href":"https:\/\/www.europesays.com\/fr\/wp-json\/wp\/v2\/posts\/492645","targetHints":{"allow":["GET"]}}],"collection":[{"href":"https:\/\/www.europesays.com\/fr\/wp-json\/wp\/v2\/posts"}],"about":[{"href":"https:\/\/www.europesays.com\/fr\/wp-json\/wp\/v2\/types\/post"}],"author":[{"embeddable":true,"href":"https:\/\/www.europesays.com\/fr\/wp-json\/wp\/v2\/users\/2"}],"replies":[{"embeddable":true,"href":"https:\/\/www.europesays.com\/fr\/wp-json\/wp\/v2\/comments?post=492645"}],"version-history":[{"count":0,"href":"https:\/\/www.europesays.com\/fr\/wp-json\/wp\/v2\/posts\/492645\/revisions"}],"wp:featuredmedia":[{"embeddable":true,"href":"https:\/\/www.europesays.com\/fr\/wp-json\/wp\/v2\/media\/492646"}],"wp:attachment":[{"href":"https:\/\/www.europesays.com\/fr\/wp-json\/wp\/v2\/media?parent=492645"}],"wp:term":[{"taxonomy":"category","embeddable":true,"href":"https:\/\/www.europesays.com\/fr\/wp-json\/wp\/v2\/categories?post=492645"},{"taxonomy":"post_tag","embeddable":true,"href":"https:\/\/www.europesays.com\/fr\/wp-json\/wp\/v2\/tags?post=492645"}],"curies":[{"name":"wp","href":"https:\/\/api.w.org\/{rel}","templated":true}]}}