{"id":492652,"date":"2025-10-27T07:13:14","date_gmt":"2025-10-27T07:13:14","guid":{"rendered":"https:\/\/www.europesays.com\/fr\/492652\/"},"modified":"2025-10-27T07:13:14","modified_gmt":"2025-10-27T07:13:14","slug":"on-avait-tous-les-deux-envie-dy-croire","status":"publish","type":"post","link":"https:\/\/www.europesays.com\/fr\/492652\/","title":{"rendered":"\u00ab\u00a0On avait tous les deux envie d&rsquo;y croire\u00a0\u00bb"},"content":{"rendered":"\n<p>\n            Rolex Paris Masters,\n        <\/p>\n<p>\n            Entretien\n        <\/p>\n<p> abonn\u00e9<\/p>\n<p>Arthur Rinderknech et Lucas Pouille se livrent sur leur collaboration fructueuse depuis juin\u00a0: \u00ab\u00a0On avait tous les deux envie d&rsquo;y croire\u00a0\u00bb<\/p>\n<p>Arthur Rinderknech, qui entre en lice ce lundi au Rolex Paris Masters, et Lucas Pouille, l&rsquo;ancien num\u00e9ro 10 mondial op\u00e9r\u00e9 en d\u00e9but d&rsquo;ann\u00e9e et en convalescence depuis, racontent les dessous de leur association. Et comment elle a permis au premier d&rsquo;obtenir, \u00e0 30\u00a0ans, les meilleurs r\u00e9sultats de sa carri\u00e8re.<\/p>\n","protected":false},"excerpt":{"rendered":"Rolex Paris Masters, Entretien abonn\u00e9 Arthur Rinderknech et Lucas Pouille se livrent sur leur collaboration fructueuse depuis juin\u00a0:&hellip;\n","protected":false},"author":2,"featured_media":492653,"comment_status":"","ping_status":"","sticky":false,"template":"","format":"standard","meta":{"footnotes":""},"categories":[1415],"tags":[1011,27,60,1467],"class_list":{"0":"post-492652","1":"post","2":"type-post","3":"status-publish","4":"format-standard","5":"has-post-thumbnail","7":"category-tennis","8":"tag-fr","9":"tag-france","10":"tag-sports","11":"tag-tennis"},"share_on_mastodon":{"url":"https:\/\/pubeurope.com\/@fr\/115444895127461870","error":""},"_links":{"self":[{"href":"https:\/\/www.europesays.com\/fr\/wp-json\/wp\/v2\/posts\/492652","targetHints":{"allow":["GET"]}}],"collection":[{"href":"https:\/\/www.europesays.com\/fr\/wp-json\/wp\/v2\/posts"}],"about":[{"href":"https:\/\/www.europesays.com\/fr\/wp-json\/wp\/v2\/types\/post"}],"author":[{"embeddable":true,"href":"https:\/\/www.europesays.com\/fr\/wp-json\/wp\/v2\/users\/2"}],"replies":[{"embeddable":true,"href":"https:\/\/www.europesays.com\/fr\/wp-json\/wp\/v2\/comments?post=492652"}],"version-history":[{"count":0,"href":"https:\/\/www.europesays.com\/fr\/wp-json\/wp\/v2\/posts\/492652\/revisions"}],"wp:featuredmedia":[{"embeddable":true,"href":"https:\/\/www.europesays.com\/fr\/wp-json\/wp\/v2\/media\/492653"}],"wp:attachment":[{"href":"https:\/\/www.europesays.com\/fr\/wp-json\/wp\/v2\/media?parent=492652"}],"wp:term":[{"taxonomy":"category","embeddable":true,"href":"https:\/\/www.europesays.com\/fr\/wp-json\/wp\/v2\/categories?post=492652"},{"taxonomy":"post_tag","embeddable":true,"href":"https:\/\/www.europesays.com\/fr\/wp-json\/wp\/v2\/tags?post=492652"}],"curies":[{"name":"wp","href":"https:\/\/api.w.org\/{rel}","templated":true}]}}