{"id":492654,"date":"2025-10-27T07:17:12","date_gmt":"2025-10-27T07:17:12","guid":{"rendered":"https:\/\/www.europesays.com\/fr\/492654\/"},"modified":"2025-10-27T07:17:12","modified_gmt":"2025-10-27T07:17:12","slug":"transfert-recap-du-mercato-hommes-2025-2026-toutes-les-infos-cyclismactu","status":"publish","type":"post","link":"https:\/\/www.europesays.com\/fr\/492654\/","title":{"rendered":"Transfert: R\u00e9cap\u2019 du Mercato Hommes 2025-2026&#8230; toutes les infos ! &#8211; Cyclism&#039;Actu"},"content":{"rendered":"<ol>\n<li><a href=\"https:\/\/news.google.com\/rss\/articles\/CBMitgFBVV95cUxNY3Vjdjg5cmthTmdJTUo3OGRraklnd3ZqQ3BONFROUE1icjlFcE1rMGNXRWVLY3JUZ1ZBR29xMy1WNXE0YjlEU1I5MlVjU0dva1BKX0F5ekxIbW5WQUFic1l4TGpZMFhjRW1yckZ5ZnREWTRfU19mQ0IxS0dJZmxabENPU2F0NEVDVU5LSTJVb3QwZEdHOWRzMnQwY0VzZkxheHZhR3o3NGt6dG03S1BWSDJVLWNkQdIBtgFBVV95cUxPZ2FiLWhQQW4wWm13d2dFeFp2dnNjNmJ3aFZmeVlXZnpJX1RoTWpkcHh3dWxsSzJySkVsMmNmeWRfbnh6Yl9oOVZmWG92M19qRkwwQjZ2SjJjNE9QNmI4WDFXbU9tT2d2NjVVdUFPOEVCTHI1V0o4TlRTd2FQYzNNcy1QZ1c5eFhPb2RwVVRlNEs0bUxqOUg5aHhZbXExZHZlSVdXdkRzZFdiYkxyM3hmVGRRVlJUQQ?oc=5\" target=\"_blank\" rel=\"noopener\">Transfert: R\u00e9cap\u2019 du Mercato Hommes 2025-2026&#8230; toutes les infos !<\/a>&nbsp;&nbsp;Cyclism&rsquo;Actu<\/li>\n<li><a href=\"https:\/\/news.google.com\/rss\/articles\/CBMi3wFBVV95cUxOVmVXLTBsczhYNFBVcU9OejZKRmowc0NvMmJvc3ZtdWkwVDJkYU9PUm9Kc2pPbXRyeFNTRlZaMkUxcDhpdi11R1VuNk03S08wRnZLSjdEeVY4Mzd3N1oya19hdS0wUHhhLWxlZXJFdDBJZ2VZNkVFQ0F0cDV0WUR5V3JSVXowTGZkTHBjbHVfR1M4aXB0a2pJWmV5Z2s0dGJSRWRwVHdfc2p2NDhGUE96dWZ1NzNvdHZYVVp0U1puNzRER1ZqMGtseW9sbEV5aE9aVFBObTNpY24taThGeDdv?oc=5\" target=\"_blank\" rel=\"noopener\">Cl\u00e9ment Davy, non conserv\u00e9 par l&rsquo;\u00e9quipe cycliste Groupama FDJ : \u00ab\u00a0Je ne peux pas m&rsquo;arr\u00eater maintenant\u00a0\u00bb<\/a>&nbsp;&nbsp;francebleu.fr<\/li>\n<li><a href=\"https:\/\/news.google.com\/rss\/articles\/CBMioAFBVV95cUxQeURseDZncUZSdlVPajZoTmYtMjBwa2FoUk43aHgxMEhUMG1pckRyWjNGamVNa2xMUjZJc0ZIdXVBZ3hUVWF0MC1JZHBId0JKeC1RT2dPRHdLMkZGMU91YTZUaTU3V3R2QzJkOGV5Rko2dUdubXZtMWszdXZ2ckpIUkQwOUMwaXJvOUVuMlktQ0JZMFp2ZTBKMi01NDdDSmxK?oc=5\" target=\"_blank\" rel=\"noopener\">Transferts Cyclisme : Decathlon officialise 11 d\u00e9parts, dont Victor Lafay<\/a>&nbsp;&nbsp;Dicodusport<\/li>\n<li><a href=\"https:\/\/news.google.com\/rss\/articles\/CBMiiwJBVV95cUxQdEc2N053WVNBVDRGazBIVjQxM2VQMm90Zk1pOUFpemR0TlY3em13eV9fc29ZcThVczRZUzEwMFhydUs1NGx6dlNvMktKVXhGRlJYY2pfM3dDMTVwa1h6RWE5d2U5RXQwVFNFcS1BYklOckVnSVY2aUtyRnR4dlhBU2V3dnViaGQ3ZTFtOVNyUGNramlJNUZzN1dUN0pTMkRtTllYTHVodi0teW9rVDJmMEVMTGxfOHRQSDFKN1BsTi1vZmgweGxCNl8zdVNmMno2STd0UURGZGpvclRRNThCWS1kYzFod2RMNDdQMFFDaEl3dVlZYmFjLU9nOE55X3NvUFE0cGtKaGZFSFE?oc=5\" target=\"_blank\" rel=\"noopener\">Cyclisme. \u00ab La pire ann\u00e9e pour une reconduction de contrat \u00bb : Cl\u00e9ment Davy est dans l\u2019attente<\/a>&nbsp;&nbsp;Ouest-France<\/li>\n<li><a href=\"https:\/\/news.google.com\/rss\/articles\/CBMitgFBVV95cUxNRjh4Y1liSnU5QjdXNFNfUUhfZFhvbzdBZTd5RVhTbWwwVURPYW00RUNUVVdUd0IxbmJVZ1ZaOUhmWm0tS3RROHFtc2NmbVhDT3NFb2RIZ2gzMVRiS1VDZS1rc2ZmdHVraGFiSFM5emdGdmpLOTdaMTQ1d0ZYSGRIZUFUNGdPNGRkSXNyRERMWURtYmtNQ1l5RDRoNHZyYmhmbUwzQ2VwNVJ5Mlc0RlE1ejFsdGlYZw?oc=5\" target=\"_blank\" rel=\"noopener\">Mercato cycliste : de nombreux transferts \u00e0 pr\u00e9voir dans les prochaines semaines<\/a>&nbsp;&nbsp;RTBF<\/li>\n<\/ol>\n","protected":false},"excerpt":{"rendered":"Transfert: R\u00e9cap\u2019 du Mercato Hommes 2025-2026&#8230; toutes les infos !&nbsp;&nbsp;Cyclism&rsquo;Actu Cl\u00e9ment Davy, non conserv\u00e9 par l&rsquo;\u00e9quipe cycliste Groupama&hellip;\n","protected":false},"author":2,"featured_media":320357,"comment_status":"","ping_status":"","sticky":false,"template":"","format":"standard","meta":{"footnotes":""},"categories":[1411],"tags":[1154,207,211,1011,27,209,60,210,969,212,208,213],"class_list":{"0":"post-492654","1":"post","2":"type-post","3":"status-publish","4":"format-standard","5":"has-post-thumbnail","7":"category-cyclisme","8":"tag-cycling","9":"tag-cyclisme","10":"tag-ffc","11":"tag-fr","12":"tag-france","13":"tag-route","14":"tag-sports","15":"tag-tour-de-france","16":"tag-transfert","17":"tag-uci","18":"tag-velo","19":"tag-world-tour"},"share_on_mastodon":{"url":"https:\/\/pubeurope.com\/@fr\/115444911164005984","error":""},"_links":{"self":[{"href":"https:\/\/www.europesays.com\/fr\/wp-json\/wp\/v2\/posts\/492654","targetHints":{"allow":["GET"]}}],"collection":[{"href":"https:\/\/www.europesays.com\/fr\/wp-json\/wp\/v2\/posts"}],"about":[{"href":"https:\/\/www.europesays.com\/fr\/wp-json\/wp\/v2\/types\/post"}],"author":[{"embeddable":true,"href":"https:\/\/www.europesays.com\/fr\/wp-json\/wp\/v2\/users\/2"}],"replies":[{"embeddable":true,"href":"https:\/\/www.europesays.com\/fr\/wp-json\/wp\/v2\/comments?post=492654"}],"version-history":[{"count":0,"href":"https:\/\/www.europesays.com\/fr\/wp-json\/wp\/v2\/posts\/492654\/revisions"}],"wp:featuredmedia":[{"embeddable":true,"href":"https:\/\/www.europesays.com\/fr\/wp-json\/wp\/v2\/media\/320357"}],"wp:attachment":[{"href":"https:\/\/www.europesays.com\/fr\/wp-json\/wp\/v2\/media?parent=492654"}],"wp:term":[{"taxonomy":"category","embeddable":true,"href":"https:\/\/www.europesays.com\/fr\/wp-json\/wp\/v2\/categories?post=492654"},{"taxonomy":"post_tag","embeddable":true,"href":"https:\/\/www.europesays.com\/fr\/wp-json\/wp\/v2\/tags?post=492654"}],"curies":[{"name":"wp","href":"https:\/\/api.w.org\/{rel}","templated":true}]}}