{"id":492655,"date":"2025-10-27T07:18:14","date_gmt":"2025-10-27T07:18:14","guid":{"rendered":"https:\/\/www.europesays.com\/fr\/492655\/"},"modified":"2025-10-27T07:18:14","modified_gmt":"2025-10-27T07:18:14","slug":"lamine-yamal-des-paroles-sans-les-actes-liga-j10-real-madrid-fc-barcelone-2-1","status":"publish","type":"post","link":"https:\/\/www.europesays.com\/fr\/492655\/","title":{"rendered":"Lamine Yamal, des paroles sans les actes &#8211; Liga &#8211; J10 &#8211; Real Madrid-FC Barcelone (2-1)"},"content":{"rendered":"<p>Les Cl\u00e1sicos entre Madril\u00e8nes et Barcelonais sont toujours des moments sp\u00e9ciaux de la saison de Liga. Apr\u00e8s avoir \u00e9t\u00e9 le th\u00e9\u00e2tre de la confrontation entre les deux meilleurs joueurs de l\u2019histoire, Lionel Messi et Cristiano Ronaldo, au tournant des ann\u00e9es 2010, les Real-Bar\u00e7a ont retrouv\u00e9 de leur lustre d\u2019antan depuis l\u2019\u00e9mergence de Lamine Yamal, <a target=\"_blank\" href=\"https:\/\/www.sofoot.com\/breves\/fc-barcelone-lamine-yamal-sous-entend-que-le-real-madrid-vole\" rel=\"nofollow noopener\">aussi bien dans la verve<\/a> que sur le terrain. En revanche concernant la p\u00e9pite barcelonaise, si l\u2019arrogance de ses pr\u00e9d\u00e9cesseurs a \u00e9t\u00e9 retrouv\u00e9e, les performances sur le terrain beaucoup moins, <a target=\"_blank\" href=\"https:\/\/www.sofoot.com\/articles\/liga-les-tops-et-les-flops-de-real-madrid-barcelone\" rel=\"nofollow noopener\">jusqu\u2019\u00e0 n\u2019avoir aucune influence sur la rencontre disput\u00e9e au Santiago-Bernab\u00e9u<\/a> ce dimanche apr\u00e8s-midi. De quoi permettre \u00e0 la presse madril\u00e8ne de s\u2019enflammer sur un futur neymaresque.<\/p>\n<p>Trashtalk et pression<\/p>\n<p>Le cas Yamal divise, mais ne laisse pas indiff\u00e9rent. M\u00eame si le joueur de 18 ans fait plus parler de lui pour ses pol\u00e9miques et ses penaltys du pr\u00e9sident en Kings League, ces derniers temps, que pour ses performances sportives, le football a besoin de personnages hauts en couleur, au risque de basculer dans l\u2019aseptisation la plus totale. Il a \u00e9t\u00e9 pris \u00e0 partie par plusieurs Madril\u00e8nes au coup de sifflet final, notamment par Dani Carvajal qui lui a reproch\u00e9 de trop parler, mais d\u2019autres se sont montr\u00e9s beaucoup plus enthousiastes \u00e0 propos du trashtalking de Yamal. C\u2019est notamment le cas d\u2019Aur\u00e9lien Tchouam\u00e9ni, interrog\u00e9 \u00e0 ce sujet \u00e0 l\u2019issue de la rencontre : \u00ab\u202fMoi, j\u2019appr\u00e9cie cela. Ce ne sont que des mots et il n\u2019y a pas de mauvaise intention. Cela nous motive un peu plus, mais si Lamine veut parler, il peut le faire, il n\u2019y a pas de probl\u00e8me. Quand j\u2019\u00e9tais petit, je me rappelle les \u00e9changes entre les joueurs du Bar\u00e7a et du Real avant les matchs, et cela nous plaisait. Finalement, le match se joue sur le terrain.\u202f\u00bb De son c\u00f4t\u00e9, Jude Bellingham, l\u2019un des grands artisans du succ\u00e8s madril\u00e8ne, a pr\u00e9f\u00e9r\u00e9 en remettre une couche avec un post Instagram.<\/p>\n<p>Mais selon Marcus Sorg, l\u2019adjoint de Hansi Flick qui a offici\u00e9 durant ce match \u00e0 la suite de l\u2019expulsion du tacticien allemand face \u00e0 G\u00e9rone, Yamal a pu \u00eatre \u00ab\u202fperturb\u00e9\u202f\u00bb. \u00ab\u202fIl est encore jeune, il doit apprendre \u00e0 g\u00e9rer ce genre de situations. Ce n\u2019\u00e9tait pas un match facile pour lui, ils ont bien d\u00e9fendu, il se retrouvait souvent seul contre deux. Il n\u2019\u00e9tait pas \u00e0 100%, il revient d\u2019une blessure importante, il a besoin de plus de rythme, de rejouer des matchs de haut niveau. Les adversaires font tout pour mieux d\u00e9fendre sur lui, mais nous allons l\u2019aider et nous allons travailler avec lui pour qu\u2019il retrouve son meilleur niveau\u202f\u00bb, a assur\u00e9 le coach barcelonais.<\/p>\n<p>Grandir, c\u2019est apprendre<\/p>\n<p>Si le Barcelonais \u00e0 tendance \u00e0 irriter ses adversaires, il est en train de faire du trashtalk sa marque de fabrique. Notamment avant les matchs, o\u00f9 il se sert de ses storys Instagram pour provoquer son futur adversaire. C\u2019\u00e9tait notamment le cas avant d\u2019affronter le PSG en Ligue des champions ou encore avant la finale de la Ligue des nations face au Portugal. Probl\u00e8me, aucune des rencontres cit\u00e9es n\u2019a \u00e9t\u00e9 remport\u00e9e par l\u2019\u00e9quipe dans laquelle \u00e9voluait Yamal. Pire encore, le num\u00e9ro 10 barcelonais n\u2019est pas parvenu \u00e0 peser sur ces rencontres, voyant son adversaire direct Nuno Mendes \u00eatre \u00e9lu homme du match lors de ces deux matchs. Lamine Yamal n\u2019en reste pas moins un adolescent <a target=\"_blank\" href=\"https:\/\/www.sofoot.com\/articles\/lamine-yamal-15-ans-et-meme-pas-peur\" rel=\"nofollow noopener\">sur lequel les projecteurs sont braqu\u00e9s depuis d\u00e9j\u00e0 plusieurs saisons<\/a>, deuxi\u00e8me du dernier Ballon d\u2019or et \u00e0 qui l\u2019on promet d\u00e9j\u00e0 la gloire \u00e9ternelle.<\/p>\n<p>Son Cl\u00e1sico a \u00e9t\u00e9 manqu\u00e9 certes, mais la p\u00e9pite de Matar\u00f3 est encore loin d\u2019\u00eatre au maximum de ses capacit\u00e9s. Diminu\u00e9 depuis le mois de septembre par une pubalgie et <a target=\"_blank\" href=\"https:\/\/www.sofoot.com\/breves\/lamine-yamal-devrait-etre-de-retour-a-temps-pour-le-Cl%C3%A1sico#:~:text=Victime%20d%E2%80%99une%20rechute%20de,Gavi%20ou%20encore%20Joan%20Garcia.\" rel=\"nofollow noopener\">victime d\u2019une rechute<\/a> au d\u00e9but du mois d\u2019octobre, ce qui est consid\u00e9r\u00e9 comme l\u2019une des pires blessures pour un footballeur entrave n\u00e9cessairement son jeu. De l\u00e0 \u00e0 expliquer pleinement sa contre-performance face au Real ? Probablement. Cette saison pourrait bien marquer un tournant dans la carri\u00e8re du Barcelonais, g\u00ean\u00e9 par \u00c1lvaro Carreras tout au long du match et affichant un niveau technique m\u00e9diocre pour son talent. Un succ\u00e8s fulgurant peut faire perdre la t\u00eate, mais tant qu\u2019il s\u2019agit de provocations sans gravit\u00e9 et d\u2019erreurs de jeunesse vite oubli\u00e9es, la suite de l\u2019histoire devrait s\u2019\u00e9crire positivement, \u00e0 condition d\u2019\u00eatre meilleur lors des matchs de football \u00e0 11 qu\u2019\u00e0 la Kings League.<\/p>\n<p>\t\t\t\t\t\t\t\t\t\t<a class=\"lien-connexe\" href=\"https:\/\/www.sofoot.com\/articles\/liga-les-tops-et-les-flops-de-real-madrid-barcelone\" rel=\"nofollow noopener\" target=\"_blank\">Les tops et les flops de Real Madrid-Barcelone<\/a>\t\t\t\t\t<\/p>\n","protected":false},"excerpt":{"rendered":"Les Cl\u00e1sicos entre Madril\u00e8nes et Barcelonais sont toujours des moments sp\u00e9ciaux de la saison de Liga. Apr\u00e8s avoir&hellip;\n","protected":false},"author":2,"featured_media":492656,"comment_status":"","ping_status":"","sticky":false,"template":"","format":"standard","meta":{"footnotes":""},"categories":[1410],"tags":[47,61,69,65,64,63,1011,27,68,66,62,70,67,60],"class_list":{"0":"post-492655","1":"post","2":"type-post","3":"status-publish","4":"format-standard","5":"has-post-thumbnail","7":"category-football","8":"tag-actualite","9":"tag-actus-football","10":"tag-bundesliga","11":"tag-championnats-europeens","12":"tag-equipe-de-france","13":"tag-football","14":"tag-fr","15":"tag-france","16":"tag-ligua","17":"tag-ligue-1","18":"tag-news-foot","19":"tag-premier-league","20":"tag-serie-a","21":"tag-sports"},"share_on_mastodon":{"url":"https:\/\/pubeurope.com\/@fr\/115444915076473930","error":""},"_links":{"self":[{"href":"https:\/\/www.europesays.com\/fr\/wp-json\/wp\/v2\/posts\/492655","targetHints":{"allow":["GET"]}}],"collection":[{"href":"https:\/\/www.europesays.com\/fr\/wp-json\/wp\/v2\/posts"}],"about":[{"href":"https:\/\/www.europesays.com\/fr\/wp-json\/wp\/v2\/types\/post"}],"author":[{"embeddable":true,"href":"https:\/\/www.europesays.com\/fr\/wp-json\/wp\/v2\/users\/2"}],"replies":[{"embeddable":true,"href":"https:\/\/www.europesays.com\/fr\/wp-json\/wp\/v2\/comments?post=492655"}],"version-history":[{"count":0,"href":"https:\/\/www.europesays.com\/fr\/wp-json\/wp\/v2\/posts\/492655\/revisions"}],"wp:featuredmedia":[{"embeddable":true,"href":"https:\/\/www.europesays.com\/fr\/wp-json\/wp\/v2\/media\/492656"}],"wp:attachment":[{"href":"https:\/\/www.europesays.com\/fr\/wp-json\/wp\/v2\/media?parent=492655"}],"wp:term":[{"taxonomy":"category","embeddable":true,"href":"https:\/\/www.europesays.com\/fr\/wp-json\/wp\/v2\/categories?post=492655"},{"taxonomy":"post_tag","embeddable":true,"href":"https:\/\/www.europesays.com\/fr\/wp-json\/wp\/v2\/tags?post=492655"}],"curies":[{"name":"wp","href":"https:\/\/api.w.org\/{rel}","templated":true}]}}