{"id":492663,"date":"2025-10-27T07:24:17","date_gmt":"2025-10-27T07:24:17","guid":{"rendered":"https:\/\/www.europesays.com\/fr\/492663\/"},"modified":"2025-10-27T07:24:17","modified_gmt":"2025-10-27T07:24:17","slug":"amel-bent-ca-yest-nouveau-passeport-pour-la-chanteuse-qui-possede-une-double-nationalite-depuis-peu","status":"publish","type":"post","link":"https:\/\/www.europesays.com\/fr\/492663\/","title":{"rendered":"Amel Bent : \u00ab\u00a0\u00c7a y\u2019est !\u00a0\u00bb, nouveau passeport pour la chanteuse qui poss\u00e8de une double nationalit\u00e9 depuis peu"},"content":{"rendered":"<p data-start=\"0\" data-end=\"573\">Ce dimanche 26 octobre 2025, le<br \/>\nplateau paisible d\u2019<a href=\"https:\/\/www.closermag.fr\/people\/ary-abittan-une-chute-ou-silence-assourdissant-autour-du-comedien-dans-un-dimanche-a-la-campagne-3586142\" rel=\"nofollow noopener\" target=\"_blank\">Un dimanche \u00e0 la campagne<\/a> a accueilli trois<br \/>\npersonnalit\u00e9s aux parcours inspirants. Kelly Massol, fondatrice de<br \/>\nla marque capillaire Les Secrets de Loly r\u00e9v\u00e9l\u00e9e par<br \/>\nQui veut \u00eatre mon associ\u00e9<br \/>\n?, l\u2019humoriste <a href=\"https:\/\/www.closermag.fr\/people\/elle-nous-quitte-six-mois-plus-tard-florent-peyre-se-livre-sur-la-mort-de-sa-niece-a-lage-de-4-ans-3589493\" rel=\"nofollow noopener\" target=\"_blank\"><br \/>\nFlorent Peyre<\/a> et la chanteuse <strong>Amel Bent<\/strong>. Cette<br \/>\nderni\u00e8re, forte de plus de vingt ans de carri\u00e8re depuis sa<br \/>\nparticipation remarqu\u00e9e \u00e0 la deuxi\u00e8me saison de Nouvelle Star en 2004, venait pr\u00e9senter<br \/>\nMinuit une, son huiti\u00e8me<br \/>\nalbum solo.<\/p>\n<p data-start=\"0\" data-end=\"573\">Un projet personnel et symbolique,<br \/>\nn\u00e9 \u00e0 la suite d\u2019une \u00e9preuve douloureuse. Face \u00e0 <a href=\"https:\/\/www.closermag.fr\/people\/frederic-lopez-je-suis-tres-emu-lanimateur-annonce-le-lancement-dun-grand-projet-personnel-3573007https:\/\/www.closermag.fr\/people\/frederic-lopez-je-suis-tres-emu-lanimateur-annonce-le-lancement-dun-grand-projet-personnel-3573007\" rel=\"nofollow noopener\" target=\"_blank\"><br \/>\nFr\u00e9d\u00e9ric Lopez<\/a>, Amel Bent s\u2019est confi\u00e9e avec pudeur sur ses<br \/>\norigines et sur le lien profond qu\u2019elle entretient avec<br \/>\n<strong>l\u2019Alg\u00e9rie<\/strong>. Elle a aussi r\u00e9affirm\u00e9 son attachement<br \/>\n\u00e0 la France. Enfance oblige, elle ne s\u2019\u00e9tait \u00ab\u00a0m\u00eame pas pos\u00e9e la<br \/>\nquestion\u00a0\u00bb de ses racines. La chanteuse estimait alors que sa<br \/>\ngrand-m\u00e8re \u00e9tait \u00ab\u00a0la garante de cet h\u00e9ritage, de cette<br \/>\nm\u00e9moire\u00a0\u00bb.<\/p>\n<p>Un dernier souhait<br \/>\nbouleversant<\/p>\n<p data-start=\"42\" data-end=\"972\">Avant sa disparition, la<br \/>\ngrand-m\u00e8re d\u2019Amel Bent lui confiait souvent des souvenirs pr\u00e9cieux<br \/>\nde sa vie et de <strong>son pays natal<\/strong>. Mais c\u2019est en<br \/>\n\u00e9voquant sa propre fin que la chanteuse a entendu les mots qui<br \/>\nl\u2019ont profond\u00e9ment marqu\u00e9e : elle souhaitait \u00eatre \u00ab\u00a0enterr\u00e9e \u00e0<br \/>\nc\u00f4t\u00e9 de sa m\u00e8re, de son p\u00e8re, de son mari, \u00e0 Oran\u00a0\u00bb. Une<br \/>\nrequ\u00eate qui a profond\u00e9ment touch\u00e9 l\u2019interpr\u00e8te de Ma philosophie, pour qui cette femme<br \/>\nrepr\u00e9sentait bien plus qu\u2019un simple rep\u00e8re familial.<\/p>\n<p data-=\"\">\u00ab\u00a0\u00c0 chaque fois que<br \/>\nje ne me sentais pas bien chez moi, que j\u2019avais besoin de<br \/>\n<strong>m\u2019\u00e9vader<\/strong>, la porte \u00e9tait grande ouverte. J\u2019avais<br \/>\nmon lit, mon plat dans le frigo, elle a toujours \u00e9t\u00e9 ma deuxi\u00e8me<br \/>\nmaison\u00a0\u00bb, a confi\u00e9 Amel Bent, \u00e9mue. <a href=\"https:\/\/www.closermag.fr\/people\/amel-bent-en-larmes-elle-se-livre-sur-lannee-la-plus-douloureuse-de-sa-vie-3589489\" rel=\"nofollow noopener\" target=\"_blank\"><br \/>\nApr\u00e8s le d\u00e9c\u00e8s de cette figure centrale, la chanteuse a ressenti un<br \/>\nmanque immense<\/a>, un besoin visc\u00e9ral de garder un lien fort avec<br \/>\nelle, \u00ab\u00a0d\u2019avoir un double des<br \/>\ncl\u00e9s de cette maison-l\u00e0 aussi, comme je l\u2019ai toujours<br \/>\neue\u00a0\u00bb.<\/p>\n<p>Le geste fort d\u2019Amel Bent pour honorer<br \/>\nsa grand-m\u00e8re<\/p>\n<p data-start=\"1039\" data-end=\"1881\" data-is-last-node=\"\" data-is-only-node=\"\">D\u00e9termin\u00e9e \u00e0 continuer de rendre visite \u00e0 sa<br \/>\ngrand-m\u00e8re reposant en Alg\u00e9rie, <a href=\"https:\/\/www.closermag.fr\/people\/amel-bent-meconnaissable-elle-apparait-tres-amincie-dans-les-12-coups-de-midi-3547535\" rel=\"nofollow noopener\" target=\"_blank\"><br \/>\nAmel Bent<\/a> a entrepris des d\u00e9marches pour obtenir <strong>la<br \/>\nnationalit\u00e9 du pays<\/strong>. Face aux employ\u00e9s du consulat, elle a<br \/>\ncraqu\u00e9, incapable de retenir ses larmes : \u00ab\u00a0Je leur dis : \u2018S\u2019il vous pla\u00eet, je ne veux pas<br \/>\nvenir demander un tampon \u00e0 chaque fois que je vais voir ma<br \/>\ngrand-m\u00e8re, je veux pouvoir y aller quand je veux'\u00a0\u00bb, a-t-elle<br \/>\nracont\u00e9, encore boulevers\u00e9e par ce souvenir.<\/p>\n<p>Elle a finalement obtenu ce qu\u2019elle souhaitait :<br \/>\n\u00ab\u00a0<strong>L\u00e0, depuis deux mois, \u00e7a y est, je peux prendre mon<br \/>\nbillet et aller voir ma grand-m\u00e8re<\/strong>\u00ab\u00a0, a-t-elle<br \/>\nannonc\u00e9, le sourire aux l\u00e8vres et les yeux embu\u00e9s d\u2019\u00e9motion. Une<br \/>\n\u00e9tape essentielle dans son processus de deuil : \u00ab\u00a0\u00c7a m\u2019a beaucoup apais\u00e9e, \u00e7a faisait partie<br \/>\nde mon process\u2019 aussi de deuil et je sais qu\u2019elle est fi\u00e8re de<br \/>\nmoi\u00a0\u00bb, a conclu la chanteuse, apais\u00e9e et reconnaissante.<\/p>\n","protected":false},"excerpt":{"rendered":"Ce dimanche 26 octobre 2025, le plateau paisible d\u2019Un dimanche \u00e0 la campagne a accueilli trois personnalit\u00e9s aux&hellip;\n","protected":false},"author":2,"featured_media":492664,"comment_status":"","ping_status":"","sticky":false,"template":"","format":"standard","meta":{"footnotes":""},"categories":[1355],"tags":[20546,58,59,1011,27,1361,873],"class_list":{"0":"post-492663","1":"post","2":"type-post","3":"status-publish","4":"format-standard","5":"has-post-thumbnail","7":"category-musique","8":"tag-amel-bent","9":"tag-divertissement","10":"tag-entertainment","11":"tag-fr","12":"tag-france","13":"tag-music","14":"tag-musique"},"share_on_mastodon":{"url":"https:\/\/pubeurope.com\/@fr\/115444938673885998","error":""},"_links":{"self":[{"href":"https:\/\/www.europesays.com\/fr\/wp-json\/wp\/v2\/posts\/492663","targetHints":{"allow":["GET"]}}],"collection":[{"href":"https:\/\/www.europesays.com\/fr\/wp-json\/wp\/v2\/posts"}],"about":[{"href":"https:\/\/www.europesays.com\/fr\/wp-json\/wp\/v2\/types\/post"}],"author":[{"embeddable":true,"href":"https:\/\/www.europesays.com\/fr\/wp-json\/wp\/v2\/users\/2"}],"replies":[{"embeddable":true,"href":"https:\/\/www.europesays.com\/fr\/wp-json\/wp\/v2\/comments?post=492663"}],"version-history":[{"count":0,"href":"https:\/\/www.europesays.com\/fr\/wp-json\/wp\/v2\/posts\/492663\/revisions"}],"wp:featuredmedia":[{"embeddable":true,"href":"https:\/\/www.europesays.com\/fr\/wp-json\/wp\/v2\/media\/492664"}],"wp:attachment":[{"href":"https:\/\/www.europesays.com\/fr\/wp-json\/wp\/v2\/media?parent=492663"}],"wp:term":[{"taxonomy":"category","embeddable":true,"href":"https:\/\/www.europesays.com\/fr\/wp-json\/wp\/v2\/categories?post=492663"},{"taxonomy":"post_tag","embeddable":true,"href":"https:\/\/www.europesays.com\/fr\/wp-json\/wp\/v2\/tags?post=492663"}],"curies":[{"name":"wp","href":"https:\/\/api.w.org\/{rel}","templated":true}]}}