{"id":492669,"date":"2025-10-27T07:27:12","date_gmt":"2025-10-27T07:27:12","guid":{"rendered":"https:\/\/www.europesays.com\/fr\/492669\/"},"modified":"2025-10-27T07:27:12","modified_gmt":"2025-10-27T07:27:12","slug":"strasbourg-malick-fofana-est-il-devenu-la-victime-numero-une-des-bouchers-de-ligue-1","status":"publish","type":"post","link":"https:\/\/www.europesays.com\/fr\/492669\/","title":{"rendered":"Strasbourg\u00a0: Malick Fofana est-il devenu la victime num\u00e9ro une des \u00ab\u00a0bouchers\u00a0\u00bb de Ligue\u00a01\u00a0?"},"content":{"rendered":"<p>Au Parc OL,<\/p>\n<p>Quel est le point commun entre CJ Egan-Riley (<a href=\"https:\/\/www.20minutes.fr\/sport\/om\/\" class=\"c-link c-link--is-underlined\" rel=\"nofollow noopener\" target=\"_blank\">OM<\/a>), Alidu Seidu (Rennes), Carlens Arcus (Angers) et Isma\u00ebl Doukour\u00e9 (Strasbourg)\u00a0? Ils ont tous d\u00e9coup\u00e9 <a href=\"https:\/\/www.20minutes.fr\/sport\/football\/ligue_europa\/4128961-20241213-ol-francfort-monde-lyon-pourrait-passer-fantastique-duo-cherki-fofana-2025\" class=\"c-link c-link--is-underlined\" rel=\"nofollow noopener\" target=\"_blank\">Malick Fofana<\/a> en seulement deux mois de <a href=\"https:\/\/www.20minutes.fr\/sport\/ligue-1\/\" class=\"c-link c-link--is-underlined\" rel=\"nofollow noopener\" target=\"_blank\">Ligue 1<\/a>. La compil vid\u00e9o interdite aux \u00e2mes sensibles n\u2019existe pas sur les r\u00e9seaux sociaux (ouf), mais on vous glisse le pitch aussi simpliste que les principaux faits d\u2019armes de <a href=\"https:\/\/www.youtube.com\/watch?v=kTJa8OLAEcE\" rel=\"nofollow noopener\" target=\"_blank\" class=\"c-link c-link--is-underlined\">Michael Myers<\/a> et de Freddy Krueger\u00a0: le jeune ailier lyonnais avale les espaces \u00e0 3.000 sur l\u2019aile gauche lorsqu\u2019il est brutalement mis au tapis par un tacle d\u00e9sesp\u00e9r\u00e9 d\u2019un d\u00e9fenseur adverse en retard.<\/p>\n<p>On pourra d\u00e9battre au cas par cas de la position par-derri\u00e8re ou sur le c\u00f4t\u00e9 pour ces actions, qui auraient syst\u00e9matiquement pu d\u00e9boucher sur un carton rouge, tant Malick Fofana se retrouve fauch\u00e9 en plein vol. D\u00e9j\u00e0 forc\u00e9 de sortir sur blessure d\u00e8s la 53e minute de jeu lors du choc contre l\u2019OM (1-0) le 31\u00a0ao\u00fbt, l\u2019international belge de 20 ans a subi une nouvelle agression sur sa cheville dimanche soir <a href=\"https:\/\/www.20minutes.fr\/sport\/football\/ligue-1\/4180783-20251026-direct-ol-strasbourg-lyon-dos-mur-avant-defier-seduisant-racing-suivez-final-9e-journee-ligue-1\" class=\"c-link c-link--is-underlined\" rel=\"nofollow noopener\" target=\"_blank\">face \u00e0 Strasbourg (2-1)<\/a>. On disputait la 64e minute de jeu lorsque la fus\u00e9e d\u2019Alost a trac\u00e9 Isma\u00ebl Doukour\u00e9 dans son dos pour s\u2019emparer du ballon loin devant lui (comme sur le but de l\u2019\u00e9galisation en premi\u00e8re p\u00e9riode).<\/p>\n<p>\u00ab\u00a0Quand je l\u2019ai vu en larmes\u2026\u00a0\u00bb<\/p>\n<p>Sauf que cette fois, le d\u00e9fenseur alsacien a tent\u00e9 le tout pour le tout, avec <a href=\"https:\/\/x.com\/RMCsport\/status\/1982555920073916805\" rel=\"nofollow\" target=\"_blank\" class=\"c-link c-link--is-underlined\">un tacle par-derri\u00e8re<\/a> extr\u00eamement dangereux. Le pied droit de Malick Fofana s\u2019est retrouv\u00e9 bloqu\u00e9 entre les jambes d\u2019Isma\u00ebl Doukour\u00e9 et a clairement tourn\u00e9. De quoi vite faire craindre le pire c\u00f4t\u00e9 lyonnais. \u00ab\u00a0Je n\u2019ai pas vu l\u2019action, mais tout ce que je sais, c\u2019est que Malick n\u2019est pas un tricheur, confie ainsi son co\u00e9quipier Moussa Niakhat\u00e9. Quand je l\u2019ai vu en larmes et que la civi\u00e8re est arriv\u00e9e, j\u2019\u00e9tais tr\u00e8s tr\u00e8s inquiet car j\u2019ai su que c\u2019\u00e9tait tr\u00e8s s\u00e9rieux. Je vais prier fort pour que \u00e7a ne soit pas grave pour Malick.\u00a0\u00bb<\/p>\n<p class=\"mb-xxl@xs color-ultramarine font-weight-semi-bold@xs font-source-serif-pro heading-s@xs\">L\u2019acc\u00e8s \u00e0 ce contenu a \u00e9t\u00e9 bloqu\u00e9 afin de respecter votre choix de consentement<\/p>\n<p class=\"mb-m@xs text-l@xs\">En cliquant sur\u00ab J\u2019accepte \u00bb, vous acceptez le d\u00e9p\u00f4t de cookies par des services externes et aurez ainsi acc\u00e8s aux contenus de nos partenaires.<\/p>\n<p class=\"mb-xl@xs text-s@xs\">Plus d\u2019informations sur la page<a href=\"https:\/\/www.20minutes.fr\/gestion-cookies\" class=\"mx-xxs@xs color-ultramarine\" rel=\"nofollow noopener\" target=\"_blank\">Politique de gestion des cookies<\/a><\/p>\n<p>J\u2019accepte<\/p>\n<p>Evacu\u00e9 du terrain sur une voiturette et transf\u00e9r\u00e9 illico dans un h\u00f4pital pour y passer des radios dans la nuit, l\u2019ancien feu follet de La Gantoise risque a minima une entorse. En attendant une communication officielle du club ce lundi sur la nature exacte de la blessure du plus grand talent offensif de cet OL 2025-2026, l\u2019entra\u00eeneur adjoint Jorge Maciel conc\u00e9dait\u00a0: \u00ab\u00a0Au vu des images, \u00e7a ne sent pas bon\u00a0\u00bb. Mal plac\u00e9 sur le coup, car focalis\u00e9 sur une l\u00e9g\u00e8re faute de Mamadou Sarr sur <a href=\"https:\/\/www.20minutes.fr\/sport\/corentin-tolisso\/\" class=\"c-link c-link--is-underlined\" rel=\"nofollow noopener\" target=\"_blank\">Corentin Tolisso<\/a> au d\u00e9but de l\u2019action, l\u2019arbitre Eric Wattellier s\u2019\u00e9tait content\u00e9 de mettre un carton jaune \u00e0 Isma\u00ebl Doukour\u00e9.<\/p>\n<p>Mais le <a href=\"https:\/\/www.20minutes.fr\/sport\/arbitrage-video\/\" class=\"c-link c-link--is-underlined\" rel=\"nofollow noopener\" target=\"_blank\">VAR<\/a> a eu la bonne id\u00e9e de l\u2019inciter \u00e0 d\u00e9cortiquer les ralentis, et ainsi \u00e0 changer sa d\u00e9cision pour exclure l\u2019ex-Valenciennois. Mais au fait, pourquoi tant de violents \u00e9pisodes depuis le d\u00e9but de la saison \u00e0 l\u2019encontre du dragster de l\u2019OL, bien moins cibl\u00e9 sur ses 18 premiers mois en Ligue 1\u00a0?<\/p>\n<p>\u00ab\u00a0Pourquoi tu vas faire un truc comme \u00e7a\u00a0?\u00a0\u00bb<\/p>\n<p>Interrog\u00e9 dimanche soir par 20 Minutes \u00e0 ce propos, Moussa Niakhat\u00e9 a assur\u00e9\u00a0: \u00ab\u00a0Je ne sais pas. Malick est un bon joueur, il fixe les adversaires mais ceux-ci ne font pas expr\u00e8s de le blesser. Ils jouent au foot, ils essaient de l\u2019arr\u00eater, et ce sont des choses malheureuses qui arrivent. Je connais tr\u00e8s bien \u00ab\u00a0Isma\u00a0\u00bb Doukour\u00e9, il n\u2019a pas fait expr\u00e8s, il ne faut pas l\u2019accabler\u00a0\u00bb.<\/p>\n<p><a href=\"https:\/\/www.youtube.com\/watch?v=tOSAqcuhZP0\" rel=\"nofollow noopener\" target=\"_blank\" class=\"c-link c-link--is-underlined\">Au micro d\u2019OL Play<\/a>, Jorge Maciel ne partageait clairement pas l\u2019avis de son roc s\u00e9n\u00e9galais sur le sujet. \u00ab\u00a0Tout le monde dit que Strasbourg est une \u00e9quipe incroyable, mais finalement, ils sont comme des bouchers sur cette situation, a ainsi pest\u00e9 l\u2019adjoint de <a href=\"https:\/\/www.20minutes.fr\/sport\/football\/ligue_europa\/4180737-20251023-ol-fc-bale-paulo-fonseca-homme-fait-famille-equipes-surmonter-causes-perdues\" class=\"c-link c-link--is-underlined\" rel=\"nofollow noopener\" target=\"_blank\">Paulo Fonseca<\/a>. \u00c7a ne doit pas arriver dans un match de football. Le jeu est arr\u00eat\u00e9, pourquoi tu vas faire un truc comme \u00e7a\u00a0? C\u2019est important qu\u2019on arr\u00eate avec ce type de tacles qui ne servent \u00e0 rien. Il faut respecter le foot.\u00a0\u00bb<\/p>\n<p><img decoding=\"async\" alt=\"Avant de devoir c\u00e9der sa place \u00e0 la 69e minute de jeu apr\u00e8s le tacle tr\u00e8s dangereux d'Isma\u00ebl Doukour\u00e9, Malick Fofana (\u00e0 gauche) a \u00e9t\u00e9 impliqu\u00e9 sur l'\u00e9galisation lyonnaise... sur un but contre son camp de Doukour\u00e9 !\" class=\"c-img\" loading=\"lazy\" fetchpriority=\"auto\" width=\"718\"  src=\"https:\/\/img.20mn.fr\/6IrOHVAuQn2QuulI725oHSk\/718x0\" \/>Avant de devoir c\u00e9der sa place \u00e0 la 69e minute de jeu apr\u00e8s le tacle tr\u00e8s dangereux d&rsquo;Isma\u00ebl Doukour\u00e9, Malick Fofana (\u00e0 gauche) a \u00e9t\u00e9 impliqu\u00e9 sur l&rsquo;\u00e9galisation lyonnaise&#8230; sur un but contre son camp de Doukour\u00e9 !\u2002-\u00a0O. Chassignole \/ AFP<\/p>\n<p>Et encore, au moment de ces d\u00e9clarations, Jorge Maciel n\u2019avait pas \u00e9t\u00e9 mis au courant de la r\u00e9action gu\u00e8re classe du jeune coach anglais du Racing Liam Rosenior. On vous laisse appr\u00e9cier <a href=\"https:\/\/www.footmercato.net\/a5846066793288900502-ol-strasbourg-la-sortie-totalement-lunaire-de-liam-rosenior-sur-larbitrage\" rel=\"nofollow noopener\" target=\"_blank\" class=\"c-link c-link--is-underlined\">le niveau de provoc<\/a>.<\/p>\n<blockquote class=\"mx-m@xs mx-xxl@md color-ultramarine c-citation\">\n<p class=\"font-weight-regular@xs text-italic font-source-serif-pro text-l@xs c-citation__content\">\u00ab\u00a0J\u2019ai de la peine pour Fofana, c\u2019est un joueur exceptionnel, et j\u2019esp\u00e8re qu\u2019il va vite se r\u00e9tablir. Mais \u00e7a n\u2019est pas une action qui m\u00e9rite un carton rouge, et c\u2019est une des grandes raisons pour lesquelles nous avons perdu ce match. Je ne veux pas parler des arbitres mais j\u2019ai du mal \u00e0 accepter cet arbitrage (sic). \u00c0 chaque fois, il y a eu un souci arbitral, contre Monaco (2-3), Marseille (1-2) et ce soir. C\u2019est un tacle de c\u00f4t\u00e9, on voit qu\u2019Isma\u00ebl essaie de prendre le ballon, \u00e7a n\u2019est pas un tacle dangereux, donc c\u2019est un carton jaune. L\u2019arbitre a jug\u00e9 la blessure et pas l\u2019action.\u00a0\u00bb<\/p>\n<\/blockquote>\n<p>Le Racing puni\u2026 par le rempla\u00e7ant de Fofana\u00a0!<\/p>\n<p>Au milieu de cette flop\u00e9e d\u2019\u00e9tranges arguments, le dernier m\u00e9rite de s\u2019y arr\u00eater\u00a0: n\u2019y a-t-il pas une forme de logique absolue \u00e0 voir un arbitre \u00eatre influenc\u00e9 par la sortie de la victime sur une civi\u00e8re\u00a0? Comble de la lose pour les Strasbourgeois, le but de la victoire a \u00e9t\u00e9 inscrit dans le temps additionnel\u2026 par le rempla\u00e7ant de Malick Fofana, Afonso Moreira.<\/p>\n<\/p>\n<p>Bien que combl\u00e9 par ce succ\u00e8s (2-1) aux allures de tournant, apr\u00e8s deux d\u00e9faites de rang en championnat, Corentin Tolisso concluait\u00a0: \u00ab\u00a0C\u2019est le point noir de la soir\u00e9e car on sait \u00e0 quel point Malick est important pour nous avec toutes ses qualit\u00e9s\u00a0\u00bb.<\/p>\n<p><a href=\"https:\/\/www.20minutes.fr\/sport\/ol\/\" class=\"c-link c-btn c-btn--primary\" rel=\"nofollow noopener\" target=\"_blank\">Notre dossier sur l&rsquo;OL<\/a><\/p>\n<p>Si on pouvait prot\u00e9ger pour de bon les artistes +++ de notre Ligue 1, dont Malick Fofana fait partie, en d\u00e9gainant sans h\u00e9siter le carton rouge qu\u2019auraient m\u00e9rit\u00e9 Alidu Seidu et Carlens Arcus, notre Ligue des Talents aurait sans doute plus de chances de justifier ce surnom sur la dur\u00e9e, non\u00a0?<\/p>\n","protected":false},"excerpt":{"rendered":"Au Parc OL, Quel est le point commun entre CJ Egan-Riley (OM), Alidu Seidu (Rennes), Carlens Arcus (Angers)&hellip;\n","protected":false},"author":2,"featured_media":492670,"comment_status":"","ping_status":"","sticky":false,"template":"","format":"standard","meta":{"footnotes":""},"categories":[9],"tags":[2389,8487,61550,2430,2649,828,4680,63,1011,27,775,66,2428,2853,4448,2429,2431,517,60,640],"class_list":{"0":"post-492669","1":"post","2":"type-post","3":"status-publish","4":"format-standard","5":"has-post-thumbnail","7":"category-sports","8":"tag-alsace","9":"tag-arbitrage","10":"tag-arbitrage-video","11":"tag-auvergne-rhone-alpes","12":"tag-bas-rhin","13":"tag-belgique","14":"tag-corentin-tolisso","15":"tag-football","16":"tag-fr","17":"tag-france","18":"tag-grand-est","19":"tag-ligue-1","20":"tag-lyon","21":"tag-olympique-lyonnais-ol","22":"tag-rc-strasbourg","23":"tag-rhone","24":"tag-rhone-alpes","25":"tag-sport","26":"tag-sports","27":"tag-strasbourg"},"share_on_mastodon":{"url":"https:\/\/pubeurope.com\/@fr\/115444950831705195","error":""},"_links":{"self":[{"href":"https:\/\/www.europesays.com\/fr\/wp-json\/wp\/v2\/posts\/492669","targetHints":{"allow":["GET"]}}],"collection":[{"href":"https:\/\/www.europesays.com\/fr\/wp-json\/wp\/v2\/posts"}],"about":[{"href":"https:\/\/www.europesays.com\/fr\/wp-json\/wp\/v2\/types\/post"}],"author":[{"embeddable":true,"href":"https:\/\/www.europesays.com\/fr\/wp-json\/wp\/v2\/users\/2"}],"replies":[{"embeddable":true,"href":"https:\/\/www.europesays.com\/fr\/wp-json\/wp\/v2\/comments?post=492669"}],"version-history":[{"count":0,"href":"https:\/\/www.europesays.com\/fr\/wp-json\/wp\/v2\/posts\/492669\/revisions"}],"wp:featuredmedia":[{"embeddable":true,"href":"https:\/\/www.europesays.com\/fr\/wp-json\/wp\/v2\/media\/492670"}],"wp:attachment":[{"href":"https:\/\/www.europesays.com\/fr\/wp-json\/wp\/v2\/media?parent=492669"}],"wp:term":[{"taxonomy":"category","embeddable":true,"href":"https:\/\/www.europesays.com\/fr\/wp-json\/wp\/v2\/categories?post=492669"},{"taxonomy":"post_tag","embeddable":true,"href":"https:\/\/www.europesays.com\/fr\/wp-json\/wp\/v2\/tags?post=492669"}],"curies":[{"name":"wp","href":"https:\/\/api.w.org\/{rel}","templated":true}]}}