{"id":492678,"date":"2025-10-27T07:32:14","date_gmt":"2025-10-27T07:32:14","guid":{"rendered":"https:\/\/www.europesays.com\/fr\/492678\/"},"modified":"2025-10-27T07:32:14","modified_gmt":"2025-10-27T07:32:14","slug":"trains-supprimes-voyageurs-transbordes-une-panne-electrique-cause-la-pagaille-dans-le-sud-ouest","status":"publish","type":"post","link":"https:\/\/www.europesays.com\/fr\/492678\/","title":{"rendered":"Trains supprim\u00e9s, voyageurs transbord\u00e9s&#8230; Une panne \u00e9lectrique cause la pagaille dans le Sud-Ouest"},"content":{"rendered":"<p>\n    Un incident a contraint la SNCF \u00e0 supprimer une dizaine de trains dimanche soir, en ce week-end de milieu des vacances de la Toussaint. Une enqu\u00eate doit d\u00e9terminer l\u2019origine de la panne.<\/p>\n<p class=\"fig-paragraph\">Les passagers d&rsquo;un Intercit\u00e9s en panne entre Bordeaux et\u00a0<a href=\"http:\/\/www.lefigaro.fr\/actualite-france\/le-couple-ruine-le-retraite-harcele-et-le-petit-fils-tetu-a-marmande-le-rachat-inespere-d-une-ferme-familiale-20251016\" data-fig-type=\"Article\" data-gtm-custom-categorie=\"navigation\" data-gtm-custom-action=\"crossclick\" data-gtm-custom-label=\"Contextuel\" data-gtm-event=\"customEventSPE\" data-fig-domain=\"LEFIGARO\" target=\"_blank\" rel=\"noopener\">Agen\u00a0<\/a>ont \u00e9t\u00e9 transbord\u00e9s dimanche soir apr\u00e8s avoir \u00e9t\u00e9 bloqu\u00e9s pr\u00e8s de cinq heures sur les voies, un incident qui a provoqu\u00e9 pr\u00e8s d&rsquo;une dizaine de suppressions de trains dans le Sud-Ouest, selon la SNCF.<\/p>\n<p class=\"fig-paragraph\">Le probl\u00e8me d&rsquo;alimentation \u00e9lectrique, a priori cons\u00e9cutif \u00e0 une rupture de cat\u00e9naire, est intervenu vers 18h45 entre Cadaujac et Saint-M\u00e9dard-d&rsquo;Eyrans, deux communes girondines \u00e0 la sortie sud de\u00a0<a href=\"http:\/\/www.lefigaro.fr\/bordeaux\/la-biere-doit-rester-populaire-le-plus-vieux-pub-anglais-de-bordeaux-rachete-par-des-brasseurs-locaux-20251026\" data-fig-type=\"NewsFlash\" data-gtm-custom-categorie=\"navigation\" data-gtm-custom-action=\"crossclick\" data-gtm-custom-label=\"Contextuel\" data-gtm-event=\"customEventSPE\" data-fig-domain=\"LEFIGARO\" target=\"_blank\" rel=\"noopener\">Bordeaux<\/a>, a pr\u00e9cis\u00e9 \u00e0 l&rsquo;AFP une porte-parole de SNCF R\u00e9seau. \u00abOn est en train de transborder les passagers\u00bb du train concern\u00e9, a-t-elle ajout\u00e9 peu avant 23h30.<\/p>\n<p>                                    <a class=\"fig-a11y-skip a11y-hidden\" href=\"#fig-a11y-skip-main-inarticle\"><br \/>\n        Passer la publicit\u00e9<br \/>\n    <\/a><\/p>\n<p class=\"fig-paragraph\">Ils devaient \u00eatre transf\u00e9r\u00e9s dans un autre train et, une fois l&rsquo;op\u00e9ration termin\u00e9e, des travaux devaient \u00eatre effectu\u00e9s dans la nuit pour permettre une reprise normale du trafic lundi matin, a-t-on appris aupr\u00e8s d&rsquo;une porte-parole de SNCF Voyageurs.<\/p>\n<p class=\"fig-paragraph\">Au total, la compagnie ferroviaire a d\u00fb annuler sept TER et deux TGV entre Toulouse et Paris, via Bordeaux, en ce week-end de milieu des vacances de la\u00a0<a href=\"http:\/\/www.lefigaro.fr\/maison\/ces-4-petits-travaux-simples-et-rapides-a-faire-chez-soi-pendant-les-vacances-de-la-toussaint-20251018\" data-fig-type=\"Article\" data-gtm-custom-categorie=\"navigation\" data-gtm-custom-action=\"crossclick\" data-gtm-custom-label=\"Contextuel\" data-gtm-event=\"customEventSPE\" data-fig-domain=\"LEFIGARO\" target=\"_blank\" rel=\"noopener\">Toussaint<\/a>, selon cette m\u00eame source. Une enqu\u00eate doit d\u00e9terminer l&rsquo;origine exacte de cette panne.<\/p>\n","protected":false},"excerpt":{"rendered":"Un incident a contraint la SNCF \u00e0 supprimer une dizaine de trains dimanche soir, en ce week-end de&hellip;\n","protected":false},"author":2,"featured_media":492679,"comment_status":"","ping_status":"","sticky":false,"template":"","format":"standard","meta":{"footnotes":""},"categories":[4],"tags":[11,1011,27,12,10899,25,2215],"class_list":{"0":"post-492678","1":"post","2":"type-post","3":"status-publish","4":"format-standard","5":"has-post-thumbnail","7":"category-france","8":"tag-actualites","9":"tag-fr","10":"tag-france","11":"tag-news","12":"tag-panne","13":"tag-republique-francaise","14":"tag-sncf"},"share_on_mastodon":{"url":"https:\/\/pubeurope.com\/@fr\/115444969916521400","error":""},"_links":{"self":[{"href":"https:\/\/www.europesays.com\/fr\/wp-json\/wp\/v2\/posts\/492678","targetHints":{"allow":["GET"]}}],"collection":[{"href":"https:\/\/www.europesays.com\/fr\/wp-json\/wp\/v2\/posts"}],"about":[{"href":"https:\/\/www.europesays.com\/fr\/wp-json\/wp\/v2\/types\/post"}],"author":[{"embeddable":true,"href":"https:\/\/www.europesays.com\/fr\/wp-json\/wp\/v2\/users\/2"}],"replies":[{"embeddable":true,"href":"https:\/\/www.europesays.com\/fr\/wp-json\/wp\/v2\/comments?post=492678"}],"version-history":[{"count":0,"href":"https:\/\/www.europesays.com\/fr\/wp-json\/wp\/v2\/posts\/492678\/revisions"}],"wp:featuredmedia":[{"embeddable":true,"href":"https:\/\/www.europesays.com\/fr\/wp-json\/wp\/v2\/media\/492679"}],"wp:attachment":[{"href":"https:\/\/www.europesays.com\/fr\/wp-json\/wp\/v2\/media?parent=492678"}],"wp:term":[{"taxonomy":"category","embeddable":true,"href":"https:\/\/www.europesays.com\/fr\/wp-json\/wp\/v2\/categories?post=492678"},{"taxonomy":"post_tag","embeddable":true,"href":"https:\/\/www.europesays.com\/fr\/wp-json\/wp\/v2\/tags?post=492678"}],"curies":[{"name":"wp","href":"https:\/\/api.w.org\/{rel}","templated":true}]}}