{"id":492682,"date":"2025-10-27T07:34:15","date_gmt":"2025-10-27T07:34:15","guid":{"rendered":"https:\/\/www.europesays.com\/fr\/492682\/"},"modified":"2025-10-27T07:34:15","modified_gmt":"2025-10-27T07:34:15","slug":"on-attend-de-vrais-travaux-depuis-longtemps","status":"publish","type":"post","link":"https:\/\/www.europesays.com\/fr\/492682\/","title":{"rendered":"\u00ab\u00a0On attend de vrais travaux depuis longtemps\u00a0\u00bb"},"content":{"rendered":"<p>Difficile d\u2019emprunter l\u2019impasse Tremolin en voiture et d\u2019\u00e9viter tous les trous qui se sont form\u00e9s dans la chauss\u00e9e malgr\u00e9 quelques rafistolages, \u00e7\u00e0 et l\u00e0. \u00ab\u00a0On zigzague, on fait comme on peut\u00a0\u00bb l\u00e2chent plusieurs riverains qui jugent les r\u00e9parations trop rares et qui affichent leur ras-le-bol tant la situation dure. Certains ont m\u00eame ab\u00eem\u00e9 leur voiture \u00e0 force de rouler dans des trous\u2026<\/p>\n<p>\u00ab\u00a0Depuis 2004, la chauss\u00e9e n\u2019a jamais \u00e9t\u00e9 refaite\u00a0\u00bb<\/p>\n<p>Cette habitante se souvient\u00a0: \u00ab\u00a0J\u2019ai achet\u00e9 en 2004 et depuis, la chauss\u00e9e n\u2019a jamais \u00e9t\u00e9 refaite\u00a0\u00bb. Ce que confirme son voisin, estimant m\u00eame que l\u2019enrob\u00e9 est \u00ab\u00a0beaucoup plus vieux que \u00e7a\u00a0\u00bb\u00a0: \u00ab\u00a0Je venais d\u00e9j\u00e0 dans le quartier avant d\u2019y habiter et c\u2019\u00e9tait d\u00e9j\u00e0 comme \u00e7a\u00a0\u00bb. Alors, forc\u00e9ment, les&#8230;<\/p>\n","protected":false},"excerpt":{"rendered":"Difficile d\u2019emprunter l\u2019impasse Tremolin en voiture et d\u2019\u00e9viter tous les trous qui se sont form\u00e9s dans la chauss\u00e9e&hellip;\n","protected":false},"author":2,"featured_media":492683,"comment_status":"","ping_status":"","sticky":false,"template":"","format":"standard","meta":{"footnotes":""},"categories":[9653],"tags":[1111,11,2430,12162,7539,1777,674,1011,27,12161,1908,12,25,4001,104],"class_list":{"0":"post-492682","1":"post","2":"type-post","3":"status-publish","4":"format-standard","5":"has-post-thumbnail","7":"category-saint-etienne","8":"tag-actu","9":"tag-actualites","10":"tag-auvergne-rhone-alpes","11":"tag-chambon-feugerolles-ville","12":"tag-edition-loire-sud","13":"tag-eu","14":"tag-europe","15":"tag-fr","16":"tag-france","17":"tag-le-chambon-feugerolles","18":"tag-logement","19":"tag-news","20":"tag-republique-francaise","21":"tag-saint-etienne","22":"tag-societe"},"share_on_mastodon":{"url":"https:\/\/pubeurope.com\/@fr\/115444978266760839","error":""},"_links":{"self":[{"href":"https:\/\/www.europesays.com\/fr\/wp-json\/wp\/v2\/posts\/492682","targetHints":{"allow":["GET"]}}],"collection":[{"href":"https:\/\/www.europesays.com\/fr\/wp-json\/wp\/v2\/posts"}],"about":[{"href":"https:\/\/www.europesays.com\/fr\/wp-json\/wp\/v2\/types\/post"}],"author":[{"embeddable":true,"href":"https:\/\/www.europesays.com\/fr\/wp-json\/wp\/v2\/users\/2"}],"replies":[{"embeddable":true,"href":"https:\/\/www.europesays.com\/fr\/wp-json\/wp\/v2\/comments?post=492682"}],"version-history":[{"count":0,"href":"https:\/\/www.europesays.com\/fr\/wp-json\/wp\/v2\/posts\/492682\/revisions"}],"wp:featuredmedia":[{"embeddable":true,"href":"https:\/\/www.europesays.com\/fr\/wp-json\/wp\/v2\/media\/492683"}],"wp:attachment":[{"href":"https:\/\/www.europesays.com\/fr\/wp-json\/wp\/v2\/media?parent=492682"}],"wp:term":[{"taxonomy":"category","embeddable":true,"href":"https:\/\/www.europesays.com\/fr\/wp-json\/wp\/v2\/categories?post=492682"},{"taxonomy":"post_tag","embeddable":true,"href":"https:\/\/www.europesays.com\/fr\/wp-json\/wp\/v2\/tags?post=492682"}],"curies":[{"name":"wp","href":"https:\/\/api.w.org\/{rel}","templated":true}]}}