{"id":492686,"date":"2025-10-27T07:36:24","date_gmt":"2025-10-27T07:36:24","guid":{"rendered":"https:\/\/www.europesays.com\/fr\/492686\/"},"modified":"2025-10-27T07:36:24","modified_gmt":"2025-10-27T07:36:24","slug":"bioeconomie-a-nancy-cette-entreprise-transforme-du-chanvre-en-produits-de-bien-etre","status":"publish","type":"post","link":"https:\/\/www.europesays.com\/fr\/492686\/","title":{"rendered":"Bio\u00e9conomie \u00e0 Nancy. Cette entreprise transforme du chanvre en produits de bien-\u00eatre"},"content":{"rendered":"<p>Du chanvre en Lorraine\u00a0? La tendance n\u2019est pas nouvelle et a m\u00eame plut\u00f4t le vent en poupe. Un potentiel de d\u00e9veloppement qu\u2019Adam Houllier, fondateur de Figi Hemp, a su flairer. Le Nanc\u00e9ien n\u2019en est pas \u00e0 son coup d\u2019essai puisqu\u2019il a fond\u00e9 plusieurs entreprises auparavant et a notamment travaill\u00e9 dans la vente de mat\u00e9riel m\u00e9dical. Bas\u00e9e \u00e0 Nancy, l\u2019entreprise, cr\u00e9\u00e9e en 2023, se concentre sur la culture\u00a0biologique\u00a0du chanvre et la production de produits \u00e0\u00a0spectre complet (conservant l\u2019ensemble des cannabino\u00efdes, y compris un faible taux de THC), qu\u2019il juge plus efficaces que les produits \u00e0 isolat, habituellement vendus. \u00ab\u00a0On va ainsi\u00a0conserver l\u2019ensemble des propri\u00e9t\u00e9s de la plante.\u00a0\u00bb<\/p>\n<blockquote class=\"wp-block-quote is-layout-flow wp-block-quote-is-layout-flow\">\n<p>\u00ab\u00a0Le taux de THC est inf\u00e9rieur \u00e0 0,3\u00a0%. Il n\u2019y a donc pas d\u2019effet psychotrope\u00a0ni d\u2019addiction.\u00a0\u00bb<\/p>\n<p>Adam Houllier, fondateur de Figi Hemp.<\/p><\/blockquote>\n<p>Figi Hemp propose exclusivement des produits ax\u00e9s autour de la notion de bien-\u00eatre\u00a0: infusions, compl\u00e9ments alimentaires, baume, huiles\u2026 La marque est pr\u00e9sente au sein d\u2019enseignes partenaires telles que Naturalia et Biocoop ainsi que certaines officines. Avec la particularit\u00e9 que l\u2019entrepreneur g\u00e8re l\u2019ensemble de la cha\u00eene de valeur, de la graine au flacon. Il cultive lui-m\u00eame ses plants de chanvre sur plusieurs parcelles localis\u00e9es dans les alentours de la colline de Sion et r\u00e9alise ses recettes dans son laboratoire nanc\u00e9ien. \u00ab\u00a0Tous les produits Figi Hemp sont certifi\u00e9s par un toxicologue.\u00a0\u00bb Car il s\u2019agit en effet d\u2019une pratique extr\u00eamement r\u00e9glement\u00e9e. \u00ab\u00a0J\u2019ach\u00e8te uniquement des graines enregistr\u00e9es au catalogue europ\u00e9en des semences.\u00a0\u00bb Car on pourrait parfois se demander\u00a0; cannabis et <a href=\"https:\/\/www.lasemaine.fr\/non-classe\/bio-sourcee-feminine-a-nancy-une-autre-approche-du-cbd\/\" data-type=\"post\" data-id=\"225632\" rel=\"nofollow noopener\" target=\"_blank\">CBD<\/a>, quelle diff\u00e9rence finalement\u00a0? \u00ab\u00a0Le taux de THC est inf\u00e9rieur \u00e0 0,3\u00a0%. Il n\u2019y a donc pas d\u2019effet psychotrope, ni d\u2019addiction.\u00a0\u00bb Pour confectionner ses produits, Adam Houllier utilise ce que l\u2019on appelle commun\u00e9ment la \u00ab\u00a0fleur\u00a0\u00bb du chanvre. Les tiges et les feuilles, inutilis\u00e9es, sont r\u00e9cup\u00e9r\u00e9es pour fabriquer de l\u2019isolant.<\/p>\n<p>Il vient tout juste de rejoindre la promotion 2025 du Village by CA Lorraine (install\u00e9 dans le b\u00e2timent Orbor \u00e0 Nancy). Une int\u00e9gration qui devrait lui faire profiter du vaste r\u00e9seau offert par l\u2019acc\u00e9l\u00e9rateur de start-up, d\u2019autant plus que chaque antenne locale est en lien avec les autres. Car Adam Houllier est plein d\u2019ambition. \u00c0 moyen terme, il souhaite externaliser sa production en s\u2019appuyant sur des partenariats avec des agriculteurs bio. \u00ab\u00a0Cela me permettrait de me concentrer \u00e0 100\u00a0% sur l\u2019aspect recherche et d\u00e9veloppement.\u00a0\u00bb En parall\u00e8le, il souhaite \u00e9galement \u00e9largir son offre. En pr\u00e9paration\u00a0: une gamme de cosm\u00e9tiques (anti-\u00e2ge et anti-inflammation) et des infusions m\u00e9langeant CBD et autres plantes (menthe, verveine, r\u00e9glisse,\u00a0etc.) qui devraient \u00eatre commercialis\u00e9es prochainement.<\/p>\n<p>Bienfaits et tabous<\/p>\n<p>Une id\u00e9e qui lui est venue \u00ab\u00a0un peu par hasard\u00a0\u00bb, comme il l\u2019explique sobrement. Suite \u00e0 un accident qui lui a valu une fracture de la hanche, il se retrouve alit\u00e9 pendant trois mois. Une situation qui a fortement affect\u00e9 sa sant\u00e9 mentale. C\u2019est \u00e0 ce moment-l\u00e0 qu\u2019il d\u00e9couvre les bienfaits du CBD. \u00ab\u00a0\u00c7a m\u2019a aid\u00e9 \u00e0 lutter contre la douleur, car je prenais des m\u00e9dicaments assez puissants, et \u00e7a a grandement am\u00e9lior\u00e9 ma sant\u00e9 mentale. Je me suis alors dit qu\u2019il y avait quelque chose \u00e0 faire.\u00a0\u00bb<\/p>\n<p>Le nom de l\u2019entreprise est un hommage \u00e0 Charlotte Figi, une petite fille am\u00e9ricaine atteinte du syndrome de Dravet, une forme d\u2019\u00e9pilepsie rare et incapacitante. Depuis son plus jeune \u00e2ge, elle souffrait de centaines de crises d\u2019\u00e9pilepsie par jour et les traitements m\u00e9dicaux classiques s\u2019av\u00e9raient inefficaces. Crises qui ont consid\u00e9rablement diminu\u00e9 gr\u00e2ce \u00e0 des soins \u00e0 base d\u2019huile de CBD. Son histoire a fait d\u2019elle une figure embl\u00e9matique dans la lutte pour l\u2019acc\u00e8s au CBD th\u00e9rapeutique et a fait l\u2019objet de plusieurs documentaires et ouvrages universitaires sur le sujet. Il l\u2019assure, les bienfaits des produits \u00e0 base de chanvre sont nombreux\u00a0: r\u00e9duction du stress, am\u00e9lioration du sommeil, meilleure r\u00e9cup\u00e9ration musculaire, diminution de certaines douleurs\u2026 Malheureusement, les tabous autour de cette plante sont encore nombreux, regrette-t-il.<\/p>\n","protected":false},"excerpt":{"rendered":"Du chanvre en Lorraine\u00a0? La tendance n\u2019est pas nouvelle et a m\u00eame plut\u00f4t le vent en poupe. Un&hellip;\n","protected":false},"author":2,"featured_media":492687,"comment_status":"","ping_status":"","sticky":false,"template":"","format":"standard","meta":{"footnotes":""},"categories":[9635],"tags":[1111,11,1777,674,1011,27,775,1702,12,25],"class_list":{"0":"post-492686","1":"post","2":"type-post","3":"status-publish","4":"format-standard","5":"has-post-thumbnail","7":"category-nancy","8":"tag-actu","9":"tag-actualites","10":"tag-eu","11":"tag-europe","12":"tag-fr","13":"tag-france","14":"tag-grand-est","15":"tag-nancy","16":"tag-news","17":"tag-republique-francaise"},"share_on_mastodon":{"url":"https:\/\/pubeurope.com\/@fr\/115444985783687579","error":""},"_links":{"self":[{"href":"https:\/\/www.europesays.com\/fr\/wp-json\/wp\/v2\/posts\/492686","targetHints":{"allow":["GET"]}}],"collection":[{"href":"https:\/\/www.europesays.com\/fr\/wp-json\/wp\/v2\/posts"}],"about":[{"href":"https:\/\/www.europesays.com\/fr\/wp-json\/wp\/v2\/types\/post"}],"author":[{"embeddable":true,"href":"https:\/\/www.europesays.com\/fr\/wp-json\/wp\/v2\/users\/2"}],"replies":[{"embeddable":true,"href":"https:\/\/www.europesays.com\/fr\/wp-json\/wp\/v2\/comments?post=492686"}],"version-history":[{"count":0,"href":"https:\/\/www.europesays.com\/fr\/wp-json\/wp\/v2\/posts\/492686\/revisions"}],"wp:featuredmedia":[{"embeddable":true,"href":"https:\/\/www.europesays.com\/fr\/wp-json\/wp\/v2\/media\/492687"}],"wp:attachment":[{"href":"https:\/\/www.europesays.com\/fr\/wp-json\/wp\/v2\/media?parent=492686"}],"wp:term":[{"taxonomy":"category","embeddable":true,"href":"https:\/\/www.europesays.com\/fr\/wp-json\/wp\/v2\/categories?post=492686"},{"taxonomy":"post_tag","embeddable":true,"href":"https:\/\/www.europesays.com\/fr\/wp-json\/wp\/v2\/tags?post=492686"}],"curies":[{"name":"wp","href":"https:\/\/api.w.org\/{rel}","templated":true}]}}