{"id":492688,"date":"2025-10-27T07:38:34","date_gmt":"2025-10-27T07:38:34","guid":{"rendered":"https:\/\/www.europesays.com\/fr\/492688\/"},"modified":"2025-10-27T07:38:34","modified_gmt":"2025-10-27T07:38:34","slug":"on-vous-dit-ou-et-quand-5","status":"publish","type":"post","link":"https:\/\/www.europesays.com\/fr\/492688\/","title":{"rendered":"on vous dit o\u00f9 et quand"},"content":{"rendered":"<p>            Par<br \/>\n        <strong><br \/>\n            <a href=\"https:\/\/actu.fr\/auteur\/pierre-emile-bouchy-actu-fr\" title=\"Consulter tous les articles de Paul-Emile Bouchy\" target=\"_blank\" rel=\"noopener\">Paul-Emile Bouchy<\/a><br \/>\n        <\/strong><\/p>\n<p>        Publi\u00e9 le<\/p>\n<p>            27 oct. 2025 \u00e0 7h02        <\/p>\n<p>Depuis quelques semaines, <a href=\"https:\/\/actu.fr\/societe\/carte-la-grippe-repart-en-france-voici-les-departements-les-plus-touches-par-le-virus_63292847.html\" target=\"_blank\" rel=\"noopener\">la grippe repart en France<\/a>. La campagne de vaccination a d\u00e9marr\u00e9 depuis le mardi 14\u00a0octobre 2025 avec <a href=\"https:\/\/actu.fr\/societe\/grippe-la-campagne-de-vaccination-debute-ce-mardi-c-est-quoi-ces-deux-nouveaux-vaccins-ameliores_63290881.html\" target=\"_blank\" rel=\"noopener\">deux nouveaux vaccins \u00ab\u2009am\u00e9lior\u00e9s\u2009\u00bb<\/a>.<\/p>\n<p class=\" wall-content\">Pour contenir la propagation du virus, <a href=\"https:\/\/actu.fr\/societe\/grippe-la-campagne-de-vaccination-debute-ce-mardi-c-est-quoi-ces-deux-nouveaux-vaccins-ameliores_63290881.html\" target=\"_blank\" rel=\"noopener\">trois centres de vaccinations gratuits vont bient\u00f4t ouvrir dans le Grand Nancy<\/a>. On vous dit tout.<\/p>\n<p>Trois centres de vaccination ouverts gratuitement pendant trois jours<\/p>\n<p class=\" wall-content\"><strong>Vendredi 31\u00a0octobre, samedi 1\u1d49\u02b3 et dimanche 2\u00a0novembre<\/strong>, trois centres de vaccination gratuits seront ouverts dans la m\u00e9tropole du Grand Nancy\u2009: <strong>\u00e0 l\u2019h\u00f4tel de ville de Nancy, au pavillon de l\u2019Orangerie sur le plateau de Haye et au foyer Foch d\u2019Essey-l\u00e8s-Nancy<\/strong>.<\/p>\n<p class=\" wall-content\">Ces centres seront ouverts aux horaires suivants\u2009:<\/p>\n<ul class=\" wall-content\">\n<li>vendredi de 16h \u00e0 20h\u2009;<\/li>\n<li>samedi de 13h \u00e0 18h\u2009;<\/li>\n<li>dimanche de 9h \u00e0 13h.<\/li>\n<\/ul>\n<p>Une vaccination pour les personnes fragiles<\/p>\n<p class=\" wall-content\">Ce dispositif est <strong>ouvert aux plus de 65\u00a0ans et aux personnes \u00e0 risque<\/strong>.<\/p>\n<p class=\" wall-content\">Comme le rappelle la M\u00e9tropole du Grand Nancy, il est recommand\u00e9 pour se faire vacciner d<strong>\u2019aller en priorit\u00e9 chez un m\u00e9decin g\u00e9n\u00e9raliste ou dans une pharmacie<\/strong>. Les centres de vaccination arrivent dans un second temps.<\/p>\n<p class=\" wall-content\">Personnalisez votre actualit\u00e9 en ajoutant vos villes et m\u00e9dias en favori avec <a href=\"https:\/\/moncompte.actu.fr\" title=\"D\u00e9couvez Mon Actu\" rel=\"nofollow noopener\" data-trk=\"{&quot;cta&quot;:{&quot;action&quot;:&quot;https:\\\/\\\/moncompte.actu.fr&quot;,&quot;category&quot;:&quot;mon compte&quot;,&quot;from&quot;:&quot;article footer&quot;,&quot;name&quot;:&quot;Mon actu&quot;,&quot;type&quot;:&quot;cta&quot;}}\" target=\"_blank\">Mon Actu<\/a>.<\/p>\n","protected":false},"excerpt":{"rendered":"Par Paul-Emile Bouchy Publi\u00e9 le 27 oct. 2025 \u00e0 7h02 Depuis quelques semaines, la grippe repart en France.&hellip;\n","protected":false},"author":2,"featured_media":492689,"comment_status":"","ping_status":"","sticky":false,"template":"","format":"standard","meta":{"footnotes":""},"categories":[9635],"tags":[1111,11,1777,674,1011,27,775,29786,1702,12,25,71,104],"class_list":{"0":"post-492688","1":"post","2":"type-post","3":"status-publish","4":"format-standard","5":"has-post-thumbnail","7":"category-nancy","8":"tag-actu","9":"tag-actualites","10":"tag-eu","11":"tag-europe","12":"tag-fr","13":"tag-france","14":"tag-grand-est","15":"tag-grippe","16":"tag-nancy","17":"tag-news","18":"tag-republique-francaise","19":"tag-sante","20":"tag-societe"},"share_on_mastodon":{"url":"https:\/\/pubeurope.com\/@fr\/115444993406531898","error":""},"_links":{"self":[{"href":"https:\/\/www.europesays.com\/fr\/wp-json\/wp\/v2\/posts\/492688","targetHints":{"allow":["GET"]}}],"collection":[{"href":"https:\/\/www.europesays.com\/fr\/wp-json\/wp\/v2\/posts"}],"about":[{"href":"https:\/\/www.europesays.com\/fr\/wp-json\/wp\/v2\/types\/post"}],"author":[{"embeddable":true,"href":"https:\/\/www.europesays.com\/fr\/wp-json\/wp\/v2\/users\/2"}],"replies":[{"embeddable":true,"href":"https:\/\/www.europesays.com\/fr\/wp-json\/wp\/v2\/comments?post=492688"}],"version-history":[{"count":0,"href":"https:\/\/www.europesays.com\/fr\/wp-json\/wp\/v2\/posts\/492688\/revisions"}],"wp:featuredmedia":[{"embeddable":true,"href":"https:\/\/www.europesays.com\/fr\/wp-json\/wp\/v2\/media\/492689"}],"wp:attachment":[{"href":"https:\/\/www.europesays.com\/fr\/wp-json\/wp\/v2\/media?parent=492688"}],"wp:term":[{"taxonomy":"category","embeddable":true,"href":"https:\/\/www.europesays.com\/fr\/wp-json\/wp\/v2\/categories?post=492688"},{"taxonomy":"post_tag","embeddable":true,"href":"https:\/\/www.europesays.com\/fr\/wp-json\/wp\/v2\/tags?post=492688"}],"curies":[{"name":"wp","href":"https:\/\/api.w.org\/{rel}","templated":true}]}}