{"id":492690,"date":"2025-10-27T07:41:24","date_gmt":"2025-10-27T07:41:24","guid":{"rendered":"https:\/\/www.europesays.com\/fr\/492690\/"},"modified":"2025-10-27T07:41:24","modified_gmt":"2025-10-27T07:41:24","slug":"mathis-ferte-seule-fierte-de-la-soiree-de-toulon-contre-toulouse","status":"publish","type":"post","link":"https:\/\/www.europesays.com\/fr\/492690\/","title":{"rendered":"Mathis Fert\u00e9, seule fiert\u00e9 de la soir\u00e9e de Toulon contre Toulouse"},"content":{"rendered":"<p class=\"fs-5 \">Jouer au Stadium de Toulouse est rarement synonyme de match r\u00eav\u00e9 pour un ailier adverse. \u00c0 l\u2019accoutum\u00e9e, la tendance est plus aux chevauch\u00e9es des pur-sang haut-garonnais. Le tripl\u00e9 inscrit par Juan Cruz Mallia l\u2019a d\u2019ailleurs bien illustr\u00e9.<\/p>\n<p class=\"fs-5 \">Pourtant, dans la difficile soir\u00e9e varoise, un joueur a pu se distinguer. Un ailier, donc. Pas le plus grand (1,71 m), pas le plus costaud (76 kg)\u2026 Mais sans aucun doute le plus vif et le plus efficace du camp toulonnais, dimanche soir.<\/p>\n<p class=\"fs-5 \">Ce joueur de poche, biberonn\u00e9 au rugby dans le Lot, \u00e0 Luzech et Cahors, puis en Corr\u00e8ze, du c\u00f4t\u00e9 de Brive, n\u2019a que 21 printemps. Il se nomme Mathis Fert\u00e9.<\/p>\n<p class=\"fs-5 \">Depuis son arriv\u00e9e sur la rade l\u2019\u00e9t\u00e9 dernier, \u00e0 l\u2019exception d\u2019un \u00ab presque essai \u00bb au Michelin, il n\u2019avait eu que peu d\u2019occasions de s\u2019illustrer.<\/p>\n<p class=\"fs-5 \">Et si, dans la Ville rose, son nombre de ballons touch\u00e9s n\u2019a pas \u00e9t\u00e9 bien plus \u00e9lev\u00e9, cela lui a cette fois bien suffi.<\/p>\n<p class=\"fs-5 \">\u00c0 la 53e minute de la rencontre, Toulon est d\u00e9j\u00e0 largement men\u00e9 lorsque le petit format sort une premi\u00e8re fois de sa bo\u00eete. C\u2019est Clovis Le Bail qui le sert en bord de touche. Sur son aile, Fert\u00e9 est bien seul. D\u2019un crochet int\u00e9rieur \u00e9lectrique, il repique n\u00e9anmoins dans l\u2019axe \u00e0 la recherche d\u2019un trou de souris. Bien vu.<\/p>\n<p>                                                                                Un doubl\u00e9 en dix minutes<\/p>\n<p class=\"fs-5 \">Avec sa vivacit\u00e9, le trois-quarts des Rouge et Noir \u00e9chappe \u00e0 Teddy Thomas et \u00e0 deux avants pour finir sa course dans l\u2019en-but, apr\u00e8s une course d\u2019une vingtaine de m\u00e8tres. Pierre Mignoni peut applaudir. Son prot\u00e9g\u00e9, capable d\u2019\u00e9voluer aussi bien \u00e0 l\u2019aile qu\u2019\u00e0 la m\u00eal\u00e9e ou \u00e0 l\u2019arri\u00e8re, vient de d\u00e9bloquer son compteur d\u2019essais avec son nouveau club. Le coup d\u2019un soir, se dit-on alors, tant les munitions se font rares pour les chevaux de course visiteurs.<\/p>\n<p class=\"fs-5 \">Et pourtant. Une dizaine de minutes plus tard, le ballon gicle d\u2019un ruck en direction de Mat\u00e9o Garcia. Servi \u00e0 son tour, Sinzelle met sur orbite Jaminet\u2026 qui fixe et sert Fert\u00e9. \u00c0 pleine vitesse, le couteau suisse est inarr\u00eatable. Teddy Thomas et Thomas Ramos vous le diront. \u00ab P\u00e9pino \u00bb s\u2019offre un doubl\u00e9 au terme du sprint (64e).<\/p>\n<p class=\"fs-5 \">Alors, \u00e0 l\u2019arriv\u00e9e, dans les valises bien lourdes de Toulon, ce joli doubl\u00e9 ne p\u00e8se \u00e9videmment pas grand-chose. Le club varois a \u00e9t\u00e9 balay\u00e9. Mais, d\u00e9sormais, tandis que Ga\u00ebl Dr\u00e9an est d\u00e9j\u00e0 lanc\u00e9 pleine balle cette saison avec quatre essais, il sait qu\u2019il pourra peut-\u00eatre compter sur un serial marqueur de plus.<\/p>\n<p class=\"fs-5 \">Champion du monde U20 en 2023, le couteau suisse Fert\u00e9 reste, certes, \u00e0 \u00eatre aiguis\u00e9. Mais ses deux coups tranchants du soir lui ont au moins permis de mettre un coup de projecteur sur ses quelques \u00e9normes qualit\u00e9s.<\/p>\n","protected":false},"excerpt":{"rendered":"Jouer au Stadium de Toulouse est rarement synonyme de match r\u00eav\u00e9 pour un ailier adverse. \u00c0 l\u2019accoutum\u00e9e, la&hellip;\n","protected":false},"author":2,"featured_media":492691,"comment_status":"","ping_status":"","sticky":false,"template":"","format":"standard","meta":{"footnotes":""},"categories":[9619],"tags":[1111,11,1777,674,1011,27,12,882,3461,25,2310],"class_list":{"0":"post-492690","1":"post","2":"type-post","3":"status-publish","4":"format-standard","5":"has-post-thumbnail","7":"category-toulon","8":"tag-actu","9":"tag-actualites","10":"tag-eu","11":"tag-europe","12":"tag-fr","13":"tag-france","14":"tag-news","15":"tag-provence-alpes-cote-dazur","16":"tag-rct","17":"tag-republique-francaise","18":"tag-toulon"},"share_on_mastodon":{"url":"https:\/\/pubeurope.com\/@fr\/115445005162801516","error":""},"_links":{"self":[{"href":"https:\/\/www.europesays.com\/fr\/wp-json\/wp\/v2\/posts\/492690","targetHints":{"allow":["GET"]}}],"collection":[{"href":"https:\/\/www.europesays.com\/fr\/wp-json\/wp\/v2\/posts"}],"about":[{"href":"https:\/\/www.europesays.com\/fr\/wp-json\/wp\/v2\/types\/post"}],"author":[{"embeddable":true,"href":"https:\/\/www.europesays.com\/fr\/wp-json\/wp\/v2\/users\/2"}],"replies":[{"embeddable":true,"href":"https:\/\/www.europesays.com\/fr\/wp-json\/wp\/v2\/comments?post=492690"}],"version-history":[{"count":0,"href":"https:\/\/www.europesays.com\/fr\/wp-json\/wp\/v2\/posts\/492690\/revisions"}],"wp:featuredmedia":[{"embeddable":true,"href":"https:\/\/www.europesays.com\/fr\/wp-json\/wp\/v2\/media\/492691"}],"wp:attachment":[{"href":"https:\/\/www.europesays.com\/fr\/wp-json\/wp\/v2\/media?parent=492690"}],"wp:term":[{"taxonomy":"category","embeddable":true,"href":"https:\/\/www.europesays.com\/fr\/wp-json\/wp\/v2\/categories?post=492690"},{"taxonomy":"post_tag","embeddable":true,"href":"https:\/\/www.europesays.com\/fr\/wp-json\/wp\/v2\/tags?post=492690"}],"curies":[{"name":"wp","href":"https:\/\/api.w.org\/{rel}","templated":true}]}}