{"id":492692,"date":"2025-10-27T07:43:23","date_gmt":"2025-10-27T07:43:23","guid":{"rendered":"https:\/\/www.europesays.com\/fr\/492692\/"},"modified":"2025-10-27T07:43:23","modified_gmt":"2025-10-27T07:43:23","slug":"le-grand-ecart-entre-toulouse-et-toulon-au-stadium","status":"publish","type":"post","link":"https:\/\/www.europesays.com\/fr\/492692\/","title":{"rendered":"le grand \u00e9cart entre Toulouse et Toulon au Stadium"},"content":{"rendered":"<p class=\"fs-5 \">Depuis vendredi matin et cette maudite sonnerie du r\u00e9veil, les Toulonnais pleurent le d\u00e9c\u00e8s du plus Grand d\u2019entre eux. Dimanche soir au Stadium, la bande \u00e0 Mignoni aura tent\u00e9 de l\u2019imiter. P\u00e9niblement, avec ses armes du soir. Avec une \u00e9quipe remani\u00e9e, faite de rotations, au c\u0153ur d\u2019une 8e journ\u00e9e de Top 14 presque sans saveur, et avant une double r\u00e9ception \u00e0 Mayol.<\/p>\n<p class=\"fs-5 \">Malheureusement, ni la fougue des premi\u00e8res minutes, ni l\u2019entr\u00e9e du banc, n\u2019aura r\u00e9ellement permis de surnager. L\u2019anecdotique doubl\u00e9 de Mathis Fert\u00e9, pour ses deux premiers essais sous ses nouvelles couleurs (53e et 64e, lire en page suivante), n\u2019y changera rien. L\u2019\u00e9cart avec le champion en titre \u00e9tait trop grand. Le score abyssal de 59 \u00e0 24, comme les huit essais encaiss\u00e9s, ne peuvent qu\u2019en attester. Mais ce constat refl\u00e8te-t-il pour autant le tel foss\u00e9 entre les deux clubs ? Non.<\/p>\n<p>                                                                                Premier contre assassin<\/p>\n<p class=\"fs-5 \">Rajeuni, moins exp\u00e9riment\u00e9, ce Toulon a pourtant tent\u00e9&#8230; de tenter. Face au ma\u00eetre du jeu toulousain, fallait-il justement le provoquer, ou l\u2019attendre ? L\u2019approche n\u2019est jamais \u00e9vidente \u00e0 doser. Face au dilemme, les co\u00e9quipiers du remuant Mathieu Sma\u00efli avaient fait un choix clair : l\u2019audace. Au moins sur les premi\u00e8res minutes.<\/p>\n<p class=\"fs-5 \">Mais, face \u00e0 une telle \u00e9quipe, la moindre erreur peut s\u2019av\u00e9rer fatale. Dimanche soir, ce jeune Toulon l\u2019a (encore) appris \u00e0 ses d\u00e9pens. Et ce, d\u00e8s la 6e minute, lorsqu\u2019en volleyant par deux fois maladroitement le ballon, Marius Domon mettait en difficult\u00e9 J\u00e9r\u00e9my Sinzelle, qui se faisait intercepter par Juan Cruz Mall\u00eda. Le coup aurait pu \u00eatre gagnant \u00e0 l\u2019ext\u00e9rieur\u2026 Il n\u2019en sera rien. Un contre assassin et 80 m\u00e8tres plus loin, le RCT encaissait ses premiers points (7-0).<\/p>\n<p>                                                                                Un jaune, deux essais<\/p>\n<p class=\"fs-5 \">Pour la forme, l\u2019Argentin \u00e9teindra (d\u00e9j\u00e0) d\u00e9finitivement les lumi\u00e8res varoises, seulement sept petites minutes apr\u00e8s la reprise (31-3). Avant de tripler m\u00eame la mise \u00e0 la 62e minute, faisant totalement exploser le RCT (45-3).<\/p>\n<p class=\"fs-5 \">Mais le match s\u2019est jou\u00e9 bien plus t\u00f4t, hier soir. Quand sur sa troisi\u00e8me faute, ce coup-ci pour antijeu, Swan Rebbadj \u00e9cope d\u2019un carton jaune (28e). D\u00e9j\u00e0 domin\u00e9 dans le jeu courant, Toulon vacille imm\u00e9diatement. En sup\u00e9riorit\u00e9 num\u00e9rique, Toulouse d\u00e9cide d\u2019aller en touche. Un choix gagnant. Marchand plante une premi\u00e8re banderille (17-3, 30e) avant de voir Romain Ntamack d\u00e9j\u00e0 d\u00e9crocher ce Toulon-l\u00e0 (24-3, 38e), r\u00e9duit \u00e0 quatorze.<\/p>\n<p>                                                                                Deux r\u00e9ceptions vitales<\/p>\n<p class=\"fs-5 \">Jamais les hommes de Pierre Mignoni ne s\u2019en remettront. Et leur indiscipline chronique, symbolis\u00e9e par les deux autres cartons jaunes de Ma\u2019a Nonu (62e) et Jo\u00e9 Quere-Karaba (73e), n\u2019a rien arrang\u00e9.<\/p>\n<p class=\"fs-5 \">Au Stadium, les co\u00e9quipiers de Charles Ollivon n\u2019ont tout simplement pas \u00e9t\u00e9 invit\u00e9s. Et apr\u00e8s le cinglant 57-5 de la saison derni\u00e8re, ils repartent une nouvelle fois avec les valises pleines, 59-24. Difficile de construire sur cette gifle. M\u00eame si, au fond, l\u2019essentiel est s\u00fbrement ailleurs. Les deux prochaines r\u00e9ceptions de Lyon et La Rochelle s\u2019annoncent vitales pour s\u2019installer, avant la tr\u00eave, dans le bon wagon. Essayons de garder \u00e7a en t\u00eate, ce lundi matin.<\/p>\n","protected":false},"excerpt":{"rendered":"Depuis vendredi matin et cette maudite sonnerie du r\u00e9veil, les Toulonnais pleurent le d\u00e9c\u00e8s du plus Grand d\u2019entre&hellip;\n","protected":false},"author":2,"featured_media":492693,"comment_status":"","ping_status":"","sticky":false,"template":"","format":"standard","meta":{"footnotes":""},"categories":[9619],"tags":[1111,11,1777,674,1011,27,12,882,3461,25,2310],"class_list":{"0":"post-492692","1":"post","2":"type-post","3":"status-publish","4":"format-standard","5":"has-post-thumbnail","7":"category-toulon","8":"tag-actu","9":"tag-actualites","10":"tag-eu","11":"tag-europe","12":"tag-fr","13":"tag-france","14":"tag-news","15":"tag-provence-alpes-cote-dazur","16":"tag-rct","17":"tag-republique-francaise","18":"tag-toulon"},"share_on_mastodon":{"url":"https:\/\/pubeurope.com\/@fr\/115445013050483459","error":""},"_links":{"self":[{"href":"https:\/\/www.europesays.com\/fr\/wp-json\/wp\/v2\/posts\/492692","targetHints":{"allow":["GET"]}}],"collection":[{"href":"https:\/\/www.europesays.com\/fr\/wp-json\/wp\/v2\/posts"}],"about":[{"href":"https:\/\/www.europesays.com\/fr\/wp-json\/wp\/v2\/types\/post"}],"author":[{"embeddable":true,"href":"https:\/\/www.europesays.com\/fr\/wp-json\/wp\/v2\/users\/2"}],"replies":[{"embeddable":true,"href":"https:\/\/www.europesays.com\/fr\/wp-json\/wp\/v2\/comments?post=492692"}],"version-history":[{"count":0,"href":"https:\/\/www.europesays.com\/fr\/wp-json\/wp\/v2\/posts\/492692\/revisions"}],"wp:featuredmedia":[{"embeddable":true,"href":"https:\/\/www.europesays.com\/fr\/wp-json\/wp\/v2\/media\/492693"}],"wp:attachment":[{"href":"https:\/\/www.europesays.com\/fr\/wp-json\/wp\/v2\/media?parent=492692"}],"wp:term":[{"taxonomy":"category","embeddable":true,"href":"https:\/\/www.europesays.com\/fr\/wp-json\/wp\/v2\/categories?post=492692"},{"taxonomy":"post_tag","embeddable":true,"href":"https:\/\/www.europesays.com\/fr\/wp-json\/wp\/v2\/tags?post=492692"}],"curies":[{"name":"wp","href":"https:\/\/api.w.org\/{rel}","templated":true}]}}